{"id":154319,"date":"2025-05-31T14:14:11","date_gmt":"2025-05-31T14:14:11","guid":{"rendered":"https:\/\/www.europesays.com\/de\/154319\/"},"modified":"2025-05-31T14:14:11","modified_gmt":"2025-05-31T14:14:11","slug":"nordrhein-westfalen-demos-in-muenster-waffenverbot-am-bahnhof-und-verkehrsbehinderungen","status":"publish","type":"post","link":"https:\/\/www.europesays.com\/de\/154319\/","title":{"rendered":"Nordrhein-Westfalen: Demos in M\u00fcnster: Waffenverbot am Bahnhof und Verkehrsbehinderungen"},"content":{"rendered":"<p class=\"metatextline\">Stand: 31.05.2025 15:07 Uhr<\/p>\n<p class=\"textabsatz columns twelve  m-ten  m-offset-one l-eight l-offset-two\">\n        <strong>In M\u00fcnster haben am Samstagmittag mehrere Demonstrationen begonnen. Der Verkehr in der Innenstadt ist behindert.<\/strong>\n    <\/p>\n<p class=\"textabsatz m-ten m-offset-one l-eight l-offset-two columns twelve\">\nEigentlich sollte um 14 Uhr eine Kundgebung mit einem Demonstrationszug des B\u00fcndnisses &#8222;Gemeinsam f\u00fcr Deutschland&#8220; in der Innenstadt von M\u00fcnster starten. Mehrere Gegendemonstranten gelangten aber auf die Stra\u00dfe und verz\u00f6gerten den Beginn mit einer Sitzblockade.<\/p>\n<p class=\"textabsatz m-ten m-offset-one l-eight l-offset-two columns twelve\">\nDie Polizei musste eine Zeitlang beraten, ob sie die Stra\u00dfe frei r\u00e4umen oder eine alternative Route finden sollte. Letztendlich wurde ein anderer Weg gew\u00e4hlt. Um kurz nach 15 Uhr ging es dann los. Angemeldet war die Demo mit 1.000 Teilnehmern, gekommen waren aber nur rund 60. \u00a0<\/p>\n<p>    Polizei-Unterst\u00fczung aus ganz NRW<\/p>\n<p class=\"textabsatz m-ten m-offset-one l-eight l-offset-two columns twelve\">\nDie Polizei in M\u00fcnster bekommt f\u00fcr Samstag Unterst\u00fctzung aus vielen weiteren Landesteilen. So will sie sicherstellen, dass alle Demos und Kundgebungen planm\u00e4\u00dfig und idealerweise st\u00f6rungsfrei verlaufen. Das ist wegen der unterschiedlichen politischen Richtungen eine Herausforderung.<\/p>\n<p class=\"textabsatz m-ten m-offset-one l-eight l-offset-two columns twelve\">\nParallel finden beispielsweise unter der \u00dcberschrift: &#8222;Willkommenskultur M\u00fcnster \u2013 Nazis verabschieden&#8220; gleich f\u00fcnf Gegendemos statt: am Servatiiplatz, am Ludgeriplatz, am Bahnhofsvorplatz, an der Engelstra\u00dfe und an der Hafenstra\u00dfe. Die Polizei hat sich auf mehrere tausend Teilnehmer eingestellt.<\/p>\n<p>    Verbote gelten schon seit Freitag<\/p>\n<p class=\"textabsatz m-ten m-offset-one l-eight l-offset-two columns twelve\">\nAuch das Bahnhofsumfeld ist betroffen. Am Bahnhof selbst gilt ein Waffen-, Glas- und Alkoholverbot. Die Allgemeinverf\u00fcgung gilt bereits seit Freitag und f\u00fcr das gesamte Wochenende. Und auf Demos sind Waffen und gef\u00e4hrliche Gegenst\u00e4nde generell verboten.<\/p>\n<p class=\"textabsatz m-ten m-offset-one l-eight l-offset-two columns twelve\">\nBesucher der Stadt m\u00fcssen sich auf l\u00e4ngere Stra\u00dfensperrungen, wie auch Umleitungen von Buslinien einstellen. Bei den Bussen trifft es Innenstadtlinien, aber auch \u00fcber\u00f6rtliche Regionalbusse. F\u00fcr die Zeit von 12 bis 20 Uhr am Samstag haben die Stadtwerke M\u00fcnster einen gesonderten Fahrplan herausgegeben.<\/p>\n<p>    Wer kann, sollte ausweichen<\/p>\n<p class=\"textabsatz m-ten m-offset-one l-eight l-offset-two columns twelve\">\nDie Polizei r\u00e4t: Autofahrer sollten das Zentrum von M\u00fcnster am Samstag weitr\u00e4umig umfahren. Und wer mit Zug oder Bahn in der Stadt unterwegs ist, muss sich darauf einstellen, dass es sehr voll sein wird. Die Polizei M\u00fcnster will auf ihren Social-Media-Kan\u00e4len \u00fcber die jeweils aktuelle Situation informieren.<\/p>\n<p>    Unsere Quellen:<\/p>\n<ul class=\"bulletpoint-list \">\n<li>Polizei M\u00fcnster<\/li>\n<li>Stadtwerke M\u00fcnster<\/li>\n<li>Reporter vor Ort<\/li>\n<\/ul>\n<ul class=\"buttongroup buttongroup--copytext\">\n<li class=\"buttongroup__item\">\n<p>    <a class=\"btn btn--text btn--standard-secondary btn--fullwidth\" href=\"https:\/\/www1.wdr.de\/nachrichten\/nrw-waffenverbotszonen-waffen-gewerkschaft-bahnhof-100.html\" rel=\"nofollow noopener\" target=\"_blank\"><br \/>\n        Gewerkschaft der Polizei fordert waffenfreie Bahnh\u00f6fe<br \/>\n        Pfeil rechts<\/p>\n<p>    <\/a>\n<\/li>\n<li class=\"buttongroup__item\">\n<p>    <a class=\"btn btn--text btn--standard-secondary btn--fullwidth\" href=\"https:\/\/www1.wdr.de\/nachrichten\/rheinland\/demonstration-huels-krefeld-gegen-rechts-100.html\" rel=\"nofollow noopener\" target=\"_blank\"><br \/>\n        Krefeld-H\u00fcls: Demo mit mehr als 1.000 Menschen gegen Neonazi-Gruppe<br \/>\n        Pfeil rechts<\/p>\n<p>    <\/a>\n<\/li>\n<\/ul>\n<p>                                        <a class=\"backlink__link\" href=\"https:\/\/www1.wdr.de\/nachrichten\/muenster-vorbereitungen-auf-grossdemos-100.html\" rel=\"nofollow noopener\" target=\"_blank\"><\/p>\n<p>                                                <img decoding=\"async\" src=\"https:\/\/www.europesays.com\/de\/wp-content\/uploads\/2025\/04\/lra-wdr-logo-100.svg.svg+xml\" alt=\"Westdeutscher Rundfunk\"\/><\/p>\n<p>                                        <\/a><\/p>\n","protected":false},"excerpt":{"rendered":"Stand: 31.05.2025 15:07 Uhr In M\u00fcnster haben am Samstagmittag mehrere Demonstrationen begonnen. Der Verkehr in der Innenstadt ist&hellip;\n","protected":false},"author":2,"featured_media":154320,"comment_status":"","ping_status":"","sticky":false,"template":"","format":"standard","meta":{"footnotes":""},"categories":[1843],"tags":[3364,29,30,8970,1209,225],"class_list":{"0":"post-154319","1":"post","2":"type-post","3":"status-publish","4":"format-standard","5":"has-post-thumbnail","7":"category-muenster","8":"tag-de","9":"tag-deutschland","10":"tag-germany","11":"tag-muenster","12":"tag-nordrhein-westfalen","13":"tag-wdr"},"share_on_mastodon":{"url":"https:\/\/pubeurope.com\/@de\/114602866361506550","error":""},"_links":{"self":[{"href":"https:\/\/www.europesays.com\/de\/wp-json\/wp\/v2\/posts\/154319","targetHints":{"allow":["GET"]}}],"collection":[{"href":"https:\/\/www.europesays.com\/de\/wp-json\/wp\/v2\/posts"}],"about":[{"href":"https:\/\/www.europesays.com\/de\/wp-json\/wp\/v2\/types\/post"}],"author":[{"embeddable":true,"href":"https:\/\/www.europesays.com\/de\/wp-json\/wp\/v2\/users\/2"}],"replies":[{"embeddable":true,"href":"https:\/\/www.europesays.com\/de\/wp-json\/wp\/v2\/comments?post=154319"}],"version-history":[{"count":0,"href":"https:\/\/www.europesays.com\/de\/wp-json\/wp\/v2\/posts\/154319\/revisions"}],"wp:featuredmedia":[{"embeddable":true,"href":"https:\/\/www.europesays.com\/de\/wp-json\/wp\/v2\/media\/154320"}],"wp:attachment":[{"href":"https:\/\/www.europesays.com\/de\/wp-json\/wp\/v2\/media?parent=154319"}],"wp:term":[{"taxonomy":"category","embeddable":true,"href":"https:\/\/www.europesays.com\/de\/wp-json\/wp\/v2\/categories?post=154319"},{"taxonomy":"post_tag","embeddable":true,"href":"https:\/\/www.europesays.com\/de\/wp-json\/wp\/v2\/tags?post=154319"}],"curies":[{"name":"wp","href":"https:\/\/api.w.org\/{rel}","templated":true}]}}