{"id":154375,"date":"2025-05-31T14:47:11","date_gmt":"2025-05-31T14:47:11","guid":{"rendered":"https:\/\/www.europesays.com\/de\/154375\/"},"modified":"2025-05-31T14:47:11","modified_gmt":"2025-05-31T14:47:11","slug":"sperrung-in-b236-tunneln-berghofen-und-wambel","status":"publish","type":"post","link":"https:\/\/www.europesays.com\/de\/154375\/","title":{"rendered":"Sperrung in B236-Tunneln Berghofen und Wambel"},"content":{"rendered":"<p>\t\tWartungsarbeiten in B236-Tunneln Berghofen und Wambel<br \/>\n\t\t\t\t\tBaustelle mit wechselnder Sperrung<\/p>\n<p>\t\t<img alt=\"\" src=\"https:\/\/www.europesays.com\/de\/wp-content\/uploads\/2025\/05\/630_0036_755623_.jpg\"  class=\"avatar avatar-36 photo avatar-default\" height=\"36\" width=\"36\" loading=\"lazy\" decoding=\"async\"\/>\t\t<a class=\"article-author__name\" href=\"https:\/\/www.ruhrnachrichten.de\/author\/susanne-hoffmann-2\/\" rel=\"author noopener\" target=\"_blank\">Susanne Hoffmann<\/a><br \/>\n\t\tRedakteurin<\/p>\n<p>\t31.05.2025 15:00 Uhr<\/p>\n<p>\t\tTeilen<\/p>\n<p>\n\tIn Merkliste \u00fcbernehmen\n<\/p>\n<p>    <a href=\"https:\/\/www.ruhrnachrichten.de\/wp-content\/uploads\/2025\/05\/30\/13\/630_0900_4749553_0316sh_tunnel1_rs_jpg_Druck-1648x824.jpg\" target=\"_blank\" rel=\"noopener\"><\/p>\n<p>            <img loading=\"lazy\" decoding=\"async\" src=\"https:\/\/www.europesays.com\/de\/wp-content\/uploads\/2025\/05\/630_0900_4749552_0316sh_tunnel1_rs_jpg_Druck-640x428.jpg\" width=\"640\" height=\"428\"  alt=\"Blick auf den Tunnel Berghofen an der B236.\"\/><\/p>\n<p>    <\/a><br \/>\n    Der B236-Tunnel Berghofen wird in der ersten Juni-Woche gewartet. (Archivbild) \u00a9 Reinhard Schmitz<\/p>\n<p class=\"article__teaser-text\">Wegen Wartungsarbeiten in den B236-Tunneln Berghofen und Wambel kommt es in der ersten Juni-Woche tags\u00fcber zu Einschr\u00e4nkungen. Das m\u00fcssen Autofahrer wissen.<\/p>\n<p>1 Min Lesezeit<\/p>\n<p>Abwechselnde Sperrung<\/p>\n<p>\n\t<a href=\"https:\/\/www.ruhrnachrichten.de\" class=\"button button--brand button--link home-button\" target=\"_blank\" rel=\"noopener\">Zur Startseite<\/a><\/p>\n","protected":false},"excerpt":{"rendered":"Wartungsarbeiten in B236-Tunneln Berghofen und Wambel Baustelle mit wechselnder Sperrung Susanne Hoffmann Redakteurin 31.05.2025 15:00 Uhr Teilen In&hellip;\n","protected":false},"author":2,"featured_media":154376,"comment_status":"","ping_status":"","sticky":false,"template":"","format":"standard","meta":{"footnotes":""},"categories":[1833],"tags":[3364,29,217,30,1209,3587,54507],"class_list":{"0":"post-154375","1":"post","2":"type-post","3":"status-publish","4":"format-standard","5":"has-post-thumbnail","7":"category-dortmund","8":"tag-de","9":"tag-deutschland","10":"tag-dortmund","11":"tag-germany","12":"tag-nordrhein-westfalen","13":"tag-verkehr-mobilitaet","14":"tag-wartungsarbeiten"},"share_on_mastodon":{"url":"https:\/\/pubeurope.com\/@de\/114602996120034490","error":""},"_links":{"self":[{"href":"https:\/\/www.europesays.com\/de\/wp-json\/wp\/v2\/posts\/154375","targetHints":{"allow":["GET"]}}],"collection":[{"href":"https:\/\/www.europesays.com\/de\/wp-json\/wp\/v2\/posts"}],"about":[{"href":"https:\/\/www.europesays.com\/de\/wp-json\/wp\/v2\/types\/post"}],"author":[{"embeddable":true,"href":"https:\/\/www.europesays.com\/de\/wp-json\/wp\/v2\/users\/2"}],"replies":[{"embeddable":true,"href":"https:\/\/www.europesays.com\/de\/wp-json\/wp\/v2\/comments?post=154375"}],"version-history":[{"count":0,"href":"https:\/\/www.europesays.com\/de\/wp-json\/wp\/v2\/posts\/154375\/revisions"}],"wp:featuredmedia":[{"embeddable":true,"href":"https:\/\/www.europesays.com\/de\/wp-json\/wp\/v2\/media\/154376"}],"wp:attachment":[{"href":"https:\/\/www.europesays.com\/de\/wp-json\/wp\/v2\/media?parent=154375"}],"wp:term":[{"taxonomy":"category","embeddable":true,"href":"https:\/\/www.europesays.com\/de\/wp-json\/wp\/v2\/categories?post=154375"},{"taxonomy":"post_tag","embeddable":true,"href":"https:\/\/www.europesays.com\/de\/wp-json\/wp\/v2\/tags?post=154375"}],"curies":[{"name":"wp","href":"https:\/\/api.w.org\/{rel}","templated":true}]}}