{"id":154380,"date":"2025-05-31T14:51:26","date_gmt":"2025-05-31T14:51:26","guid":{"rendered":"https:\/\/www.europesays.com\/de\/154380\/"},"modified":"2025-05-31T14:51:26","modified_gmt":"2025-05-31T14:51:26","slug":"frankreichfest-duesseldorf-2025-programm-oeffnungszeiten-angebot","status":"publish","type":"post","link":"https:\/\/www.europesays.com\/de\/154380\/","title":{"rendered":"Frankreichfest D\u00fcsseldorf 2025: Programm, \u00d6ffnungszeiten, Angebot"},"content":{"rendered":"<p data-p-count=\"1\">La Grande F\u00eate Fran\u00e7aise: <a href=\"https:\/\/www.tonight.de\/duesseldorf\" data-internallinksmanager029f6b8e52c=\"44\" title=\"D\u00fcsseldorf News\" target=\"_blank\" rel=\"noopener\">D\u00fcsseldorf<\/a> feiert 2025 das 23. Frankreichfest \u2013 das Event findet am ersten Juliwochenende in der Altstadt und am Rhein statt. Die Besucher k\u00f6nnen sich auf stimmungsvolle Musik, kulturelle Angebote sowie auf viele originale franz\u00f6sische Waren und K\u00f6stlichkeiten freuen. Und nat\u00fcrlich auch auf die \u201eTour de D\u00fcsseldorf\u201c mit rund 150 Oldtimern. Was euch genau erwartet, erfahrt ihr hier.<\/p>\n<p>Wann und wie lange findet das Frankreichfest 2025 in D\u00fcsseldorf statt? <\/p>\n<p data-p-count=\"2\">Vom 4. bis 6. Juli 2025 steigt das D\u00fcsseldorfer Frankreichfest: Von der Einm\u00fcndung der B\u00e4ckerstra\u00dfe auf die Rheinufer-Promenade \u00fcber den Burgplatz samt Innenhof des Rathauses (nur mit Ticket!) bis zur Reuterkaserne verteilen sich die verschiedenen Angebote.<\/p>\n<p>                <a href=\"https:\/\/www.tonight.de\/fotogalerie\/frankreichfest-in-duesseldorf-am-sonntag-28-juli-2024-alle-fotos\" target=\"_blank\" rel=\"noopener\"><\/p>\n<p>                        <img decoding=\"async\" src=\"https:\/\/www.europesays.com\/de\/wp-content\/uploads\/2025\/05\/Frankreichfest-2024_Duesseldorf_B.Liebsch-11-940x627.jpg\" alt=\"Bildergalerie: Frankreichfest in D\u00fcsseldorf am Sonntag, 28. Juli 2024 \u2013 alle Fotos\" loading=\"lazy\" width=\"940\" height=\"627\"\/><\/p>\n<p>                <\/a><\/p>\n<p>                            <img decoding=\"async\" loading=\"lazy\" width=\"940\" height=\"627\" src=\"https:\/\/www.europesays.com\/de\/wp-content\/uploads\/2025\/05\/Frankreichfest-2024_Duesseldorf_B.Liebsch-11.jpg\" alt=\"\" itemprop=\"contentUrl\"\/><\/p>\n<p>                            Am Wochenende lockte das Frankreichfest Tausende Menschen in die D\u00fcsseldorfer Altstadt.<\/p>\n<p>                            Foto: Tonight.de \/ Ben Liebsch<\/p>\n<p>                            <img decoding=\"async\" loading=\"lazy\" width=\"940\" height=\"627\" src=\"https:\/\/www.europesays.com\/de\/wp-content\/uploads\/2025\/05\/Frankreichfest-2024_Duesseldorf_B.Liebsch-12.jpg\" alt=\"\" itemprop=\"contentUrl\"\/><\/p>\n<p>                            Die Stimmung war dabei mehr als ausgelassen.<\/p>\n<p>                            Foto: Tonight.de \/ Ben Liebsch<\/p>\n<p>                            <img decoding=\"async\" loading=\"lazy\" width=\"940\" height=\"627\" src=\"https:\/\/www.europesays.com\/de\/wp-content\/uploads\/2025\/05\/Frankreichfest-2024_Duesseldorf_B.Liebsch-10.jpg\" alt=\"\" itemprop=\"contentUrl\"\/><\/p>\n<p>                            Die besten Fotos des Events zeigen wir in unserer Galerie.<\/p>\n<p>                            Foto: Tonight.de \/ B. Liebsch<\/p>\n<p>                            <img decoding=\"async\" loading=\"lazy\" width=\"940\" height=\"627\" src=\"https:\/\/www.europesays.com\/de\/wp-content\/uploads\/2025\/05\/Frankreichfest-2024_Duesseldorf_B.Liebsch-9.jpg\" alt=\"\" itemprop=\"contentUrl\"\/><\/p>\n<p>                            Viel Spa\u00df beim St\u00f6bern.<\/p>\n<p>                            Foto: Tonight.de \/ Ben Liebsch<\/p>\n<p>                            <img decoding=\"async\" loading=\"lazy\" width=\"940\" height=\"627\" src=\"https:\/\/www.europesays.com\/de\/wp-content\/uploads\/2025\/05\/Frankreichfest-2024_Duesseldorf_B.Liebsch-1.jpg\" alt=\"\" itemprop=\"contentUrl\"\/><\/p>\n<p>                            Foto: Tonight.de \/ Ben Liebsch<\/p>\n<p>                            <img decoding=\"async\" loading=\"lazy\" width=\"940\" height=\"627\" src=\"https:\/\/www.europesays.com\/de\/wp-content\/uploads\/2025\/05\/Frankreichfest-2024_Duesseldorf_B.Liebsch-2.jpg\" alt=\"\" itemprop=\"contentUrl\"\/><\/p>\n<p>                            Foto: Tonight.de \/ Ben Liebsch<\/p>\n<p>                            <img decoding=\"async\" loading=\"lazy\" width=\"940\" height=\"627\" src=\"https:\/\/www.europesays.com\/de\/wp-content\/uploads\/2025\/05\/Frankreichfest-2024_Duesseldorf_B.Liebsch-3.jpg\" alt=\"\" itemprop=\"contentUrl\"\/><\/p>\n<p>                            Foto: Tonight.de \/ Ben Liebsch<\/p>\n<p>                            <img decoding=\"async\" loading=\"lazy\" width=\"940\" height=\"627\" src=\"https:\/\/www.europesays.com\/de\/wp-content\/uploads\/2025\/05\/Frankreichfest-2024_Duesseldorf_B.Liebsch-4.jpg\" alt=\"\" itemprop=\"contentUrl\"\/><\/p>\n<p>                            Foto: Tonight.de \/ Ben Liebsch<\/p>\n<p>                            <img decoding=\"async\" loading=\"lazy\" width=\"940\" height=\"627\" src=\"https:\/\/www.europesays.com\/de\/wp-content\/uploads\/2025\/05\/Frankreichfest-2024_Duesseldorf_B.Liebsch-5.jpg\" alt=\"\" itemprop=\"contentUrl\"\/><\/p>\n<p>                            Foto: Tonight.de \/ Ben Liebsch<\/p>\n<p>                            <img decoding=\"async\" loading=\"lazy\" width=\"940\" height=\"627\" src=\"https:\/\/www.europesays.com\/de\/wp-content\/uploads\/2025\/05\/Frankreichfest-2024_Duesseldorf_B.Liebsch-6.jpg\" alt=\"\" itemprop=\"contentUrl\"\/><\/p>\n<p>                            Foto: Tonight.de \/ Ben Liebsch<\/p>\n<p>                            <img decoding=\"async\" loading=\"lazy\" width=\"940\" height=\"627\" src=\"https:\/\/www.europesays.com\/de\/wp-content\/uploads\/2025\/05\/Frankreichfest-2024_Duesseldorf_B.Liebsch-7.jpg\" alt=\"\" itemprop=\"contentUrl\"\/><\/p>\n<p>                            Foto: Tonight.de \/ Ben Liebsch<\/p>\n<p>                            <img decoding=\"async\" loading=\"lazy\" width=\"940\" height=\"627\" src=\"https:\/\/www.europesays.com\/de\/wp-content\/uploads\/2025\/05\/Frankreichfest-2024_Duesseldorf_B.Liebsch-8.jpg\" alt=\"\" itemprop=\"contentUrl\"\/><\/p>\n<p>                            Foto: Tonight.de \/ Ben Liebsch<\/p>\n<p>                            <img decoding=\"async\" loading=\"lazy\" width=\"940\" height=\"627\" src=\"https:\/\/www.europesays.com\/de\/wp-content\/uploads\/2025\/05\/Frankreichfest-2024_Duesseldorf_B.Liebsch-13.jpg\" alt=\"\" itemprop=\"contentUrl\"\/><\/p>\n<p>                            Foto: Tonight.de \/ Ben Liebsch<\/p>\n<p>                            <img decoding=\"async\" loading=\"lazy\" width=\"940\" height=\"627\" src=\"https:\/\/www.europesays.com\/de\/wp-content\/uploads\/2025\/05\/Frankreichfest-2024_Duesseldorf_B.Liebsch-14.jpg\" alt=\"\" itemprop=\"contentUrl\"\/><\/p>\n<p>                            Foto: Tonight.de \/ Ben Liebsch<\/p>\n<p>                            <img decoding=\"async\" loading=\"lazy\" width=\"940\" height=\"627\" src=\"https:\/\/www.europesays.com\/de\/wp-content\/uploads\/2025\/05\/Frankreichfest-2024_Duesseldorf_B.Liebsch-15.jpg\" alt=\"\" itemprop=\"contentUrl\"\/><\/p>\n<p>                            Foto: Tonight.de \/ Ben Liebsch<\/p>\n<p>                            <img decoding=\"async\" loading=\"lazy\" width=\"940\" height=\"627\" src=\"https:\/\/www.europesays.com\/de\/wp-content\/uploads\/2025\/05\/Frankreichfest-2024_Duesseldorf_B.Liebsch-16.jpg\" alt=\"\" itemprop=\"contentUrl\"\/><\/p>\n<p>                            Foto: Tonight.de \/ Ben Liebsch<\/p>\n<p>                            <img decoding=\"async\" loading=\"lazy\" width=\"940\" height=\"627\" src=\"https:\/\/www.europesays.com\/de\/wp-content\/uploads\/2025\/05\/Frankreichfest-2024_Duesseldorf_B.Liebsch-17.jpg\" alt=\"\" itemprop=\"contentUrl\"\/><\/p>\n<p>                            Foto: Tonight.de \/ Ben Liebsch<\/p>\n<p>                            <img decoding=\"async\" loading=\"lazy\" width=\"940\" height=\"627\" src=\"https:\/\/www.europesays.com\/de\/wp-content\/uploads\/2025\/05\/Frankreichfest-2024_Duesseldorf_B.Liebsch-18.jpg\" alt=\"\" itemprop=\"contentUrl\"\/><\/p>\n<p>                            Foto: Tonight.de \/ Ben Liebsch<\/p>\n<p>                            <img decoding=\"async\" loading=\"lazy\" width=\"940\" height=\"627\" src=\"https:\/\/www.europesays.com\/de\/wp-content\/uploads\/2025\/05\/Frankreichfest-2024_Duesseldorf_B.Liebsch-20.jpg\" alt=\"\" itemprop=\"contentUrl\"\/><\/p>\n<p>                            Foto: Tonight.de \/ Ben Liebsch<\/p>\n<p>                            <img decoding=\"async\" loading=\"lazy\" width=\"940\" height=\"627\" src=\"https:\/\/www.europesays.com\/de\/wp-content\/uploads\/2025\/05\/Frankreichfest-2024_Duesseldorf_B.Liebsch-19.jpg\" alt=\"\" itemprop=\"contentUrl\"\/><\/p>\n<p>                            Foto: Tonight.de \/ Ben Liebsch<\/p>\n<p>                            <img decoding=\"async\" loading=\"lazy\" width=\"940\" height=\"627\" src=\"https:\/\/www.europesays.com\/de\/wp-content\/uploads\/2025\/05\/Frankreichfest-2024_Duesseldorf_B.Liebsch-21.jpg\" alt=\"\" itemprop=\"contentUrl\"\/><\/p>\n<p>                            Foto: Tonight.de \/ Ben Liebsch<\/p>\n<p>                            <img decoding=\"async\" loading=\"lazy\" width=\"940\" height=\"627\" src=\"https:\/\/www.europesays.com\/de\/wp-content\/uploads\/2025\/05\/Frankreichfest-2024_Duesseldorf_B.Liebsch-22.jpg\" alt=\"\" itemprop=\"contentUrl\"\/><\/p>\n<p>                            Foto: Tonight.de \/ Ben Liebsch<\/p>\n<p>                            <img decoding=\"async\" loading=\"lazy\" width=\"940\" height=\"627\" src=\"https:\/\/www.europesays.com\/de\/wp-content\/uploads\/2025\/05\/Frankreichfest-2024_Duesseldorf_B.Liebsch-23.jpg\" alt=\"\" itemprop=\"contentUrl\"\/><\/p>\n<p>                            Foto: Tonight.de \/ Ben Liebsch<\/p>\n<p>                            <img decoding=\"async\" loading=\"lazy\" width=\"940\" height=\"627\" src=\"https:\/\/www.europesays.com\/de\/wp-content\/uploads\/2025\/05\/Frankreichfest-2024_Duesseldorf_B.Liebsch-24.jpg\" alt=\"\" itemprop=\"contentUrl\"\/><\/p>\n<p>                            Foto: Tonight.de \/ Ben Liebsch<\/p>\n<p>                            <img decoding=\"async\" loading=\"lazy\" width=\"940\" height=\"627\" src=\"https:\/\/www.europesays.com\/de\/wp-content\/uploads\/2025\/05\/Frankreichfest-2024_Duesseldorf_B.Liebsch-25.jpg\" alt=\"\" itemprop=\"contentUrl\"\/><\/p>\n<p>                            Foto: Tonight.de \/ Ben Liebsch<\/p>\n<p>                            <img decoding=\"async\" loading=\"lazy\" width=\"940\" height=\"627\" src=\"https:\/\/www.europesays.com\/de\/wp-content\/uploads\/2025\/05\/Frankreichfest-2024_Duesseldorf_B.Liebsch-26.jpg\" alt=\"\" itemprop=\"contentUrl\"\/><\/p>\n<p>                            Foto: Tonight.de \/ Ben Liebsch<\/p>\n<p>                            <img decoding=\"async\" loading=\"lazy\" width=\"940\" height=\"627\" src=\"https:\/\/www.europesays.com\/de\/wp-content\/uploads\/2025\/05\/Frankreichfest-2024_Duesseldorf_B.Liebsch-27.jpg\" alt=\"\" itemprop=\"contentUrl\"\/><\/p>\n<p>                            Foto: Tonight.de \/ Ben Liebsch<\/p>\n<p>                            <img decoding=\"async\" loading=\"lazy\" width=\"940\" height=\"627\" src=\"https:\/\/www.europesays.com\/de\/wp-content\/uploads\/2025\/05\/Frankreichfest-2024_Duesseldorf_B.Liebsch-28.jpg\" alt=\"\" itemprop=\"contentUrl\"\/><\/p>\n<p>                            Foto: Tonight.de \/ Ben Liebsch<\/p>\n<p>                            <img decoding=\"async\" loading=\"lazy\" width=\"940\" height=\"627\" src=\"https:\/\/www.europesays.com\/de\/wp-content\/uploads\/2025\/05\/Frankreichfest-2024_Duesseldorf_B.Liebsch-29.jpg\" alt=\"\" itemprop=\"contentUrl\"\/><\/p>\n<p>                            Foto: Tonight.de \/ Ben Liebsch<\/p>\n<p>                            <img decoding=\"async\" loading=\"lazy\" width=\"940\" height=\"627\" src=\"https:\/\/www.europesays.com\/de\/wp-content\/uploads\/2025\/05\/Frankreichfest-2024_Duesseldorf_B.Liebsch-30.jpg\" alt=\"\" itemprop=\"contentUrl\"\/><\/p>\n<p>                            Foto: Tonight.de \/ Ben Liebsch<\/p>\n<p>                            <img decoding=\"async\" loading=\"lazy\" width=\"940\" height=\"627\" src=\"https:\/\/www.europesays.com\/de\/wp-content\/uploads\/2025\/05\/Frankreichfest-2024_Duesseldorf_B.Liebsch-31.jpg\" alt=\"\" itemprop=\"contentUrl\"\/><\/p>\n<p>                            Foto: Tonight.de \/ Ben Liebsch<\/p>\n<p>                            <img decoding=\"async\" loading=\"lazy\" width=\"940\" height=\"627\" src=\"https:\/\/www.europesays.com\/de\/wp-content\/uploads\/2025\/05\/Frankreichfest-2024_Duesseldorf_B.Liebsch-32.jpg\" alt=\"\" itemprop=\"contentUrl\"\/><\/p>\n<p>                            Foto: Tonight.de \/ Ben Liebsch<\/p>\n<p>                            <img decoding=\"async\" loading=\"lazy\" width=\"940\" height=\"627\" src=\"https:\/\/www.europesays.com\/de\/wp-content\/uploads\/2025\/05\/Frankreichfest-2024_Duesseldorf_B.Liebsch-33.jpg\" alt=\"\" itemprop=\"contentUrl\"\/><\/p>\n<p>                            Foto: Tonight.de \/ Ben Liebsch<\/p>\n<p>                            <img decoding=\"async\" loading=\"lazy\" width=\"940\" height=\"627\" src=\"https:\/\/www.europesays.com\/de\/wp-content\/uploads\/2025\/05\/Frankreichfest-2024_Duesseldorf_B.Liebsch-34.jpg\" alt=\"\" itemprop=\"contentUrl\"\/><\/p>\n<p>                            Foto: Tonight.de \/ Ben Liebsch<\/p>\n<p>                            <img decoding=\"async\" loading=\"lazy\" width=\"940\" height=\"627\" src=\"https:\/\/www.europesays.com\/de\/wp-content\/uploads\/2025\/05\/Frankreichfest-2024_Duesseldorf_B.Liebsch-35.jpg\" alt=\"\" itemprop=\"contentUrl\"\/><\/p>\n<p>                            Foto: Tonight.de \/ Ben Liebsch<\/p>\n<p>                            <img decoding=\"async\" loading=\"lazy\" width=\"940\" height=\"627\" src=\"https:\/\/www.europesays.com\/de\/wp-content\/uploads\/2025\/05\/Frankreichfest-2024_Duesseldorf_B.Liebsch-36.jpg\" alt=\"\" itemprop=\"contentUrl\"\/><\/p>\n<p>                            Foto: Tonight.de \/ Ben Liebsch<\/p>\n<p>                            <img decoding=\"async\" loading=\"lazy\" width=\"940\" height=\"627\" src=\"https:\/\/www.europesays.com\/de\/wp-content\/uploads\/2025\/05\/Frankreichfest-2024_Duesseldorf_B.Liebsch-37.jpg\" alt=\"\" itemprop=\"contentUrl\"\/><\/p>\n<p>                            Foto: Tonight.de \/ Ben Liebsch<\/p>\n<p>                            <img decoding=\"async\" loading=\"lazy\" width=\"940\" height=\"627\" src=\"https:\/\/www.europesays.com\/de\/wp-content\/uploads\/2025\/05\/Frankreichfest-2024_Duesseldorf_B.Liebsch-38.jpg\" alt=\"\" itemprop=\"contentUrl\"\/><\/p>\n<p>                            Foto: Tonight.de \/ Ben Liebsch<\/p>\n<p>                            <img decoding=\"async\" loading=\"lazy\" width=\"940\" height=\"627\" src=\"https:\/\/www.europesays.com\/de\/wp-content\/uploads\/2025\/05\/Frankreichfest-2024_Duesseldorf_B.Liebsch-40.jpg\" alt=\"\" itemprop=\"contentUrl\"\/><\/p>\n<p>                            Foto: Tonight.de \/ Ben Liebsch<\/p>\n<p>                            <img decoding=\"async\" loading=\"lazy\" width=\"940\" height=\"627\" src=\"https:\/\/www.europesays.com\/de\/wp-content\/uploads\/2025\/05\/Frankreichfest-2024_Duesseldorf_B.Liebsch-39.jpg\" alt=\"\" itemprop=\"contentUrl\"\/><\/p>\n<p>                            Foto: Tonight.de \/ Ben Liebsch<\/p>\n<p>                            <img decoding=\"async\" loading=\"lazy\" width=\"940\" height=\"627\" src=\"https:\/\/www.europesays.com\/de\/wp-content\/uploads\/2025\/05\/Frankreichfest-2024_Duesseldorf_B.Liebsch-41.jpg\" alt=\"\" itemprop=\"contentUrl\"\/><\/p>\n<p>                            Foto: Tonight.de \/ Ben Liebsch<\/p>\n<p>                            <img decoding=\"async\" loading=\"lazy\" width=\"940\" height=\"627\" src=\"https:\/\/www.europesays.com\/de\/wp-content\/uploads\/2025\/05\/Frankreichfest-2024_Duesseldorf_B.Liebsch-42.jpg\" alt=\"\" itemprop=\"contentUrl\"\/><\/p>\n<p>                            D\u00fcsseldorf feiert den Sommer mit einem Glas Wein in der Hand (Symbolbild). Foto: Tonight.de \/ Ben LIebsch<\/p>\n<p>                            Foto: Tonight.de \/ Ben Liebsch<\/p>\n<p>                            <img decoding=\"async\" loading=\"lazy\" width=\"940\" height=\"627\" src=\"https:\/\/www.europesays.com\/de\/wp-content\/uploads\/2025\/05\/Frankreichfest-2024_Duesseldorf_B.Liebsch-43.jpg\" alt=\"\" itemprop=\"contentUrl\"\/><\/p>\n<p>                            Foto: Tonight.de \/ Ben Liebsch<\/p>\n<p>                            <img decoding=\"async\" loading=\"lazy\" width=\"940\" height=\"627\" src=\"https:\/\/www.europesays.com\/de\/wp-content\/uploads\/2025\/05\/Frankreichfest-2024_Duesseldorf_B.Liebsch-44.jpg\" alt=\"\" itemprop=\"contentUrl\"\/><\/p>\n<p>                            Foto: Tonight.de \/ Ben Liebsch<\/p>\n<p>                            <img decoding=\"async\" loading=\"lazy\" width=\"940\" height=\"627\" src=\"https:\/\/www.europesays.com\/de\/wp-content\/uploads\/2025\/05\/Frankreichfest-2024_Duesseldorf_B.Liebsch-45.jpg\" alt=\"\" itemprop=\"contentUrl\"\/><\/p>\n<p>                            Foto: Tonight.de \/ Ben Liebsch<\/p>\n<p>                            <img decoding=\"async\" loading=\"lazy\" width=\"940\" height=\"627\" src=\"https:\/\/www.europesays.com\/de\/wp-content\/uploads\/2025\/05\/Frankreichfest-2024_Duesseldorf_B.Liebsch-46.jpg\" alt=\"\" itemprop=\"contentUrl\"\/><\/p>\n<p>                            Foto: Tonight.de \/ Ben Liebsch<\/p>\n<p>                            <img decoding=\"async\" loading=\"lazy\" width=\"940\" height=\"627\" src=\"https:\/\/www.europesays.com\/de\/wp-content\/uploads\/2025\/05\/Frankreichfest-2024_Duesseldorf_B.Liebsch-47.jpg\" alt=\"\" itemprop=\"contentUrl\"\/><\/p>\n<p>                            Foto: Tonight.de \/ Ben Liebsch<\/p>\n<p>                            <img decoding=\"async\" loading=\"lazy\" width=\"940\" height=\"627\" src=\"https:\/\/www.europesays.com\/de\/wp-content\/uploads\/2025\/05\/Frankreichfest-2024_Duesseldorf_B.Liebsch-48.jpg\" alt=\"\" itemprop=\"contentUrl\"\/><\/p>\n<p>                            Foto: Tonight.de \/ Ben Liebsch<\/p>\n<p>                            <img decoding=\"async\" loading=\"lazy\" width=\"940\" height=\"626\" src=\"https:\/\/www.europesays.com\/de\/wp-content\/uploads\/2025\/05\/ob-ff.jpg\" alt=\"\" itemprop=\"contentUrl\"\/><\/p>\n<p>                            Generalkonsul Dr. Etienne Sur, Oberb\u00fcrgermeister Dr. Stephan Keller und DD-Gesch\u00e4ftsf\u00fchrer Thomas K\u00f6tter.<\/p>\n<p>                            Foto: Foto DD \/ Andreas Wiese<\/p>\n<p>                            <img decoding=\"async\" loading=\"lazy\" width=\"940\" height=\"626\" src=\"https:\/\/www.europesays.com\/de\/wp-content\/uploads\/2025\/05\/konzert-ff-dd.jpg\" alt=\"\" itemprop=\"contentUrl\"\/><\/p>\n<p>                            Bei den Konzerten herrschte ausgelassene Stimmung. Foto: Foto DD \/ Andreas Wiese<\/p>\n<p>                            Foto: Foto DD \/ Andreas Wiese<\/p>\n<p>                            <img decoding=\"async\" loading=\"lazy\" width=\"940\" height=\"627\" src=\"https:\/\/www.europesays.com\/de\/wp-content\/uploads\/2025\/05\/FF_2024_Koestlichkeiten.jpg\" alt=\"\" itemprop=\"contentUrl\"\/><\/p>\n<p>                            Franz\u00f6sische Leckereien auf dem Frankreichfest. Foto: Foto DD \/ Andreas Wiese<\/p>\n<p>                            Foto: Foto DD \/ Andreas Wiese<\/p>\n<p>                            <img decoding=\"async\" loading=\"lazy\" width=\"940\" height=\"627\" src=\"https:\/\/www.europesays.com\/de\/wp-content\/uploads\/2025\/05\/prost.jpg\" alt=\"\" itemprop=\"contentUrl\"\/><\/p>\n<p>                            Cheers, auf die deutsch-franz\u00f6sische Freundschaft. Foto: Foto DD \/ Andreas Wiese<\/p>\n<p>                            Foto: Foto DD \/ Andreas Wiese<\/p>\n<p>                            <img decoding=\"async\" loading=\"lazy\" width=\"940\" height=\"626\" src=\"https:\/\/www.europesays.com\/de\/wp-content\/uploads\/2025\/05\/franzoesinnen.jpg\" alt=\"\" itemprop=\"contentUrl\"\/><\/p>\n<p>                            28. Juli 2024: Allez les Bleus! Dieses Wochenende stand im Zeichen Frankreichs! Foto: Foto DD \/ Andreas Wiese<\/p>\n<p>                            Foto: Foto DD \/ Andreas Wiese<\/p>\n<p>                            <img decoding=\"async\" loading=\"lazy\" width=\"940\" height=\"626\" src=\"https:\/\/www.europesays.com\/de\/wp-content\/uploads\/2025\/05\/ff-ff.jpg\" alt=\"\" itemprop=\"contentUrl\"\/><\/p>\n<p>                            Foto: Foto DD \/ Andreas Wiese<\/p>\n<p>                            <img decoding=\"async\" loading=\"lazy\" width=\"940\" height=\"626\" src=\"https:\/\/www.europesays.com\/de\/wp-content\/uploads\/2025\/05\/FF_2024_Promenade-002.jpg\" alt=\"\" itemprop=\"contentUrl\"\/><\/p>\n<p>                            Franz\u00f6sische Lebenskunst in D\u00fcsseldorf: Beim Frankreichfest verwandelten sich Burgplatz, Rheinuferpromenade und Altstadt am Wochenende in Little Paris.<\/p>\n<p>                            Foto: Foto DD \/ Andreas Wiese<\/p>\n<p>                            <img decoding=\"async\" loading=\"lazy\" width=\"940\" height=\"627\" src=\"https:\/\/www.europesays.com\/de\/wp-content\/uploads\/2025\/05\/maelle.jpg\" alt=\"\" itemprop=\"contentUrl\"\/><\/p>\n<p>                            Foto: Foto DD \/ Andreas Wiese<\/p>\n<p>                            <img decoding=\"async\" loading=\"lazy\" width=\"940\" height=\"627\" src=\"https:\/\/www.europesays.com\/de\/wp-content\/uploads\/2025\/05\/ff-dd-2024.jpg\" alt=\"\" itemprop=\"contentUrl\"\/><\/p>\n<p>                            Foto: Foto DD \/ Andreas Wiese<\/p>\n<p>                            <img decoding=\"async\" loading=\"lazy\" width=\"940\" height=\"626\" src=\"https:\/\/www.europesays.com\/de\/wp-content\/uploads\/2025\/05\/breakdancer.jpg\" alt=\"\" itemprop=\"contentUrl\"\/><\/p>\n<p>                            Foto: Foto DD \/ Andreas Wiese<\/p>\n<p>                 Essen, Trinken und Handwerk auf dem Frankreichfest <\/p>\n<p data-p-count=\"3\">Auch dieses Jahr werden wieder rund 100 Aussteller in der Altstadt vertreten sein. Sie pr\u00e4sentieren sich auf dem Markt \u201eBleu Blanc Rouge\u201c im Innenhof des Rathauses, an der Rheinuferpromenade und auf den umliegenden Pl\u00e4tzen. Viele von ihnen reisen extra aus Frankreich an. \u00c4hnlich wie auf einem franz\u00f6sischen Wochenmarkt gibt es bei \u201eLes Saveurs de France\u201c Klassiker wie Austern, Meeresfr\u00fcchte, K\u00e4se, Pasteten, Gew\u00fcrze, Cr\u00eapes und Champagner. Aus Burgund kommt nicht nur der weltbekannte Wein, sondern auch eine besondere Delikatesse f\u00fcr Gourmets: die Weinbergschnecken.<\/p>\n<p data-p-count=\"4\">Bekannte Vertreter der Gastronomie in D\u00fcsseldorf verw\u00f6hnen die G\u00e4ste zudem mit franz\u00f6sischer Bistrok\u00fcche: Mit dabei sind u.a. Incogagne, das Bylini, der Fleher Hof und das 24 Hours Hotel Das Tour.<\/p>\n<p data-p-count=\"5\">Nach Lavendel duftende Seifen, handgefertigte Keramik, origineller Schmuck und Literatur runden das Angebot an der Rheinuferpromenade ab.<\/p>\n<p data-p-count=\"6\"><a href=\"https:\/\/www.duesseldorfer-frankreich-fest.de\/aussteller-rahmenprogramm\/\" target=\"_blank\" rel=\"noopener\">Hier <\/a>gibt es die komplette Ausstellerliste.<\/p>\n<p> Das erwartet euch beim B\u00fchnenprogramm im Innenhof des Rathauses <\/p>\n<p data-p-count=\"7\">Herz des Frankreichfestes ist der Innenhof des Rathauses mit dem B\u00fchnenprogramm und vielen bekannten franz\u00f6sischen und deutschen K\u00fcnstlern. Dieses Angebot ist allerdings nicht kostenlos, denn f\u00fcr einen Platz im Innenhof werden Tickets ben\u00f6tigt. Infos dazu gibt es hier weiter unten. Das B\u00fchnenprogramm wird am 11. Juni 2025 <a href=\"https:\/\/www.duesseldorfer-frankreich-fest.de\/aussteller-rahmenprogramm\/\" target=\"_blank\" rel=\"noopener\">hier <\/a>bekanntgegeben.<\/p>\n<p data-p-count=\"8\">Zu den Highlights im vergangenen Jahr geh\u00f6rten Auftritte des vierfachen Breakdance-Weltmeister Abdel Chouari aus Toulouse sowie verschiedene Live-Konzerte.<\/p>\n<p> Das sind die \u00d6ffnungszeiten und Eintrittspreise <\/p>\n<p data-p-count=\"9\">Die \u00d6ffnungszeiten und Ticketpreise sehen in diesem Jahr wie folgt aus:<\/p>\n<p><strong>\u00d6ffnungszeiten Rathaus-Innenhof:<\/strong><\/p>\n<ul>\n<li>Freitag, 4. Juli, 17 bis 22 Uhr (10 Euro)<\/li>\n<li>Samstag, 5. Juli, 13 bis 22 Uhr (10 Euro)<\/li>\n<li>Sonntag, 6. Juli, 12 bis 18 Uhr (8 Euro)<\/li>\n<\/ul>\n<p><strong>\u00d6ffnungszeiten Burgplatz und Rheinufer:<\/strong><\/p>\n<ul>\n<li>Freitag, 4. Juli, 16 Uhr bis 22 Uhr<\/li>\n<li>Samstag, 5. Juli, 12 Uhr bis 22 Uhr<\/li>\n<li>Sonntag, 6. Juli, 12 Uhr bis 18 Uhr<\/li>\n<\/ul>\n<p data-p-count=\"10\">Beachtet, dass die Tickets f\u00fcr den Rathaus-Innenhof begrenzt sind und sich gro\u00dfer Beliebtheit erfreuen. Wer unbedingt eine Eintrittskarte ergattern m\u00f6chte, sollte sich diese am besten im Online-Vorverkauf auf <a href=\"http:\/\/www.duesseldorfer-frankreichfest.de\/\" target=\"_blank\" rel=\"noopener\">der Homepage des Frankreichfestes<\/a> sichern.<\/p>\n<p> Anreise und Parken: So kommt ihr zum D\u00fcsseldorfer Frankreichfest <\/p>\n<p data-p-count=\"11\">Parkm\u00f6glichkeiten gibt es in den <a href=\"https:\/\/www.tonight.de\/duesseldorf\/duesseldorf-guenstig-gratis-parken-parkplaetze-parkhaeuser_106056.html\" target=\"_blank\" rel=\"noopener\">Parkh\u00e4usern der Innenstadt und Altstadt<\/a>, auch rund um die K\u00f6nigsallee stehen Parkpl\u00e4tze zur Verf\u00fcgung. Zu empfehlen ist auch die Anreise mit den \u00f6ffentlichen Verkehrsmitteln. So halten an der Heinrich-Heine-Allee Stadtbahnen und Busse.<\/p>\n<p> Wann findet die Oldtimer-Rallye \u201eTour de D\u00fcsseldorf\u201c statt? <\/p>\n<p data-p-count=\"12\">Am 5. und 6. Juli 2025 geht es auf eine Zeitreise durch die automobile Geschichte Frankreichs! Denn an diesem Wochenende erwacht die D\u00fcsseldorfer Altstadt erneut zum Schauplatz der legend\u00e4ren \u201eTour de D\u00fcsseldorf\u201c, dem gr\u00f6\u00dften Treffen franz\u00f6sischer Oldtimer in Deutschland.<\/p>\n<p>                <a href=\"https:\/\/www.tonight.de\/fotogalerie\/frankreichfest-duesseldorf-mit-oldtimer-rallye-2-juli-2022\" target=\"_blank\" rel=\"noopener\"><\/p>\n<p>                        <img decoding=\"async\" src=\"https:\/\/www.europesays.com\/de\/wp-content\/uploads\/2025\/05\/frankreichfest-duesseldorf-2022-940x627.jpg\" alt=\"Bildergalerie: Frankreichfest D\u00fcsseldorf mit Oldtimer-Rallye (2. Juli 2022)\" loading=\"lazy\" width=\"940\" height=\"627\"\/><\/p>\n<p>                <\/a><\/p>\n<p>                            <img decoding=\"async\" loading=\"lazy\" width=\"940\" height=\"627\" src=\"https:\/\/www.europesays.com\/de\/wp-content\/uploads\/2025\/05\/frankreichfest-duesseldorf-2022.jpg\" alt=\"Frankreichfest D\u00fcsseldorf 2022\" itemprop=\"contentUrl\"\/><\/p>\n<p>                            Das Frankreichfest ist f\u00fcr viele D\u00fcsseldorfer ein Highlight im Event-Kalender.<\/p>\n<p>                            Foto: Tonight.de \/ J. Sammer<\/p>\n<p>                            <img decoding=\"async\" loading=\"lazy\" width=\"940\" height=\"627\" src=\"https:\/\/www.europesays.com\/de\/wp-content\/uploads\/2025\/05\/JS_10004.jpg\" alt=\"\" itemprop=\"contentUrl\"\/><\/p>\n<p>                            Unser Fotograf war am Samstag am Start&#8230;<\/p>\n<p>                            Foto: Tonight.de \/ J. Sammer<\/p>\n<p>                            <img decoding=\"async\" loading=\"lazy\" width=\"940\" height=\"627\" src=\"https:\/\/www.europesays.com\/de\/wp-content\/uploads\/2025\/05\/JS_10046.jpg\" alt=\"\" itemprop=\"contentUrl\"\/><\/p>\n<p>                            &#8230; und hat unter anderem ein paar Schmuckst\u00fccke der Oldtimer-Rallye abgelichtet.<\/p>\n<p>                            Foto: Tonight.de \/ J. Sammer<\/p>\n<p>                            <img decoding=\"async\" loading=\"lazy\" width=\"940\" height=\"627\" src=\"https:\/\/www.europesays.com\/de\/wp-content\/uploads\/2025\/05\/JS_10090.jpg\" alt=\"\" itemprop=\"contentUrl\"\/><\/p>\n<p>                            Viel Spa\u00df mit den Fotos!<\/p>\n<p>                            Foto: Tonight.de \/ J. Sammer<\/p>\n<p>                            <img decoding=\"async\" loading=\"lazy\" width=\"940\" height=\"627\" src=\"https:\/\/www.europesays.com\/de\/wp-content\/uploads\/2025\/05\/JS_10086.jpg\" alt=\"\" itemprop=\"contentUrl\"\/><\/p>\n<p>                            Foto: Tonight.de \/ J. Sammer<\/p>\n<p>                            <img decoding=\"async\" loading=\"lazy\" width=\"940\" height=\"627\" src=\"https:\/\/www.europesays.com\/de\/wp-content\/uploads\/2025\/05\/JS_10022.jpg\" alt=\"\" itemprop=\"contentUrl\"\/><\/p>\n<p>                            Foto: Tonight.de \/ J. Sammer<\/p>\n<p>                            <img decoding=\"async\" loading=\"lazy\" width=\"940\" height=\"627\" src=\"https:\/\/www.europesays.com\/de\/wp-content\/uploads\/2025\/05\/JS_10015.jpg\" alt=\"\" itemprop=\"contentUrl\"\/><\/p>\n<p>                            Foto: Tonight.de \/ J. Sammer<\/p>\n<p>                            <img decoding=\"async\" loading=\"lazy\" width=\"940\" height=\"627\" src=\"https:\/\/www.europesays.com\/de\/wp-content\/uploads\/2025\/05\/JS_10028.jpg\" alt=\"\" itemprop=\"contentUrl\"\/><\/p>\n<p>                            Foto: Tonight.de \/ J. Sammer<\/p>\n<p>                            <img decoding=\"async\" loading=\"lazy\" width=\"940\" height=\"627\" src=\"https:\/\/www.europesays.com\/de\/wp-content\/uploads\/2025\/05\/JS_10029.jpg\" alt=\"\" itemprop=\"contentUrl\"\/><\/p>\n<p>                            Foto: Tonight.de \/ J. Sammer<\/p>\n<p>                            <img decoding=\"async\" loading=\"lazy\" width=\"940\" height=\"627\" src=\"https:\/\/www.europesays.com\/de\/wp-content\/uploads\/2025\/05\/JS_10035.jpg\" alt=\"\" itemprop=\"contentUrl\"\/><\/p>\n<p>                            Foto: Tonight.de \/ J. Sammer<\/p>\n<p>                            <img decoding=\"async\" loading=\"lazy\" width=\"940\" height=\"627\" src=\"https:\/\/www.europesays.com\/de\/wp-content\/uploads\/2025\/05\/JS_10040.jpg\" alt=\"\" itemprop=\"contentUrl\"\/><\/p>\n<p>                            Foto: Tonight.de \/ J. Sammer<\/p>\n<p>                            <img decoding=\"async\" loading=\"lazy\" width=\"940\" height=\"627\" src=\"https:\/\/www.europesays.com\/de\/wp-content\/uploads\/2025\/05\/JS_10042.jpg\" alt=\"\" itemprop=\"contentUrl\"\/><\/p>\n<p>                            Foto: Tonight.de \/ J. Sammer<\/p>\n<p>                            <img decoding=\"async\" loading=\"lazy\" width=\"940\" height=\"627\" src=\"https:\/\/www.europesays.com\/de\/wp-content\/uploads\/2025\/05\/JS_10059.jpg\" alt=\"\" itemprop=\"contentUrl\"\/><\/p>\n<p>                            Foto: Tonight.de \/ J. Sammer<\/p>\n<p>                            <img decoding=\"async\" loading=\"lazy\" width=\"940\" height=\"627\" src=\"https:\/\/www.europesays.com\/de\/wp-content\/uploads\/2025\/05\/JS_10065.jpg\" alt=\"\" itemprop=\"contentUrl\"\/><\/p>\n<p>                            Foto: Tonight.de \/ J. Sammer<\/p>\n<p>                            <img decoding=\"async\" loading=\"lazy\" width=\"940\" height=\"627\" src=\"https:\/\/www.europesays.com\/de\/wp-content\/uploads\/2025\/05\/JS_10066.jpg\" alt=\"\" itemprop=\"contentUrl\"\/><\/p>\n<p>                            Foto: Tonight.de \/ J. Sammer<\/p>\n<p>                            <img decoding=\"async\" loading=\"lazy\" width=\"940\" height=\"627\" src=\"https:\/\/www.europesays.com\/de\/wp-content\/uploads\/2025\/05\/JS_10075.jpg\" alt=\"\" itemprop=\"contentUrl\"\/><\/p>\n<p>                            Foto: Tonight.de \/ J. Sammer<\/p>\n<p>                            <img decoding=\"async\" loading=\"lazy\" width=\"940\" height=\"627\" src=\"https:\/\/www.europesays.com\/de\/wp-content\/uploads\/2025\/05\/JS_10074.jpg\" alt=\"\" itemprop=\"contentUrl\"\/><\/p>\n<p>                            Foto: Tonight.de \/ J. Sammer<\/p>\n<p>                            <img decoding=\"async\" loading=\"lazy\" width=\"940\" height=\"627\" src=\"https:\/\/www.europesays.com\/de\/wp-content\/uploads\/2025\/05\/JS_10080.jpg\" alt=\"\" itemprop=\"contentUrl\"\/><\/p>\n<p>                            Foto: Tonight.de \/ J. Sammer<\/p>\n<p>                            <img decoding=\"async\" loading=\"lazy\" width=\"940\" height=\"627\" src=\"https:\/\/www.europesays.com\/de\/wp-content\/uploads\/2025\/05\/JS_10091.jpg\" alt=\"\" itemprop=\"contentUrl\"\/><\/p>\n<p>                            Foto: Tonight.de \/ J. Sammer<\/p>\n<p>                            <img decoding=\"async\" loading=\"lazy\" width=\"940\" height=\"627\" src=\"https:\/\/www.europesays.com\/de\/wp-content\/uploads\/2025\/05\/JS_10044.jpg\" alt=\"\" itemprop=\"contentUrl\"\/><\/p>\n<p>                            Foto: Tonight.de \/ J. Sammer<\/p>\n<p>                            <img decoding=\"async\" loading=\"lazy\" width=\"940\" height=\"627\" src=\"https:\/\/www.europesays.com\/de\/wp-content\/uploads\/2025\/05\/JS_10009.jpg\" alt=\"\" itemprop=\"contentUrl\"\/><\/p>\n<p>                            Foto: Tonight.de \/ J. Sammer<\/p>\n<p>                            <img decoding=\"async\" loading=\"lazy\" width=\"940\" height=\"627\" src=\"https:\/\/www.europesays.com\/de\/wp-content\/uploads\/2025\/05\/JS_10047.jpg\" alt=\"\" itemprop=\"contentUrl\"\/><\/p>\n<p>                            Foto: Tonight.de \/ J. Sammer<\/p>\n<p>                            <img decoding=\"async\" loading=\"lazy\" width=\"940\" height=\"627\" src=\"https:\/\/www.europesays.com\/de\/wp-content\/uploads\/2025\/05\/JS_10051.jpg\" alt=\"\" itemprop=\"contentUrl\"\/><\/p>\n<p>                            Foto: Tonight.de \/ J. Sammer<\/p>\n<p>                            <img decoding=\"async\" loading=\"lazy\" width=\"940\" height=\"627\" src=\"https:\/\/www.europesays.com\/de\/wp-content\/uploads\/2025\/05\/JS_10054.jpg\" alt=\"\" itemprop=\"contentUrl\"\/><\/p>\n<p>                            Foto: Tonight.de \/ J. Sammer<\/p>\n<p>                            <img decoding=\"async\" loading=\"lazy\" width=\"940\" height=\"627\" src=\"https:\/\/www.europesays.com\/de\/wp-content\/uploads\/2025\/05\/JS_10057.jpg\" alt=\"\" itemprop=\"contentUrl\"\/><\/p>\n<p>                            Foto: Tonight.de \/ J. Sammer<\/p>\n<p>                            <img decoding=\"async\" loading=\"lazy\" width=\"940\" height=\"627\" src=\"https:\/\/www.europesays.com\/de\/wp-content\/uploads\/2025\/05\/JS_10110.jpg\" alt=\"\" itemprop=\"contentUrl\"\/><\/p>\n<p>                            Foto: Tonight.de \/ J. Sammer<\/p>\n<p>                            <img decoding=\"async\" loading=\"lazy\" width=\"940\" height=\"627\" src=\"https:\/\/www.europesays.com\/de\/wp-content\/uploads\/2025\/05\/JS_10117.jpg\" alt=\"\" itemprop=\"contentUrl\"\/><\/p>\n<p>                            Foto: Tonight.de \/ J. Sammer<\/p>\n<p>                            <img decoding=\"async\" loading=\"lazy\" width=\"940\" height=\"627\" src=\"https:\/\/www.europesays.com\/de\/wp-content\/uploads\/2025\/05\/JS_10112.jpg\" alt=\"\" itemprop=\"contentUrl\"\/><\/p>\n<p>                            Foto: Tonight.de \/ J. Sammer<\/p>\n<p>                            <img decoding=\"async\" loading=\"lazy\" width=\"940\" height=\"627\" src=\"https:\/\/www.europesays.com\/de\/wp-content\/uploads\/2025\/05\/JS_10124.jpg\" alt=\"\" itemprop=\"contentUrl\"\/><\/p>\n<p>                            Die Oldtimer-Rallye in D\u00fcsseldorf  im Rahmen des Frankreichfestes geh\u00f6rt f\u00fcr viele Frankreich-Fans zu den Highlights im Jahreskalender. Foto: Tonight.de \/ J. Sammer<\/p>\n<p>                            Foto: Tonight.de \/ J. Sammer<\/p>\n<p>                            <img decoding=\"async\" loading=\"lazy\" width=\"940\" height=\"627\" src=\"https:\/\/www.europesays.com\/de\/wp-content\/uploads\/2025\/05\/JS_10128.jpg\" alt=\"\" itemprop=\"contentUrl\"\/><\/p>\n<p>                            Foto: Tonight.de \/ J. Sammer<\/p>\n<p>                            <img decoding=\"async\" loading=\"lazy\" width=\"940\" height=\"627\" src=\"https:\/\/www.europesays.com\/de\/wp-content\/uploads\/2025\/05\/JS_10133.jpg\" alt=\"\" itemprop=\"contentUrl\"\/><\/p>\n<p>                            Foto: Tonight.de \/ J. Sammer<\/p>\n<p>                            <img decoding=\"async\" loading=\"lazy\" width=\"940\" height=\"627\" src=\"https:\/\/www.europesays.com\/de\/wp-content\/uploads\/2025\/05\/JS_10138.jpg\" alt=\"\" itemprop=\"contentUrl\"\/><\/p>\n<p>                            Foto: Tonight.de \/ J. Sammer<\/p>\n<p>                            <img decoding=\"async\" loading=\"lazy\" width=\"940\" height=\"627\" src=\"https:\/\/www.europesays.com\/de\/wp-content\/uploads\/2025\/05\/JS_19968.jpg\" alt=\"\" itemprop=\"contentUrl\"\/><\/p>\n<p>                            Foto: Tonight.de \/ J. Sammer<\/p>\n<p>                            <img decoding=\"async\" loading=\"lazy\" width=\"940\" height=\"627\" src=\"https:\/\/www.europesays.com\/de\/wp-content\/uploads\/2025\/05\/JS_10139.jpg\" alt=\"\" itemprop=\"contentUrl\"\/><\/p>\n<p>                            Foto: Tonight.de \/ J. Sammer<\/p>\n<p>                            <img decoding=\"async\" loading=\"lazy\" width=\"940\" height=\"627\" src=\"https:\/\/www.europesays.com\/de\/wp-content\/uploads\/2025\/05\/JS_19979.jpg\" alt=\"\" itemprop=\"contentUrl\"\/><\/p>\n<p>                            Foto: Tonight.de \/ J. Sammer<\/p>\n<p>                            <img decoding=\"async\" loading=\"lazy\" width=\"940\" height=\"627\" src=\"https:\/\/www.europesays.com\/de\/wp-content\/uploads\/2025\/05\/JS_19984.jpg\" alt=\"\" itemprop=\"contentUrl\"\/><\/p>\n<p>                            Foto: Tonight.de \/ J. Sammer<\/p>\n<p>                            <img decoding=\"async\" loading=\"lazy\" width=\"940\" height=\"627\" src=\"https:\/\/www.europesays.com\/de\/wp-content\/uploads\/2025\/05\/JS_19997.jpg\" alt=\"\" itemprop=\"contentUrl\"\/><\/p>\n<p>                            Foto: Tonight.de \/ J. Sammer<\/p>\n<p data-p-count=\"13\">Was 2001 aus einer spontanen Wette und 2002 aus einer Idee heraus entstand, hat sich zu einem festen Highlight im D\u00fcsseldorfer Veranstaltungskalender entwickelt. Rund 150 automobile Sch\u00e4tze, darunter teure Bugattis, elegante Rosengarts, die legend\u00e4re Citro\u00ebn DS (\u201eG\u00f6ttin\u201c) und der kultige Citro\u00ebn Traction Avant (\u201eGangsterauto\u201c), lassen die Herzen von Nostalgiefans h\u00f6herschlagen.<\/p>\n<p data-p-count=\"14\">Am 5. Juli hei\u00dft es \u201eEn route!\u201c (\u201eGute Fahrt!\u201c), wenn die Oldtimer vom Burgplatz aus in die Umgebung von D\u00fcsseldorf starten.<\/p>\n<p data-p-count=\"15\"><strong>Start, Route und Siegerehrung<\/strong>: <a href=\"https:\/\/www.tonight.de\/events\/frankreichfest-highlight-legendaere-tour-de-duesseldorf-rollt-durch-die-region-route-strecke-start_361031.html\" target=\"_blank\" rel=\"noopener\">Alle Infos und Zeiten zur \u201eTour de D\u00fcsseldorf\u201c 2025 gibt es hier im \u00dcberblick<\/a><\/p>\n<p> Wie viele Besucher kommen zum Frankreichfest nach D\u00fcsseldorf? <\/p>\n<p data-p-count=\"16\">Wie auch in den Vorjahren erwarten die Veranstalter des Frankreichfestes in diesem Jahr Zehntausende Besucher.<\/p>\n<p data-p-count=\"17\"><strong>Lese-Tipp<\/strong>: <a href=\"https:\/\/www.tonight.de\/duesseldorf\/termine-events-duesseldorf-die-wichtigsten-veranstaltungen-japan-tag-rheinkirmes-hochzeitsmesse_137326.html\" target=\"_blank\" rel=\"noopener\">Termine in D\u00fcsseldorf 2025: die wichtigsten Events und Messen \u2013 Rheinkirmes und mehr!<\/a><\/p>\n<p> Wer veranstaltet das D\u00fcsseldorfer Frankreichfest? <\/p>\n<p data-p-count=\"18\">Die Vereinigung Destination D\u00fcsseldorf richtet das Frankreichfest aus. Dieser Zusammenschluss von 150 Unternehmen aus der Region ist seit 2001 der Veranstalter der Feierlichkeiten.<\/p>\n<p data-p-count=\"19\">Mehr Infos findet ihr auch auf <a href=\"https:\/\/www.duesseldorfer-frankreich-fest.de\/\" target=\"_blank\" rel=\"noopener\">www.duesseldorfer-frankreich-fest.de<\/a>.<\/p>\n","protected":false},"excerpt":{"rendered":"La Grande F\u00eate Fran\u00e7aise: D\u00fcsseldorf feiert 2025 das 23. Frankreichfest \u2013 das Event findet am ersten Juliwochenende in&hellip;\n","protected":false},"author":2,"featured_media":154381,"comment_status":"","ping_status":"","sticky":false,"template":"","format":"standard","meta":{"footnotes":""},"categories":[1831],"tags":[3364,29,3405,13862,30,1209],"class_list":{"0":"post-154380","1":"post","2":"type-post","3":"status-publish","4":"format-standard","5":"has-post-thumbnail","7":"category-duesseldorf","8":"tag-de","9":"tag-deutschland","10":"tag-duesseldorf","11":"tag-event-tipps","12":"tag-germany","13":"tag-nordrhein-westfalen"},"share_on_mastodon":{"url":"https:\/\/pubeurope.com\/@de\/114603013706477665","error":""},"_links":{"self":[{"href":"https:\/\/www.europesays.com\/de\/wp-json\/wp\/v2\/posts\/154380","targetHints":{"allow":["GET"]}}],"collection":[{"href":"https:\/\/www.europesays.com\/de\/wp-json\/wp\/v2\/posts"}],"about":[{"href":"https:\/\/www.europesays.com\/de\/wp-json\/wp\/v2\/types\/post"}],"author":[{"embeddable":true,"href":"https:\/\/www.europesays.com\/de\/wp-json\/wp\/v2\/users\/2"}],"replies":[{"embeddable":true,"href":"https:\/\/www.europesays.com\/de\/wp-json\/wp\/v2\/comments?post=154380"}],"version-history":[{"count":0,"href":"https:\/\/www.europesays.com\/de\/wp-json\/wp\/v2\/posts\/154380\/revisions"}],"wp:featuredmedia":[{"embeddable":true,"href":"https:\/\/www.europesays.com\/de\/wp-json\/wp\/v2\/media\/154381"}],"wp:attachment":[{"href":"https:\/\/www.europesays.com\/de\/wp-json\/wp\/v2\/media?parent=154380"}],"wp:term":[{"taxonomy":"category","embeddable":true,"href":"https:\/\/www.europesays.com\/de\/wp-json\/wp\/v2\/categories?post=154380"},{"taxonomy":"post_tag","embeddable":true,"href":"https:\/\/www.europesays.com\/de\/wp-json\/wp\/v2\/tags?post=154380"}],"curies":[{"name":"wp","href":"https:\/\/api.w.org\/{rel}","templated":true}]}}