{"id":154415,"date":"2025-05-31T15:09:12","date_gmt":"2025-05-31T15:09:12","guid":{"rendered":"https:\/\/www.europesays.com\/de\/154415\/"},"modified":"2025-05-31T15:09:12","modified_gmt":"2025-05-31T15:09:12","slug":"lets-dance-star-zsolt-sandor-cseke-nach-trennung-von-malika-ist-er-wieder-verliebt","status":"publish","type":"post","link":"https:\/\/www.europesays.com\/de\/154415\/","title":{"rendered":"&#8222;Let&#8217;s Dance&#8220;-Star Zsolt S\u00e1ndor Cseke: Nach Trennung von Malika ist er wieder verliebt"},"content":{"rendered":"<p>Zsolt S\u00e1ndor Cseke<br \/>\n&#8222;Let&#8217;s Dance&#8220;-Star macht neue Beziehung \u00f6ffentlich<\/p>\n<p><img class=\"image image-element__image\"   src=\"https:\/\/www.europesays.com\/de\/wp-content\/uploads\/2025\/05\/malika-dzumaev-zsolt-cseke.jpg\" alt=\"&quot;Let's Dance&quot;-Stars Mailka Dzumaev und Zsolt Cseke\" decoding=\"async\" fetchpriority=\"high\" loading=\"eager\"\/><br \/>\n<a href=\"https:\/\/image.gala.de\/24386538\/t\/6I\/v3\/w2048\/r1.5\/-\/malika-dzumaev-zsolt-cseke.jpg#Simon%20Pfaff%20%2F%20Action%20Press\" class=\"image__magnifier\" aria-label=\"Vergr\u00f6\u00dfern\" rel=\"nofollow noopener\" target=\"_blank\"><\/p>\n<p>\n &#8222;Let&#8217;s Dance&#8220;-Stars Mailka Dzumaev und Zsolt Cseke <\/p>\n<p>\u00a9 Simon Pfaff \/ Action Press<\/p>\n<p>\nNachdem die &#8222;Let&#8217;s Dance&#8220;-Stars Zsolt S\u00e1ndor Csekeund Malika Dzumaev im Sp\u00e4tsommer vergangenen Jahres ihre Trennung bekannt gegeben haben, ist es ruhig um ihr Liebesleben geworden. Das \u00e4ndert der Profi-T\u00e4nzer jetzt: Er stellt seine neue Freundin vor.\n<\/p>\n<p class=\"text-element u-richtext u-typo u-typo--article-text article__text-element text-element--context-article\"> Im August vergangenen Jahres haben Malika Dzumaev, 34, und <a data-target-type=\"article\" href=\"https:\/\/www.gala.de\/lifestyle\/film-tv-musik\/themen\/zsolt-s%C3%A1ndor-cseke-22590100.html\" target=\"_self\" rel=\"nofollow noopener\">Zsolt S\u00e1ndor Cseke,<\/a> 37, v\u00f6llig \u00fcberraschend ihre Trennung bekannt geben. Die Profi-T\u00e4nzer:innen sind seit 2021 Teil von &#8222;<a class=\"taxonomy-entity product\" data-target-type=\"article\" href=\"https:\/\/www.gala.de\/lifestyle\/film-tv-musik\/lets-dance\/\" rel=\"nofollow noopener\" target=\"_blank\">Let&#8217;s Dance<\/a>&#8220; und galten als wahres Traumpaar, doch sie konnten bestimmte Differenzen nicht \u00fcberwinden. Dennoch sind die beiden im Guten auseinander gegangen und weiterhin befreundet.<\/p>\n<p class=\"text-element u-richtext u-typo u-typo--article-text article__text-element text-element--context-article\"> Der rum\u00e4nische T\u00e4nzer hat jetzt eine neue Liebe gefunden. Die romantischen Neuigkeiten gibt er in den sozialen Medien bekannt.<\/p>\n<p>&#8222;Let&#8217;s Dance&#8220;-Star Zsolt S\u00e1ndor Cseke macht neue Liebe \u00f6ffentlich<\/p>\n<p class=\"text-element u-richtext u-typo u-typo--article-text article__text-element text-element--context-article\"> Sie stehen sich gegen\u00fcber, stecken l\u00e4chelnd die K\u00f6pfe zusammen und schauen sich dabei tief in die Augen. Mit diesem Foto macht Zsolt S\u00e1ndor Cseke seine neue Beziehung offiziell. Seine Partnerin nennt sich auf ihrem Instagram-Account, dem knapp 5.000 Menschen folgen, nur Anna-Lena. Mehr ist bisher nicht \u00fcber sie bekannt. Doch sicher ist: Sie und Zsolt sind schwer verliebt. &#8222;Zwei Seelen, ein Weg und unser L\u00e4cheln schreibt die Geschichte&#8220;, schreibt der T\u00e4nzer dazu.<\/p>\n<p class=\"text-element u-richtext u-typo u-typo--article-text article__text-element text-element--context-article\"> In der Kommentarspalte freuen sich seine &#8222;Let&#8217;s Dance&#8220;-Kolleg:innen f\u00fcr den 37-J\u00e4hrigen. &#8222;Freu mich riesig f\u00fcr dich, mein Freund! Es ist sch\u00f6n zu sehen, wie gl\u00fccklich ihr zusammen seid, und ich w\u00fcnsche euch alles Gute f\u00fcr eure gemeinsame Zukunft&#8220;, jubelt <a class=\"link--person\" data-target-type=\"article\" href=\"https:\/\/www.gala.de\/stars\/starportraets\/massimo-sinat%C3%B3-20547858.html\" rel=\"nofollow noopener\" target=\"_blank\">Massimo Sinat\u00f3<\/a>, 44, w\u00e4hrend Jurorin <a class=\"link--person\" data-target-type=\"article\" href=\"https:\/\/www.gala.de\/stars\/starportraets\/motsi-mabuse-20547720.html\" rel=\"nofollow noopener\" target=\"_blank\">Motsi Mabuse<\/a>, 44, mehrere Herz-Emojis hinterl\u00e4sst. Auch Patricija Ionel, 30, gratuliert dem gl\u00fccklichen Paar und ihr Ehemann <a class=\"\" data-target-type=\"article\" href=\"https:\/\/www.gala.de\/lifestyle\/film-tv-musik\/themen\/alexandru-ionel-22449616.html\" rel=\"nofollow noopener\" target=\"_blank\">Alexandru Ionel<\/a>, 30, scherzt: &#8222;Anna Lena, wenn Z Probleme macht, melde dich.&#8220;<\/p>\n<p>Zsolt Cseke und Mailka Dzumaev haben sich letztes Jahr getrennt<\/p>\n<p class=\"text-element u-richtext u-typo u-typo--article-text article__text-element text-element--context-article\"> &#8222;Wenn aus Liebe Freundschaft wird &#8230;&#8220;, schrieben Zsolt und Mailka vergangenes Jahr zu einem dramatischen Schnappschuss von sich. &#8222;Es ist ein Schritt f\u00fcr den wir \u00fcber ein Jahr gebraucht haben und eine Entscheidung, die wir gemeinsam getroffen haben! Eine Trennung ist nie einfach, besonders wenn uns sehr viele gemeinsame Erinnerungen verbinden. Wir haben in den letzten neun Jahren so viel gemeinsam erlebt und durchgestanden, und daf\u00fcr sind wir unglaublich dankbar. Wir sind weiterhin f\u00fcreinander da und werden die enge Bindung, die wir aufgebaut haben, niemals verlieren [sic]&#8220;, erkl\u00e4rten Malika Dzumaev und Zsolt S\u00e1ndor Cseke ihren Fans.<\/p>\n<p><img class=\"image teaser__image\"   src=\"https:\/\/www.europesays.com\/de\/wp-content\/uploads\/2025\/05\/zsolt-malika-teaser-2.jpg\" alt=\"Zsolt S\u00e1ndor Cseke und Malika Dzumaev\" decoding=\"async\" fetchpriority=\"auto\" loading=\"lazy\"\/><\/p>\n<p><a href=\"https:\/\/www.gala.de\/stars\/news\/let-s-dance--malika-dzumaev-und-zsolt-s%C3%A1ndor-cseke-verkuenden-liebesaus-24167414.html\" class=\"teaser__link js-embedded-teaser teaser__link--overlay\" rel=\"nofollow noopener\" target=\"_blank\"><br \/>\n&#8222;Eine Trennung ist nie einfach&#8220;<br \/>\n&#8222;Let&#8217;s Dance&#8220;-Traumpaar verk\u00fcndet \u00fcberraschendes Liebesaus<br \/>\n<\/a> <\/p>\n<p class=\"text-element u-richtext u-typo u-typo--article-text article__text-element text-element--context-article\"> Weiter betonten die &#8222;Let&#8217;s Dance&#8220;-Stars: &#8222;Trotz dieser Ver\u00e4nderung im Leben werden wir weiterhin beste Freunde, Tanzpartner und Arbeitskollegen bleiben, die vieles miteinander teilen und uns immer gegenseitig helfen werden.&#8220;<\/p>\n<p class=\"text-element u-richtext u-typo u-typo--article-text article__text-element text-element--context-article\"> Verwendete Quelle: instagram.com<\/p>\n<p>\nsti<br \/>\nGala\n<\/p>\n<p>#Themen<\/p>\n<p><script async src=\"\/\/www.instagram.com\/embed.js\"><\/script><\/p>\n","protected":false},"excerpt":{"rendered":"Zsolt S\u00e1ndor Cseke &#8222;Let&#8217;s Dance&#8220;-Star macht neue Beziehung \u00f6ffentlich &#8222;Let&#8217;s Dance&#8220;-Stars Mailka Dzumaev und Zsolt Cseke \u00a9 Simon&hellip;\n","protected":false},"author":2,"featured_media":154416,"comment_status":"","ping_status":"","sticky":false,"template":"","format":"standard","meta":{"footnotes":""},"categories":[1776],"tags":[1801,29,214,30,1802,215],"class_list":{"0":"post-154415","1":"post","2":"type-post","3":"status-publish","4":"format-standard","5":"has-post-thumbnail","7":"category-prominente","8":"tag-celebrities","9":"tag-deutschland","10":"tag-entertainment","11":"tag-germany","12":"tag-prominente","13":"tag-unterhaltung"},"share_on_mastodon":{"url":"https:\/\/pubeurope.com\/@de\/114603082746571184","error":""},"_links":{"self":[{"href":"https:\/\/www.europesays.com\/de\/wp-json\/wp\/v2\/posts\/154415","targetHints":{"allow":["GET"]}}],"collection":[{"href":"https:\/\/www.europesays.com\/de\/wp-json\/wp\/v2\/posts"}],"about":[{"href":"https:\/\/www.europesays.com\/de\/wp-json\/wp\/v2\/types\/post"}],"author":[{"embeddable":true,"href":"https:\/\/www.europesays.com\/de\/wp-json\/wp\/v2\/users\/2"}],"replies":[{"embeddable":true,"href":"https:\/\/www.europesays.com\/de\/wp-json\/wp\/v2\/comments?post=154415"}],"version-history":[{"count":0,"href":"https:\/\/www.europesays.com\/de\/wp-json\/wp\/v2\/posts\/154415\/revisions"}],"wp:featuredmedia":[{"embeddable":true,"href":"https:\/\/www.europesays.com\/de\/wp-json\/wp\/v2\/media\/154416"}],"wp:attachment":[{"href":"https:\/\/www.europesays.com\/de\/wp-json\/wp\/v2\/media?parent=154415"}],"wp:term":[{"taxonomy":"category","embeddable":true,"href":"https:\/\/www.europesays.com\/de\/wp-json\/wp\/v2\/categories?post=154415"},{"taxonomy":"post_tag","embeddable":true,"href":"https:\/\/www.europesays.com\/de\/wp-json\/wp\/v2\/tags?post=154415"}],"curies":[{"name":"wp","href":"https:\/\/api.w.org\/{rel}","templated":true}]}}