{"id":154475,"date":"2025-05-31T15:41:09","date_gmt":"2025-05-31T15:41:09","guid":{"rendered":"https:\/\/www.europesays.com\/de\/154475\/"},"modified":"2025-05-31T15:41:09","modified_gmt":"2025-05-31T15:41:09","slug":"projekt-koenig-ludwig-trasse-in-der-schwebe","status":"publish","type":"post","link":"https:\/\/www.europesays.com\/de\/154475\/","title":{"rendered":"Projekt K\u00f6nig-Ludwig-Trasse in der Schwebe"},"content":{"rendered":"<p>\t\tAusbau in Oer-Erkenschwick und Datteln<br \/>\n\t\t\t\t\tProjekt K\u00f6nig-Ludwig-Trasse weiter in der Schwebe<\/p>\n<p>\t\t<img alt=\"\" src=\"https:\/\/www.europesays.com\/de\/wp-content\/uploads\/2025\/05\/630_0036_1291697_.jpg\"  class=\"avatar avatar-36 photo avatar-default\" height=\"36\" width=\"36\" loading=\"lazy\" decoding=\"async\"\/>\t\t<a class=\"article-author__name\" href=\"https:\/\/www.stimberg-zeitung.de\/author\/benedikt-iwen\/\" rel=\"author noopener\" target=\"_blank\">Benedikt Iwen<\/a><br \/>\n\t\tRedakteur<\/p>\n<p>\t31.05.2025 17:30 Uhr<\/p>\n<p>\t\tTeilen<\/p>\n<p>\n\tIn Merkliste \u00fcbernehmen\n<\/p>\n<p>    <a href=\"https:\/\/www.stimberg-zeitung.de\/wp-content\/uploads\/2025\/05\/30\/12\/630_0900_4752799_rzl_trasse_4145_Druck-1648x824.jpg\" target=\"_blank\" rel=\"noopener\"><\/p>\n<p>            <img loading=\"lazy\" decoding=\"async\" src=\"https:\/\/www.europesays.com\/de\/wp-content\/uploads\/2025\/05\/630_0900_4753154_rzl_trasse_4145_Druck-640x428.jpg\" width=\"640\" height=\"428\"  alt=\"Drei Personen fahren auf Fahrr\u00e4dern einen Weg entlang, umgeben von B\u00e4umen und B\u00fcschen. Die Radfahrer tragen Jacken und sind in Bewegung.\"\/><\/p>\n<p>    <\/a><br \/>\n    Radfahrer auf der K\u00f6nig-Ludwig-Trasse in Recklinghausen-Suderwich. Bislang ist hier Endstation, die Trasse endet am Becklemer Busch. \u00a9 J\u00f6rg Gutzeit<\/p>\n<p class=\"article__teaser-text\">Passionierte Radfahrer aus Oer-Erkenschwick und Datteln m\u00fcssen weiter abwarten. Ein Ausbau der K\u00f6nig-Ludwig-Trasse ist vorerst nicht in Sicht.<\/p>\n<p>2 Min Lesezeit<\/p>\n<p>Gutachten im Herbst erwartetK\u00f6nig-Ludwig-Trasse als Teil der IGA 2027 geplant<\/p>\n<p>\n\t<a href=\"https:\/\/www.stimberg-zeitung.de\" class=\"button button--brand button--link home-button\" target=\"_blank\" rel=\"noopener\">Zur Startseite<\/a><\/p>\n","protected":false},"excerpt":{"rendered":"Ausbau in Oer-Erkenschwick und Datteln Projekt K\u00f6nig-Ludwig-Trasse weiter in der Schwebe Benedikt Iwen Redakteur 31.05.2025 17:30 Uhr Teilen&hellip;\n","protected":false},"author":2,"featured_media":154476,"comment_status":"","ping_status":"","sticky":false,"template":"","format":"standard","meta":{"footnotes":""},"categories":[1839],"tags":[7507,3364,29,30,3648,1209,13518],"class_list":{"0":"post-154475","1":"post","2":"type-post","3":"status-publish","4":"format-standard","5":"has-post-thumbnail","7":"category-bochum","8":"tag-bochum","9":"tag-de","10":"tag-deutschland","11":"tag-germany","12":"tag-lokalpolitik","13":"tag-nordrhein-westfalen","14":"tag-radverkehr"},"share_on_mastodon":{"url":"https:\/\/pubeurope.com\/@de\/114603208489665545","error":""},"_links":{"self":[{"href":"https:\/\/www.europesays.com\/de\/wp-json\/wp\/v2\/posts\/154475","targetHints":{"allow":["GET"]}}],"collection":[{"href":"https:\/\/www.europesays.com\/de\/wp-json\/wp\/v2\/posts"}],"about":[{"href":"https:\/\/www.europesays.com\/de\/wp-json\/wp\/v2\/types\/post"}],"author":[{"embeddable":true,"href":"https:\/\/www.europesays.com\/de\/wp-json\/wp\/v2\/users\/2"}],"replies":[{"embeddable":true,"href":"https:\/\/www.europesays.com\/de\/wp-json\/wp\/v2\/comments?post=154475"}],"version-history":[{"count":0,"href":"https:\/\/www.europesays.com\/de\/wp-json\/wp\/v2\/posts\/154475\/revisions"}],"wp:featuredmedia":[{"embeddable":true,"href":"https:\/\/www.europesays.com\/de\/wp-json\/wp\/v2\/media\/154476"}],"wp:attachment":[{"href":"https:\/\/www.europesays.com\/de\/wp-json\/wp\/v2\/media?parent=154475"}],"wp:term":[{"taxonomy":"category","embeddable":true,"href":"https:\/\/www.europesays.com\/de\/wp-json\/wp\/v2\/categories?post=154475"},{"taxonomy":"post_tag","embeddable":true,"href":"https:\/\/www.europesays.com\/de\/wp-json\/wp\/v2\/tags?post=154475"}],"curies":[{"name":"wp","href":"https:\/\/api.w.org\/{rel}","templated":true}]}}