{"id":154504,"date":"2025-05-31T15:58:06","date_gmt":"2025-05-31T15:58:06","guid":{"rendered":"https:\/\/www.europesays.com\/de\/154504\/"},"modified":"2025-05-31T15:58:06","modified_gmt":"2025-05-31T15:58:06","slug":"bayern-nuernberg-holt-neuen-stuermer-aus-ulm","status":"publish","type":"post","link":"https:\/\/www.europesays.com\/de\/154504\/","title":{"rendered":"Bayern: N\u00fcrnberg holt neuen St\u00fcrmer aus Ulm"},"content":{"rendered":"<p>                    Bayern<br \/>\n                N\u00fcrnberg holt neuen St\u00fcrmer aus Ulm<\/p>\n<p>\t\t\t\t              30.05.2025, 17:56 Uhr<\/p>\n<p><strong>Semir Telalovic geht k\u00fcnftig f\u00fcr den 1. FC N\u00fcrnberg auf Torejagd. Der 25-J\u00e4hrige wechselt aus Ulm nach Franken.<\/strong><\/p>\n<p>N\u00fcrnberg (dpa\/lby) &#8211; Fu\u00dfball-Zweitligist 1. FC N\u00fcrnberg ist bei der Suche nach einem neuen St\u00fcrmer f\u00fcndig geworden. Die Franken haben Semir Telalovic vom Absteiger SSV Ulm verpflichtet. Details \u00fcber die Wechselmodalit\u00e4ten und die Vertragsdauer teilte der &#8222;Club&#8220; nicht mit.<\/p>\n<p>Der 25 Jahre alte Telalovic war im vergangenen Sommer vom englischen Zweitligisten Blackburn Rovers nach Ulm gewechselt und erzielte in der abgelaufenen Saison zw\u00f6lf Tore f\u00fcr den SSV. &#8222;Mit Semir bekommen wir einen St\u00fcrmertypen, der sich durch seine Schnelligkeit und seine Physis auszeichnet. Er hat in der Liga zudem durch seine Zweikampfst\u00e4rke und seine Torquote auf sich aufmerksam gemacht&#8220;, sagte N\u00fcrnbergs Sportvorstand Joti Chatzialexiou.<\/p>\n","protected":false},"excerpt":{"rendered":"Bayern N\u00fcrnberg holt neuen St\u00fcrmer aus Ulm 30.05.2025, 17:56 Uhr Semir Telalovic geht k\u00fcnftig f\u00fcr den 1. FC&hellip;\n","protected":false},"author":2,"featured_media":154505,"comment_status":"","ping_status":"","sticky":false,"template":"","format":"standard","meta":{"footnotes":""},"categories":[1837],"tags":[772,3364,29,30,3783,9095,12755],"class_list":{"0":"post-154504","1":"post","2":"type-post","3":"status-publish","4":"format-standard","5":"has-post-thumbnail","7":"category-nuernberg","8":"tag-bayern","9":"tag-de","10":"tag-deutschland","11":"tag-germany","12":"tag-nuernberg","13":"tag-stuermer","14":"tag-ulm"},"share_on_mastodon":{"url":"https:\/\/pubeurope.com\/@de\/114603275439474782","error":""},"_links":{"self":[{"href":"https:\/\/www.europesays.com\/de\/wp-json\/wp\/v2\/posts\/154504","targetHints":{"allow":["GET"]}}],"collection":[{"href":"https:\/\/www.europesays.com\/de\/wp-json\/wp\/v2\/posts"}],"about":[{"href":"https:\/\/www.europesays.com\/de\/wp-json\/wp\/v2\/types\/post"}],"author":[{"embeddable":true,"href":"https:\/\/www.europesays.com\/de\/wp-json\/wp\/v2\/users\/2"}],"replies":[{"embeddable":true,"href":"https:\/\/www.europesays.com\/de\/wp-json\/wp\/v2\/comments?post=154504"}],"version-history":[{"count":0,"href":"https:\/\/www.europesays.com\/de\/wp-json\/wp\/v2\/posts\/154504\/revisions"}],"wp:featuredmedia":[{"embeddable":true,"href":"https:\/\/www.europesays.com\/de\/wp-json\/wp\/v2\/media\/154505"}],"wp:attachment":[{"href":"https:\/\/www.europesays.com\/de\/wp-json\/wp\/v2\/media?parent=154504"}],"wp:term":[{"taxonomy":"category","embeddable":true,"href":"https:\/\/www.europesays.com\/de\/wp-json\/wp\/v2\/categories?post=154504"},{"taxonomy":"post_tag","embeddable":true,"href":"https:\/\/www.europesays.com\/de\/wp-json\/wp\/v2\/tags?post=154504"}],"curies":[{"name":"wp","href":"https:\/\/api.w.org\/{rel}","templated":true}]}}