{"id":154509,"date":"2025-05-31T16:01:16","date_gmt":"2025-05-31T16:01:16","guid":{"rendered":"https:\/\/www.europesays.com\/de\/154509\/"},"modified":"2025-05-31T16:01:16","modified_gmt":"2025-05-31T16:01:16","slug":"interwoven-im-hole-of-fame","status":"publish","type":"post","link":"https:\/\/www.europesays.com\/de\/154509\/","title":{"rendered":"&#8222;Interwoven&#8220; im Hole of Fame"},"content":{"rendered":"<p>Die Dresdner Collabo \u201eInterwoven\u201c schl\u00e4gt am Sonnabend, 7. Juni 2025, umsichtig zueinander hinf\u00fchlend im Hole of Fame auf; und das ist nur der Auftakt.<br \/>\n<img fetchpriority=\"high\" decoding=\"async\" class=\"size-full wp-image-226654\" src=\"https:\/\/www.europesays.com\/de\/wp-content\/uploads\/2025\/05\/2025-16-5-Interwoven_performance.jpg\" alt=\"Einblick in die Performance von &quot;Interwoven&quot;. Foto: Interwoven\" width=\"2000\" height=\"1500\"  \/>Einblick in die Performance von \u201eInterwoven\u201c. Foto: Interwoven\n<\/p>\n<p>Mit dem Gruppennamen verweben sich drei Kr\u00e4fte f\u00fcr den einen Auftrag: gemeinsam den ewiglich \u2013\u00a0aka seit Goethe beschworenen \u2013 Augenblick heraufzubeschw\u00f6ren, anzuhalten und zu \u00f6ffnen. Die K\u00fcnstler*innen acacia&amp;magnolia&amp;lilia f\u00fcgen ihre Skillz dabei zu einer Performance zusammen, ohne auf etwas anderes zu bauen, als ihr \u2013 ja, ihr Gef\u00fchl zueinander: \u201eWir proben nicht, wir stimmen uns vorher ab\u201c, erkl\u00e4rt Alabaster, Musiker der Truppe, einleuchtend wie obskur.\n<\/p>\n<p>Die Werkzeuge zur gemeinsamen Performance sind drei vertraute \u2013 und doch zun\u00e4chst voneinander getrennte k\u00fcnstlerische Elemente: Musik. Video. Tanz.\n<\/p>\n<p>\u201eDie T\u00e4nzerin interagiert mit der Musik. W\u00e4hrenddessen werden ihre Bewegungen in Echtzeit aufgenommen, verfremdet und als mehrkanalige Glitch-Projektion visualisiert\u201c, erkl\u00e4rt acacia die Mechanik der ungeprobten Performance.<\/p>\n<p>Pl\u00e4ne &amp; Impros<\/p>\n<p>Spannend, es geht mit der gemeinsamen Improvisation nicht darum, Wiederholungen zu (er)finden und damit den Spielraum f\u00fcr eine Weile zu gestalten, sondern darum, w\u00e4hrend der Performance weiter offen (f\u00fcreinander und das Publikum) zu bleiben, sich demnach immer wieder zu l\u00f6sen von etwas, das gerade noch gemeinsames Spiel war: \u201eWir erz\u00e4hlen vom gemeinsamen Hier und Jetzt. Das hat auch damit zu tun, dass wir einander verlassen und neu suchen m\u00fcssen.\u201c<br \/>\n<img loading=\"lazy\" decoding=\"async\" class=\"size-full wp-image-226653\" src=\"https:\/\/www.europesays.com\/de\/wp-content\/uploads\/2025\/05\/2025-16-5-Interwoven_Alabaster.jpg\" alt=\"Eines der Werkzeuge zur gemeinsamen Erz\u00e4hlung von K\u00f6rper, Klang und Video. Foto: &quot;interwoven&quot;.\" width=\"2000\" height=\"1333\"  \/>Eines der Werkzeuge zur gemeinsamen Erz\u00e4hlung von K\u00f6rper, Klang und Video. Foto: \u201einterwoven\u201c.\n<\/p>\n<p>Die improvisierte Performance soll rund 50 Minuten lang dauern. Hinterher gibt es noch ein einstudiertes St\u00fcck, das acacia&amp;magnolia&amp;lilia vorstellen.\n<\/p>\n<p>Auftakt &amp; Tour<\/p>\n<p>Geplant sind drei Performances in drei St\u00e4dten. Jeder Auftritt wird dabei logischerweise anders sein, weil ungeprobt. Statt miteinander zu \u00fcben, lassen sich acacia&amp;magnolia&amp;lilia lieber aufeinander ein: \u201eWir treffen uns im Vorhinein und sprechen ab, wie die Stimmung ist, in welchem Raum wir uns emotional befinden. Das ist der Ausgangsmoment f\u00fcr die B\u00fchne.\u201c Der Rest ergibt sich \u2013 oder nicht.\n<\/p>\n<ul>\n<li>Auftakt im <a target=\"_blank\" href=\"https:\/\/www.holeoffame.de\/\" rel=\"noopener\">HOLE<\/a> am 7. Juni 2025 (Sonnabend). Am folgenden Tag in der <a target=\"_blank\" href=\"https:\/\/www.forum-kunst-plauen.de\/\" rel=\"noopener\">Galerie Forum K<\/a> in Plauen und dann auf das Gockelscream Festival in D\u00fcrrr\u00f6hrsdorf-Dittersbach.<\/li>\n<li>Via Instagram kann die Performance bereits beeinflusst werden: <a target=\"_blank\" href=\"https:\/\/www.instagram.com\/holeoffamedresden\/?hl=de\" rel=\"noopener\">@holeoffamedresden<\/a>, @<a target=\"_blank\" href=\"https:\/\/www.instagram.com\/acacia_magnolia\/\" rel=\"noopener\">acacia_magnolia<\/a><\/li>\n<\/ul>\n<p>\u00c4hnliche Beitr\u00e4ge vergangener Tage<\/p>\n<ul>\n<li>\n<a href=\"https:\/\/www.neustadt-ticker.de\/864\/aktuell\/hole-of-fame-zieht-um\" target=\"_blank\" rel=\"noopener\"><img loading=\"lazy\" decoding=\"async\" width=\"240\" height=\"135\" src=\"https:\/\/www.europesays.com\/de\/wp-content\/uploads\/2025\/05\/2017-04-12-Invert-240x135.jpg\" class=\"attachment-thumbnail size-thumbnail wp-post-image\" alt=\"\"  \/><\/a><\/p>\n<p><a href=\"https:\/\/www.neustadt-ticker.de\/864\/aktuell\/hole-of-fame-zieht-um\" target=\"_blank\" rel=\"noopener\">Hole of Fame zieht um<\/a><\/p>\n<p>Das &#8222;Hole of Fame&#8220;, das Fachgesch\u00e4ft f\u00fcr Sammelkartenspiele, Manga und Rollenspiele, zieht heute in seine\u2026<\/p>\n<\/li>\n<li>\n<a href=\"https:\/\/www.neustadt-ticker.de\/16154\/aktuell\/nachrichten\/neues-leben-im-hole-of-fame\" target=\"_blank\" rel=\"noopener\">Neues Leben im &#8222;Hole of Fame&#8220;<\/a><\/p>\n<p>Erst k\u00fcrzlich hatte ich das Ladensterben auf der &#8222;Kleinen K\u00f6nigsbr\u00fccker&#8220; beklagt (Neustadt-Gefl\u00fcster vom 26. April\u2026<\/p>\n<\/li>\n<li>\n<\/li>\n<\/ul>\n<p>    <script async src=\"\/\/www.instagram.com\/embed.js\"><\/script><\/p>\n","protected":false},"excerpt":{"rendered":"Die Dresdner Collabo \u201eInterwoven\u201c schl\u00e4gt am Sonnabend, 7. Juni 2025, umsichtig zueinander hinf\u00fchlend im Hole of Fame auf;&hellip;\n","protected":false},"author":2,"featured_media":154510,"comment_status":"","ping_status":"","sticky":false,"template":"","format":"standard","meta":{"footnotes":""},"categories":[1835],"tags":[3364,29,2386,30,54535,54536,4229,859],"class_list":{"0":"post-154509","1":"post","2":"type-post","3":"status-publish","4":"format-standard","5":"has-post-thumbnail","7":"category-dresden","8":"tag-de","9":"tag-deutschland","10":"tag-dresden","11":"tag-germany","12":"tag-hole-of-fame","13":"tag-interwoven","14":"tag-neustadt","15":"tag-sachsen"},"share_on_mastodon":{"url":"https:\/\/pubeurope.com\/@de\/114603287190655076","error":""},"_links":{"self":[{"href":"https:\/\/www.europesays.com\/de\/wp-json\/wp\/v2\/posts\/154509","targetHints":{"allow":["GET"]}}],"collection":[{"href":"https:\/\/www.europesays.com\/de\/wp-json\/wp\/v2\/posts"}],"about":[{"href":"https:\/\/www.europesays.com\/de\/wp-json\/wp\/v2\/types\/post"}],"author":[{"embeddable":true,"href":"https:\/\/www.europesays.com\/de\/wp-json\/wp\/v2\/users\/2"}],"replies":[{"embeddable":true,"href":"https:\/\/www.europesays.com\/de\/wp-json\/wp\/v2\/comments?post=154509"}],"version-history":[{"count":0,"href":"https:\/\/www.europesays.com\/de\/wp-json\/wp\/v2\/posts\/154509\/revisions"}],"wp:featuredmedia":[{"embeddable":true,"href":"https:\/\/www.europesays.com\/de\/wp-json\/wp\/v2\/media\/154510"}],"wp:attachment":[{"href":"https:\/\/www.europesays.com\/de\/wp-json\/wp\/v2\/media?parent=154509"}],"wp:term":[{"taxonomy":"category","embeddable":true,"href":"https:\/\/www.europesays.com\/de\/wp-json\/wp\/v2\/categories?post=154509"},{"taxonomy":"post_tag","embeddable":true,"href":"https:\/\/www.europesays.com\/de\/wp-json\/wp\/v2\/tags?post=154509"}],"curies":[{"name":"wp","href":"https:\/\/api.w.org\/{rel}","templated":true}]}}