{"id":154521,"date":"2025-05-31T16:08:09","date_gmt":"2025-05-31T16:08:09","guid":{"rendered":"https:\/\/www.europesays.com\/de\/154521\/"},"modified":"2025-05-31T16:08:09","modified_gmt":"2025-05-31T16:08:09","slug":"dortmund-rechte-szene-greift-linke-kneipe-an-regional","status":"publish","type":"post","link":"https:\/\/www.europesays.com\/de\/154521\/","title":{"rendered":"Dortmund: Rechte Szene greift linke Kneipe an | Regional"},"content":{"rendered":"<p>Dortmund \u2013 <b>Eine Gruppe hat in den fr\u00fchen Morgenstunden des 31.05. den Eingangsbereich einer Kneipe in der Dortmunder Innenstadt besch\u00e4digt.<\/b><\/p>\n<p>Gegen 04:30 Uhr griffen mehrere Personen gezielt die Gastst\u00e4tte \u201eHirsch Q\u201c an der Br\u00fcckstra\u00dfe an. Mit Bierb\u00e4nken und einem Teleskopschlagstock zerst\u00f6rten sie die gl\u00e4sernen Eingangselemente. Der Eingangsbereich erlitt erhebliche Sch\u00e4den, jedoch wurde niemand verletzt.<\/p>\n<p>Auch interessant<\/p>\n<p>Anzeige<\/p>\n<p>Auch interessant<\/p>\n<p>Anzeige<\/p>\n<p>Die Polizei, die im Rahmen der Einsatzkonzeption Fokus im Dienst war, leitete sofort Fahndungsma\u00dfnahmen ein. Im Bereich des Bissenkamps konnte ein Teil der Gruppe gestellt werden, wobei eine Person direkt festgenommen wurde.<\/p>\n<p>Weitere Verd\u00e4chtige wurden von zivilen und uniformierten Kr\u00e4ften bis zum Dortmunder Hauptbahnhof verfolgt, wo drei weitere Personen festgenommen wurden. Bei den Festnahmen sicherte die Polizei einen Teleskopschlagstock und szenetypisches Propagandamaterial. Ein Mobiltelefon zeigte ein verfassungsfeindliches Motiv auf dem Sperrbildschirm.<\/p>\n<p>Die Polizei f\u00fchrte bei den vier Festgenommenen \u2013 einem 26-j\u00e4hrigen Dortmunder, einem 23-j\u00e4hrigen Essener sowie zwei 17-j\u00e4hrigen Jugendlichen aus Essen und Wuppertal \u2013 erkennungsdienstliche Ma\u00dfnahmen durch. Die Mobiltelefone, Aufkleber und der Schlagstock wurden sichergestellt.<\/p>\n<p>Der Verd\u00e4chtige mit dem Teleskopschlagstock wurde in das Dortmunder Messertrageverbotskonzept aufgenommen, das auch andere gef\u00e4hrliche Gegenst\u00e4nde umfasst.<\/p>\n<p>Die Soko Rechts der Dortmunder Polizei f\u00fchrt die weiteren Ermittlungen. Bei der Spurensicherung wurden zahlreiche Beweismittel sichergestellt. Der Schaden wird auf rund 7.000 Euro gesch\u00e4tzt.<\/p>\n<p>Gegen die vier festgenommenen Personen wurde ein Strafverfahren wegen schweren Landfriedensbruchs eingeleitet. Die Ermittlungen zu weiteren Tatbeteiligten dauern an.<\/p>\n<p>Dieser Text basiert auf einer offiziellen Beh\u00f6rden-Information und wurde mit Hilfe von KI erstellt.<\/p>\n","protected":false},"excerpt":{"rendered":"Dortmund \u2013 Eine Gruppe hat in den fr\u00fchen Morgenstunden des 31.05. den Eingangsbereich einer Kneipe in der Dortmunder&hellip;\n","protected":false},"author":2,"featured_media":85959,"comment_status":"","ping_status":"","sticky":false,"template":"","format":"standard","meta":{"footnotes":""},"categories":[1833],"tags":[3364,29,217,30,1000,2509,1209,121,45,9026,1995],"class_list":{"0":"post-154521","1":"post","2":"type-post","3":"status-publish","4":"format-standard","5":"has-post-thumbnail","7":"category-dortmund","8":"tag-de","9":"tag-deutschland","10":"tag-dortmund","11":"tag-germany","12":"tag-gewalt","13":"tag-ki-ots","14":"tag-nordrhein-westfalen","15":"tag-polizei","16":"tag-texttospeech","17":"tag-vandalismus","18":"tag-verbrechen"},"share_on_mastodon":{"url":"https:\/\/pubeurope.com\/@de\/114603314612023906","error":""},"_links":{"self":[{"href":"https:\/\/www.europesays.com\/de\/wp-json\/wp\/v2\/posts\/154521","targetHints":{"allow":["GET"]}}],"collection":[{"href":"https:\/\/www.europesays.com\/de\/wp-json\/wp\/v2\/posts"}],"about":[{"href":"https:\/\/www.europesays.com\/de\/wp-json\/wp\/v2\/types\/post"}],"author":[{"embeddable":true,"href":"https:\/\/www.europesays.com\/de\/wp-json\/wp\/v2\/users\/2"}],"replies":[{"embeddable":true,"href":"https:\/\/www.europesays.com\/de\/wp-json\/wp\/v2\/comments?post=154521"}],"version-history":[{"count":0,"href":"https:\/\/www.europesays.com\/de\/wp-json\/wp\/v2\/posts\/154521\/revisions"}],"wp:featuredmedia":[{"embeddable":true,"href":"https:\/\/www.europesays.com\/de\/wp-json\/wp\/v2\/media\/85959"}],"wp:attachment":[{"href":"https:\/\/www.europesays.com\/de\/wp-json\/wp\/v2\/media?parent=154521"}],"wp:term":[{"taxonomy":"category","embeddable":true,"href":"https:\/\/www.europesays.com\/de\/wp-json\/wp\/v2\/categories?post=154521"},{"taxonomy":"post_tag","embeddable":true,"href":"https:\/\/www.europesays.com\/de\/wp-json\/wp\/v2\/tags?post=154521"}],"curies":[{"name":"wp","href":"https:\/\/api.w.org\/{rel}","templated":true}]}}