{"id":154631,"date":"2025-05-31T17:11:10","date_gmt":"2025-05-31T17:11:10","guid":{"rendered":"https:\/\/www.europesays.com\/de\/154631\/"},"modified":"2025-05-31T17:11:10","modified_gmt":"2025-05-31T17:11:10","slug":"schweiz-gestautes-wasser-im-loetschental-fliesst-ab","status":"publish","type":"post","link":"https:\/\/www.europesays.com\/de\/154631\/","title":{"rendered":"Schweiz: Gestautes Wasser im L\u00f6tschental flie\u00dft ab"},"content":{"rendered":"<p class=\"paragraph article__item\">Nach dem <a href=\"https:\/\/www.zeit.de\/gesellschaft\/2025-05\/schweiz-kanton-wallis-gletscher-sturz-blatten\" class=\"\" target=\"_blank\" rel=\"noopener\">Gletscherabbruch im L\u00f6tschental<\/a> ist das Flussbett der Lonza weiterhin durch gro\u00dfe Ger\u00f6llmengen blockiert. Das Wasser flie\u00dft aber mittlerweile stetig ab.\u00a0Der Pegelstand des Stausees, der sich am Gebirgsfluss Lonza gebildet<br \/>\nhat, sei innerhalb eines Tages um einen Meter gesunken, sagte der<br \/>\nKantonsgeologe Raphael Mayoraz bei einer Pressekonferenz in Ferden im<br \/>\n<a class=\"rtr-entity\" href=\"https:\/\/www.zeit.de\/thema\/loetschental\" target=\"_blank\" rel=\"noopener\">L\u00f6tschental<\/a>. Die Wassermenge sei von sch\u00e4tzungsweise einer Million Kubikmetern auf etwa 800.000 Kubikmeter gesunken.\n<\/p>\n<p class=\"paragraph article__item\">Das Wasser l\u00e4uft \u00fcber den Schuttkegel, der das Flussbett der Lonza blockiert, nur langsam ab. Das sei laut Mayoraz gut, da so das Risiko sinke, dass sich der Schuttkegel verfl\u00fcssigt und viel Material weiter ins Tal rutscht. Bislang seien die Ingenieure zuversichtlich, dass auch der erwartete Regen in den n\u00e4chsten Tagen keine katastrophalen Auswirkungen haben werde, so Mayoraz.\n<\/p>\n<p class=\"paragraph article__item\">Die Schweizer Gemeinden<br \/>\nGampel und Steg informierten die Bev\u00f6lkerung in der Nacht, dass nun<br \/>\nBaumaschinen eingesetzt w\u00fcrden, um den Abfluss sicherzustellen. &#8222;Es geht darum,<br \/>\nden reibungslosen Ablauf von Ger\u00f6ll und Schwemmholz durch das Bachbett der<br \/>\nLonza innerhalb der Dorfschaften zu gew\u00e4hrleisten&#8220;, hie\u00df es.\n<\/p>\n<p>        Abflusswasser sehr verschmutzt        <\/p>\n<p class=\"paragraph article__item\">Die Gefahr<br \/>\neines Murgangs ist aber noch nicht vollst\u00e4ndig gebannt: Wenn das Wasser der Lonza am<br \/>\nSchuttkegel Ger\u00f6ll und anderes Material mitrei\u00dft und talw\u00e4rts treibt, soll ein weiteres<br \/>\nStaubecken in Ferden dies auffangen k\u00f6nnen. Ansonsten w\u00e4ren die Ortschaften am<br \/>\nunteren Lauf der Lonza \u2013 Gampel und Steg \u2013 gef\u00e4hrdet.\u00a0\n<\/p>\n<p class=\"paragraph article__item\">Der tiefer liegende Stausee in Ferden unterhalb des<br \/>\nKatastrophengebiets wurde zun\u00e4chst vorsorglich entleert und f\u00fcllt sich nun langsam wieder mit Wasser. Der Betreiber des dortigen Kraftwerks wurde angewiesen, je nach Bedarf mehr Wasser abzulassen, um gr\u00f6\u00dfere Wassermengen auffangen zu k\u00f6nnen. Weil das Wasser viele Sedimente, also Sand und Abrieb aus dem Schuttkegel enth\u00e4lt, kann es nicht wie dort eigentlich vorgesehen zur Stromproduktion durch die Turbinen geleitet werden, teilte der F\u00fchrungsstab mit. <\/p>\n<p>                            \u00a9\u00a0Lea Dohle<\/p>\n<p>\n                    Newsletter<\/p>\n<p>                    Was jetzt? \u2013 Der t\u00e4gliche Morgen\u00fcberblick<\/p>\n<p class=\"newsletter-signup__text\">Starten Sie mit unserem kurzen Nachrichten-Newsletter in den Tag. Erhalten Sie zudem freitags den US-Sonderletter &#8222;Was jetzt, America?&#8220; sowie das digitale Magazin ZEIT am Wochenende.<\/p>\n<p class=\"newsletter-signup__datapolicy\" hidden=\"\">\n            Mit Ihrer Registrierung nehmen Sie die <a href=\"https:\/\/datenschutz.zeit.de\/zon#Newsletter\" target=\"_blank\" rel=\"noopener\">Datenschutzerkl\u00e4rung<\/a> zur Kenntnis.\n        <\/p>\n<p>    Vielen Dank! Wir haben Ihnen eine E-Mail geschickt.<\/p>\n<p>Pr\u00fcfen Sie Ihr Postfach und best\u00e4tigen Sie das Newsletter-Abonnement.<\/p>\n<p class=\"paragraph article__item\">Kurz vor dem Eintritt in<br \/>\ndie Rhone flie\u00dft die Lonza teils durch relativ enge Betonkan\u00e4le, die bei einem<br \/>\nAnschwellen schnell \u00fcber die Ufer treten k\u00f6nnten. \u00dcberall sind Messger\u00e4te im<br \/>\nEinsatz, um die Lage rund um die Uhr zu \u00fcberwachen.\n<\/p>\n<p>        Weitere Felsst\u00fcrze m\u00f6glich        <\/p>\n<p class=\"paragraph article__item\">Das Katastrophengebiet liegt auf rund 1.500 Metern H\u00f6he. Am Mittwoch hatte eine Eis-, Fels- und Ger\u00f6lllawine im L\u00f6tschental das <a href=\"https:\/\/www.zeit.de\/gesellschaft\/zeitgeschehen\/2025-05\/schweiz-loetschental-bergsturz\" class=\"\" target=\"_blank\" rel=\"noopener\">Dorf Blatten<\/a> fast vollst\u00e4ndig versch\u00fcttet. Die rund 300 Einwohner waren vorher in Sicherheit gebracht worden.<br \/>\nIn der Gefahrenzone drohen weitere Abbr\u00fcche.\n<\/p>\n<p>            Schweizer Bergsturz        <\/p>\n<p>Mehr zum Thema<\/p>\n<p>                <a href=\"https:\/\/www.zeit.de\/wissen\/umwelt\/2025-05\/blatten-schweiz-dorf-gletscherabbruch-loetschental\" data-ct-label=\"Blatten in der Schweiz: Der Bergsturz, der ein ganzes Dorf ausl\u00f6schte\" target=\"_blank\" rel=\"noopener\"><\/p>\n<p>        Z+ (abopflichtiger Inhalt);<\/p>\n<p>    Blatten in der Schweiz:<br \/>\n                        Der Bergsturz, der ein ganzes Dorf ausl\u00f6schte<\/p>\n<p>                <\/a><\/p>\n<p>                <a href=\"https:\/\/www.zeit.de\/gesellschaft\/zeitgeschehen\/2025-05\/gletscherabbruch-schweiz-birchgletscher-entwarnung\" data-ct-label=\"Gletschersturz in der Schweiz: Aufgestautes Wasser flie\u00dft nach Gletscherabbruch langsam ab\" target=\"_blank\" rel=\"noopener\"><\/p>\n<p>                        Gletschersturz in der Schweiz:<br \/>\n                        Aufgestautes Wasser flie\u00dft nach Gletscherabbruch langsam ab<\/p>\n<p>                <\/a><\/p>\n<p>                <a href=\"https:\/\/www.zeit.de\/gesellschaft\/2025-05\/schweiz-kanton-wallis-gletscher-sturz-blatten\" data-ct-label=\"Kanton Wallis: Gletschersturz zerst\u00f6rt Teile von Schweizer Dorf\" target=\"_blank\" rel=\"noopener\"><\/p>\n<p>                        Kanton Wallis:<br \/>\n                        Gletschersturz zerst\u00f6rt Teile von Schweizer Dorf<\/p>\n<p>                <\/a><\/p>\n","protected":false},"excerpt":{"rendered":"Nach dem Gletscherabbruch im L\u00f6tschental ist das Flussbett der Lonza weiterhin durch gro\u00dfe Ger\u00f6llmengen blockiert. Das Wasser flie\u00dft&hellip;\n","protected":false},"author":2,"featured_media":154632,"comment_status":"","ping_status":"","sticky":false,"template":"","format":"standard","meta":{"footnotes":""},"categories":[5],"tags":[331,332,7887,3364,29,30,1724,13,952,53418,14,25,15,12,293],"class_list":{"0":"post-154631","1":"post","2":"type-post","3":"status-publish","4":"format-standard","5":"has-post-thumbnail","7":"category-nachrichten","8":"tag-aktuelle-nachrichten","9":"tag-aktuelle-news","10":"tag-alpen","11":"tag-de","12":"tag-deutschland","13":"tag-germany","14":"tag-gesellschaft","15":"tag-headlines","16":"tag-klimawandel","17":"tag-loetschental","18":"tag-nachrichten","19":"tag-naturkatastrophe","20":"tag-news","21":"tag-schlagzeilen","22":"tag-schweiz"},"share_on_mastodon":{"url":"https:\/\/pubeurope.com\/@de\/114603562442755385","error":""},"_links":{"self":[{"href":"https:\/\/www.europesays.com\/de\/wp-json\/wp\/v2\/posts\/154631","targetHints":{"allow":["GET"]}}],"collection":[{"href":"https:\/\/www.europesays.com\/de\/wp-json\/wp\/v2\/posts"}],"about":[{"href":"https:\/\/www.europesays.com\/de\/wp-json\/wp\/v2\/types\/post"}],"author":[{"embeddable":true,"href":"https:\/\/www.europesays.com\/de\/wp-json\/wp\/v2\/users\/2"}],"replies":[{"embeddable":true,"href":"https:\/\/www.europesays.com\/de\/wp-json\/wp\/v2\/comments?post=154631"}],"version-history":[{"count":0,"href":"https:\/\/www.europesays.com\/de\/wp-json\/wp\/v2\/posts\/154631\/revisions"}],"wp:featuredmedia":[{"embeddable":true,"href":"https:\/\/www.europesays.com\/de\/wp-json\/wp\/v2\/media\/154632"}],"wp:attachment":[{"href":"https:\/\/www.europesays.com\/de\/wp-json\/wp\/v2\/media?parent=154631"}],"wp:term":[{"taxonomy":"category","embeddable":true,"href":"https:\/\/www.europesays.com\/de\/wp-json\/wp\/v2\/categories?post=154631"},{"taxonomy":"post_tag","embeddable":true,"href":"https:\/\/www.europesays.com\/de\/wp-json\/wp\/v2\/tags?post=154631"}],"curies":[{"name":"wp","href":"https:\/\/api.w.org\/{rel}","templated":true}]}}