{"id":154713,"date":"2025-05-31T17:58:11","date_gmt":"2025-05-31T17:58:11","guid":{"rendered":"https:\/\/www.europesays.com\/de\/154713\/"},"modified":"2025-05-31T17:58:11","modified_gmt":"2025-05-31T17:58:11","slug":"profitaenzer-zsolt-sandor-cseke-ist-wieder-vergeben","status":"publish","type":"post","link":"https:\/\/www.europesays.com\/de\/154713\/","title":{"rendered":"Profit\u00e4nzer Zsolt S\u00e1ndor Cseke ist wieder vergeben"},"content":{"rendered":"<p>Nach Trennung von Kollegin <\/p>\n<p>&#8222;Let&#8217;s Dance&#8220;-Star Zsolt S\u00e1ndor Cseke ist wieder vergeben<\/p>\n<p>31.05.2025 &#8211; 18:25 UhrLesedauer: 2 Min.<\/p>\n<p><a href=\"#focus-0\" class=\"transition-colors duration-200 focus-within:text-magenta block text-current relative\" data-sctrack=\"FocusGalleryImage.Reference\"><img fetchpriority=\"high\" data-testid=\"Opener.Image\" style=\"--lqipURL:url('https:\/\/images.t-online.de\/2025\/05\/hQ2exp6MA4WU\/1773x132:2227x1253\/fit-in\/150x0\/filters:blur(25)\/influencerin-sandra-safiulov-selfiesandra-und-profitaenzer-zsolt-sandor-cseke-bei-der-18-staffel-der-rtl-tanzshow-lets-dance-im-coloneum-koeln-25-042025-nrw-deutschland-influencer-sandra-safiulov-selfiesandra-and-professional-dancer-zsolt-sandor-cseke-at-the-18th-season-of-the-rtl-dance-show-lets-dance-at-the-coloneum-cologne-25-04-2025-nrw-germany-copyright-xchristophxhardtx.jpg')\"   loading=\"eager\" src=\"https:\/\/www.europesays.com\/de\/wp-content\/uploads\/2025\/05\/influencerin-sandra-safiulov-selfiesandra-und-profitaenzer-zsolt-sandor-cseke-bei-der-18-staffel-der.jpeg\" alt=\"imago images 0814413194\" title=\"imago images 0814413194\" width=\"2227\" height=\"1253\" class=\"bg-[url:var(--lqipURL)] bg-cover bg-center flex w-full max-w-full h-full\" decoding=\"async\"\/><img style=\"--width:32;--height:32\" loading=\"lazy\" src=\"https:\/\/www.europesays.com\/de\/wp-content\/uploads\/2025\/05\/zoom-in.f7dae02f.svg.svg+xml\" alt=\"Vergr\u00f6\u00dfern des Bildes\" title=\"Vergr\u00f6\u00dfern des Bildes\" class=\"&#10;        block&#10;        h-[calc(var(--height)_\/_16_*_1rem)]&#10;        w-[calc(var(--width)_\/_16_*_1rem)]&#10;        max-w-none&#10;        absolute bottom-8 right-8 rounded-4 bg-snow p-8\" decoding=\"async\"\/><\/a><\/p>\n<p>Profit\u00e4nzer Zsolt S\u00e1ndor Cseke: Der &#8222;Let&#8217;s Dance&#8220;-Star ist wieder vergeben. (Quelle: IMAGO\/Christoph Hardt\/imago)<\/p>\n<p class=\"font-bold text-18 leading-17\">Neue Liebe f\u00fcr &#8222;Let&#8217;s Dance&#8220;-Star: Die Profit\u00e4nzer Zsolt S\u00e1ndor Cseke und Malika Dzumaev trennten sich vor wenigen Monaten. Jetzt pr\u00e4sentiert der Rum\u00e4ne seine neue Freundin.<\/p>\n<p class=\"text-18 leading-17\">&#8222;Zwei Seelen, ein Weg und unser L\u00e4cheln schreibt Geschichte&#8220; \u2013 mit diesen Worten stellt &#8222;Let&#8217;s Dance&#8220;-Star Zsolt S\u00e1ndor Cseke seinen 145.000 Fans bei Instagram seine neue Freundin Anna-Lena vor. Binnen weniger Stunden bekommt der Beitrag mehr als 16.000 Likes und hunderte Kommentare.<\/p>\n<p class=\"text-18 leading-17\">Nicht nur Fans gratulieren dem Profit\u00e4nzer zu seinem neuen Liebesgl\u00fcck, sondern auch einige Weggef\u00e4hrten. T\u00e4nzer <a class=\"transition-colors duration-200 cursor-pointer text-inherit no-underline text-salemsfur md:hover:text-magenta md:hover:border-magenta md:focus:text-magenta border-current border-b border-solid break-words\" href=\"https:\/\/www.t-online.de\/themen\/massimo-sinato\/\" data-sctrack=\"BodyAnchor\" target=\"_blank\" rel=\"noopener\">Massimo Sinato<\/a> schreibt: &#8222;Freu mich riesig f\u00fcr dich, mein Freund! Es ist sch\u00f6n zu sehen, wie gl\u00fccklich ihr zusammen seid, und ich w\u00fcnsche euch alles Gute f\u00fcr eure gemeinsame Zukunft.&#8220; Juror <a class=\"transition-colors duration-200 cursor-pointer text-inherit no-underline text-salemsfur md:hover:text-magenta md:hover:border-magenta md:focus:text-magenta border-current border-b border-solid break-words\" href=\"https:\/\/www.t-online.de\/themen\/joachim-llambi\/\" data-sctrack=\"BodyAnchor\" target=\"_blank\" rel=\"noopener\">Joachim Llambi<\/a> kommentiert: &#8222;Es wird gro\u00dfartig.&#8220; Taliso Engel, Para-Schwimmer und Zweitplatzierter der aktuellen &#8222;Let&#8217;s Dance&#8220;-Staffel, setzte drei Herzen unter den Beitrag.<\/p>\n<p class=\"text-18 leading-17\">Im August 2024 hatten Zsolt S\u00e1ndor Cseke und Malika Dzumaev ihre Trennung bekannt gegeben. Auf Instagram schrieben sie: &#8222;Wenn aus Liebe Freundschaft wird &#8230; Es ist ein Schritt, f\u00fcr den wir \u00fcber ein Jahr gebraucht haben und eine Entscheidung, die wir gemeinsam getroffen haben! Eine Trennung ist nie einfach, besonders wenn uns sehr viele gemeinsame Erinnerungen verbinden. Wir haben in den letzten neun Jahren so viel gemeinsam erlebt und durchgestanden, und daf\u00fcr sind wir unglaublich dankbar.&#8220;<\/p>\n<p class=\"text-18 leading-17\">Und sie machten weiter klar: &#8222;Wir sind weiterhin f\u00fcreinander da und werden die enge Bindung, die wir aufgebaut haben, niemals verlieren. Trotz dieser Ver\u00e4nderung im Leben werden wir weiterhin beste Freunde, Tanzpartner und Arbeitskollegen bleiben, die vieles miteinander teilen und uns immer gegenseitig helfen werden.&#8220;<\/p>\n","protected":false},"excerpt":{"rendered":"Nach Trennung von Kollegin &#8222;Let&#8217;s Dance&#8220;-Star Zsolt S\u00e1ndor Cseke ist wieder vergeben 31.05.2025 &#8211; 18:25 UhrLesedauer: 2 Min.&hellip;\n","protected":false},"author":2,"featured_media":154714,"comment_status":"","ping_status":"","sticky":false,"template":"","format":"standard","meta":{"footnotes":""},"categories":[155],"tags":[29,214,30,152,8963,639,43975,34671,215,49594],"class_list":{"0":"post-154713","1":"post","2":"type-post","3":"status-publish","4":"format-standard","5":"has-post-thumbnail","7":"category-unterhaltung","8":"tag-deutschland","9":"tag-entertainment","10":"tag-germany","11":"tag-instagram","12":"tag-joachim-llambi","13":"tag-lets-dance","14":"tag-malika-dzumaev","15":"tag-massimo-sinato","16":"tag-unterhaltung","17":"tag-zsolt-sandor-cseke"},"share_on_mastodon":{"url":"https:\/\/pubeurope.com\/@de\/114603747636276129","error":""},"_links":{"self":[{"href":"https:\/\/www.europesays.com\/de\/wp-json\/wp\/v2\/posts\/154713","targetHints":{"allow":["GET"]}}],"collection":[{"href":"https:\/\/www.europesays.com\/de\/wp-json\/wp\/v2\/posts"}],"about":[{"href":"https:\/\/www.europesays.com\/de\/wp-json\/wp\/v2\/types\/post"}],"author":[{"embeddable":true,"href":"https:\/\/www.europesays.com\/de\/wp-json\/wp\/v2\/users\/2"}],"replies":[{"embeddable":true,"href":"https:\/\/www.europesays.com\/de\/wp-json\/wp\/v2\/comments?post=154713"}],"version-history":[{"count":0,"href":"https:\/\/www.europesays.com\/de\/wp-json\/wp\/v2\/posts\/154713\/revisions"}],"wp:featuredmedia":[{"embeddable":true,"href":"https:\/\/www.europesays.com\/de\/wp-json\/wp\/v2\/media\/154714"}],"wp:attachment":[{"href":"https:\/\/www.europesays.com\/de\/wp-json\/wp\/v2\/media?parent=154713"}],"wp:term":[{"taxonomy":"category","embeddable":true,"href":"https:\/\/www.europesays.com\/de\/wp-json\/wp\/v2\/categories?post=154713"},{"taxonomy":"post_tag","embeddable":true,"href":"https:\/\/www.europesays.com\/de\/wp-json\/wp\/v2\/tags?post=154713"}],"curies":[{"name":"wp","href":"https:\/\/api.w.org\/{rel}","templated":true}]}}