{"id":154728,"date":"2025-05-31T18:06:13","date_gmt":"2025-05-31T18:06:13","guid":{"rendered":"https:\/\/www.europesays.com\/de\/154728\/"},"modified":"2025-05-31T18:06:13","modified_gmt":"2025-05-31T18:06:13","slug":"bedient-sich-der-thw-kiel-erneut-beim-fc-barcelona","status":"publish","type":"post","link":"https:\/\/www.europesays.com\/de\/154728\/","title":{"rendered":"Bedient sich der THW Kiel erneut beim FC Barcelona?"},"content":{"rendered":"\n<p>Zur neuen Saison schlie\u00dft sich\u00a0Gonzalo Perez de Vargas dem Handball-Rekordmeister THW Kiel an. Der Weltklasse-Keeper kommt vom\u00a0FC Barcelona an die F\u00f6rde. Zur Spielzeit 2026\/27 k\u00f6nnte offenbar ein weiterer Superstar von Barca in die HBL wechseln. Auch ein Spielmacher der Spanier soll ins Visier der Norddeutschen geraten sein.<\/p>\n<p>Der &#8222;Sport Bild&#8220; zufolge sei aus dem Umfeld des <a href=\"https:\/\/www.sport.de\/handball\/te3576\/thw-kiel\/\" target=\"_blank\" rel=\"noopener\">THW Kiel<\/a> zu h\u00f6ren, dass sich der deutsche Bundesliga-Rekordmeister mit einer Verpflichtung von Spielmacher <a href=\"https:\/\/www.sport.de\/handball\/pe514136\/domen-makuc\/\" target=\"_blank\" rel=\"noopener\">Domen Makuc<\/a> besch\u00e4ftigt. Aktuell steht der 24-J\u00e4hrige noch bis 2026 beim <a href=\"https:\/\/www.sport.de\/type\/te3425\/fc-barcelona\/\" target=\"_blank\" rel=\"noopener\">FC Barcelona<\/a> unter Vertrag. Mit Barca gewann der R\u00fcckraummann\u00a0unter anderem drei Mal die Champions League (2021, 2022, 2024).<\/p>\n<p>Der Leistungstr\u00e4ger aus Slowenien, das sei aus Spielerkreisen zu h\u00f6ren, k\u00f6nnte nach Ablauf seines Arbeitspapier anschlie\u00dfend in der Landeshauptstadt von Schleswig-Holstein anheuern, hei\u00dft es im Bericht der Sportzeitung weiter. Makuc kann nicht nur in der Mitte, sondern auch auch halblinks eingesetzt werden.<\/p>\n<p>\t\tN\u00e4chster Barca-Star f\u00fcr den THW Kiel?<\/p>\n<p>Der Nationalspieler w\u00e4re nach\u00a0Weltklasse-Torh\u00fcter Gonzalo Perez de Vargas der zweite Superstar, der innerhalb weniger Jahre den Schritt von den Katalanen zu den Zebras macht. Die Verpflichtung des Spaniers, die seit Sommer 2023 bereits feststeht, wird zur neuen Saison vollzogen.<\/p>\n<p>&#8222;Als Leistungssportler m\u00f6chte ich eine der schwierigsten Herausforderungen im Handball annehmen, n\u00e4mlich in der besten Liga der Welt zu spielen&#8220;, sagte der viermalige Champions-League-Sieger. &#8222;F\u00fcr mich war immer klar: Wenn es nach Deutschland geht, dann nur zum THW Kiel. Neben Bar\u00e7a ist der THW f\u00fcr mich der gr\u00f6\u00dfte Verein der Welt. Ich habe unz\u00e4hlige Male gegen diesen Klub gespielt und die Atmosph\u00e4re in Kiel immer genossen&#8220;, so Perez de Vargas <a href=\"https:\/\/www.sport.de\/news\/ne5514227\/handball--hbl-thw-kiel-verpflichtet-zweimaligen-europameister\/\" target=\"_blank\" rel=\"noopener\">bei seiner Vertragsunterzeichnung vor knapp zwei Jahren.<\/a><\/p>\n<p>Mit Andreas Wolff steht ein weiterer namhafter Schlussmann f\u00fcr die neue Saison beim THW unter Vertrag.<\/p>\n","protected":false},"excerpt":{"rendered":"Zur neuen Saison schlie\u00dft sich\u00a0Gonzalo Perez de Vargas dem Handball-Rekordmeister THW Kiel an. Der Weltklasse-Keeper kommt vom\u00a0FC Barcelona&hellip;\n","protected":false},"author":2,"featured_media":154729,"comment_status":"","ping_status":"","sticky":false,"template":"","format":"standard","meta":{"footnotes":""},"categories":[1852],"tags":[3364,29,54564,54565,548,663,3934,8834,30,1391,13,4949,14,15,12,1971,863,7748],"class_list":{"0":"post-154728","1":"post","2":"type-post","3":"status-publish","4":"format-standard","5":"has-post-thumbnail","7":"category-kiel","8":"tag-de","9":"tag-deutschland","10":"tag-dhb-pokal-frauen","11":"tag-domen-makuc","12":"tag-eu","13":"tag-europa","14":"tag-europe","15":"tag-fc-barcelona","16":"tag-germany","17":"tag-handball","18":"tag-headlines","19":"tag-kiel","20":"tag-nachrichten","21":"tag-news","22":"tag-schlagzeilen","23":"tag-schleswig-holstein","24":"tag-sport-allgemein","25":"tag-thw-kiel"},"share_on_mastodon":{"url":"https:\/\/pubeurope.com\/@de\/114603778560574058","error":""},"_links":{"self":[{"href":"https:\/\/www.europesays.com\/de\/wp-json\/wp\/v2\/posts\/154728","targetHints":{"allow":["GET"]}}],"collection":[{"href":"https:\/\/www.europesays.com\/de\/wp-json\/wp\/v2\/posts"}],"about":[{"href":"https:\/\/www.europesays.com\/de\/wp-json\/wp\/v2\/types\/post"}],"author":[{"embeddable":true,"href":"https:\/\/www.europesays.com\/de\/wp-json\/wp\/v2\/users\/2"}],"replies":[{"embeddable":true,"href":"https:\/\/www.europesays.com\/de\/wp-json\/wp\/v2\/comments?post=154728"}],"version-history":[{"count":0,"href":"https:\/\/www.europesays.com\/de\/wp-json\/wp\/v2\/posts\/154728\/revisions"}],"wp:featuredmedia":[{"embeddable":true,"href":"https:\/\/www.europesays.com\/de\/wp-json\/wp\/v2\/media\/154729"}],"wp:attachment":[{"href":"https:\/\/www.europesays.com\/de\/wp-json\/wp\/v2\/media?parent=154728"}],"wp:term":[{"taxonomy":"category","embeddable":true,"href":"https:\/\/www.europesays.com\/de\/wp-json\/wp\/v2\/categories?post=154728"},{"taxonomy":"post_tag","embeddable":true,"href":"https:\/\/www.europesays.com\/de\/wp-json\/wp\/v2\/tags?post=154728"}],"curies":[{"name":"wp","href":"https:\/\/api.w.org\/{rel}","templated":true}]}}