{"id":154741,"date":"2025-05-31T18:13:08","date_gmt":"2025-05-31T18:13:08","guid":{"rendered":"https:\/\/www.europesays.com\/de\/154741\/"},"modified":"2025-05-31T18:13:08","modified_gmt":"2025-05-31T18:13:08","slug":"weisses-haeusl-paechter-gesucht-ludwigshafen","status":"publish","type":"post","link":"https:\/\/www.europesays.com\/de\/154741\/","title":{"rendered":"\u201eWei\u00dfes H\u00e4usl\u201c: P\u00e4chter gesucht &#8211; Ludwigshafen"},"content":{"rendered":"<p><b\/>Jahrzehntelang war die Ausflugsgastst\u00e4tte \u201eWei\u00dfes H\u00e4usl\u201c zwischen Rhein und Kiefweiher ein gastronomischer Selbstl\u00e4ufer \u2013  doch seit sich das Ehepaar Bernd und Gertrud Zaun vor acht Jahren aus gesundheitlichen und Altersgr\u00fcnden in den Ruhestand zur\u00fcckzog, sucht die Familie vergebens nach einem professionellen P\u00e4chter. <\/p>\n<p>\u201eEs haben sich im Laufe der Jahre durchaus einige Interessenten bei uns gemeldet \u2013  aber wir mussten allen absagen,\u201c berichtet Tochter Jeanette. Denn die Eigent\u00fcmer haben Qualit\u00e4tsanspr\u00fcche an einen potenziellen Zaun-Nachfolger, die keiner von den Bewerbern erf\u00fcllen konnte: \u201eDer eine wollte einen D\u00f6nerbetrieb aufziehen, der andere ein Schnellrestaurant, und zuletzt einer nur die Au\u00dfenanlage f\u00fcr einen Zeltbetrieb pachten. Da machen wir nicht mit.\u201c<\/p>\n<p>Dabei w\u00e4re das strahlend wei\u00dfe Haus in unmittelbarer N\u00e4he zum Rheinufer in k\u00fcrzester Zeit f\u00fcr einen \u201eNeuwirt\u201c betriebsbereit: Im einstigen Hauptrestaurant stehen 45 Pl\u00e4tze, in einem Nebenzimmer weitere rund 100 Pl\u00e4tze zur Verf\u00fcgung. Und dann kommen auch noch etwa 300 Sitzgelegenheiten auf einer kleinen Terrasse und im weitl\u00e4ufigen Au\u00dfenbereich dazu. \u201eWir suchen einen Gastwirt aus Leidenschaft\u201c, sagt Jeanette Zaun. \u201eDie massive Bestuhlung ist nach wie vor vorhanden \u2013  ein neuer Wirt muss nur noch die Gl\u00e4ser und sonstiges kleineres Inventar mitbringen, dann kann er loslegen.\u201c Ein weiterer Pluspunkt dieser einst stark frequentierten Ausflugsgastst\u00e4tte: Vor dem Haus und nur 100 Meter weiter Richtung Rheinufer stehen zahlreiche kostenlose Parkpl\u00e4tze zur Verf\u00fcgung.<\/p>\n<p>Zur Kontaktaufnahme eingeladen<\/p>\n<p>Der Rheing\u00f6nheimer Ortsvorsteher Wilhelm Wissmann (CDU) bedauert die jahrelange vergebliche Suche der Zaun-Familie nach einem geeigneten P\u00e4chter. \u201eDie alten Rheing\u00f6nheimer erinnern sich mit Wehmut, was das f\u00fcr ein tolles Ausflugsziel nicht nur mit dem Auto, sondern vor allem auch mit dem Fahrrad war \u2013  ins Wei\u00dfe H\u00e4usl ist im Sommer oft die ganze Familie mit Kind und Kegel ausgefahren.\u201c Rund 35 Jahre lang bewirtschafteten der mittlerweile verstorbene Bernd Zaun und seine Frau deshalb vor allem zahlreiche Stammg\u00e4ste aus der ganzen Kurpfalz, die zeitweise auch Getr\u00e4nke aus der hauseigenen Bierbrauerei zu sch\u00e4tzen wussten. Jeanette Zaun: \u201eSollte sich ein echter Gastronom berufen f\u00fchlen, dort professionell einzusteigen, ist er herzlich zur Kontaktaufnahme eingeladen.\u201c Dann m\u00fcsste er die Telefonnummer 0170 9866655 anw\u00e4hlen.<\/p>\n","protected":false},"excerpt":{"rendered":"Jahrzehntelang war die Ausflugsgastst\u00e4tte \u201eWei\u00dfes H\u00e4usl\u201c zwischen Rhein und Kiefweiher ein gastronomischer Selbstl\u00e4ufer \u2013 doch seit sich das&hellip;\n","protected":false},"author":2,"featured_media":154742,"comment_status":"","ping_status":"","sticky":false,"template":"","format":"standard","meta":{"footnotes":""},"categories":[1845],"tags":[54566,1634,54569,3364,29,548,663,3934,553,30,54567,13,54568,4060,25476,2096,14,15,5206,12],"class_list":{"0":"post-154741","1":"post","2":"type-post","3":"status-publish","4":"format-standard","5":"has-post-thumbnail","7":"category-mannheim","8":"tag-ausflugsgaststaette","9":"tag-baden-wuerttemberg","10":"tag-bernd-zaun","11":"tag-de","12":"tag-deutschland","13":"tag-eu","14":"tag-europa","15":"tag-europe","16":"tag-familie","17":"tag-germany","18":"tag-gertrud-zaun","19":"tag-headlines","20":"tag-jeanette-zaun","21":"tag-lokal","22":"tag-ludwigshafen","23":"tag-mannheim","24":"tag-nachrichten","25":"tag-news","26":"tag-rhein","27":"tag-schlagzeilen"},"share_on_mastodon":{"url":"https:\/\/pubeurope.com\/@de\/114603806181706347","error":""},"_links":{"self":[{"href":"https:\/\/www.europesays.com\/de\/wp-json\/wp\/v2\/posts\/154741","targetHints":{"allow":["GET"]}}],"collection":[{"href":"https:\/\/www.europesays.com\/de\/wp-json\/wp\/v2\/posts"}],"about":[{"href":"https:\/\/www.europesays.com\/de\/wp-json\/wp\/v2\/types\/post"}],"author":[{"embeddable":true,"href":"https:\/\/www.europesays.com\/de\/wp-json\/wp\/v2\/users\/2"}],"replies":[{"embeddable":true,"href":"https:\/\/www.europesays.com\/de\/wp-json\/wp\/v2\/comments?post=154741"}],"version-history":[{"count":0,"href":"https:\/\/www.europesays.com\/de\/wp-json\/wp\/v2\/posts\/154741\/revisions"}],"wp:featuredmedia":[{"embeddable":true,"href":"https:\/\/www.europesays.com\/de\/wp-json\/wp\/v2\/media\/154742"}],"wp:attachment":[{"href":"https:\/\/www.europesays.com\/de\/wp-json\/wp\/v2\/media?parent=154741"}],"wp:term":[{"taxonomy":"category","embeddable":true,"href":"https:\/\/www.europesays.com\/de\/wp-json\/wp\/v2\/categories?post=154741"},{"taxonomy":"post_tag","embeddable":true,"href":"https:\/\/www.europesays.com\/de\/wp-json\/wp\/v2\/tags?post=154741"}],"curies":[{"name":"wp","href":"https:\/\/api.w.org\/{rel}","templated":true}]}}