{"id":154772,"date":"2025-05-31T18:32:09","date_gmt":"2025-05-31T18:32:09","guid":{"rendered":"https:\/\/www.europesays.com\/de\/154772\/"},"modified":"2025-05-31T18:32:09","modified_gmt":"2025-05-31T18:32:09","slug":"im-austausch-fuer-haeftlinge-hamas-will-zehn-geiseln-freilassen-und-18-leichen-uebergeben","status":"publish","type":"post","link":"https:\/\/www.europesays.com\/de\/154772\/","title":{"rendered":"Im Austausch f\u00fcr H\u00e4ftlinge: Hamas will zehn Geiseln freilassen und 18 Leichen \u00fcbergeben"},"content":{"rendered":"<p>                    Im Austausch f\u00fcr H\u00e4ftlinge<br \/>\n                Hamas will zehn Geiseln freilassen und 18 Leichen \u00fcbergeben<\/p>\n<p>\t\t\t\t              31.05.2025, 18:41 Uhr<\/p>\n<p>\t\t\t\t\t       Artikel anh\u00f6ren<\/p>\n<p>\t\t\t\t\t\t\tDiese Audioversion wurde k\u00fcnstlich generiert. <a href=\"https:\/\/www.n-tv.de\/23249898\" target=\"_blank\" rel=\"noopener\">Mehr Infos<\/a><\/p>\n<p><strong>Bei den Verhandlungen \u00fcber eine Waffenruhe geht die Hamas einen Schritt auf Israel zu. Die Terrororganisation will Geiseln freilassen und die sterblichen \u00dcberreste weiterer Opfer \u00fcbergeben. Der Plan von Trumps Sondergesandten Wittkoff sieht daf\u00fcr die Freilassung pal\u00e4stinensischer H\u00e4ftlinge vor.<\/strong><\/p>\n<p>Die islamistische Hamas im Gazastreifen hat dem Waffenruheplan des US-Vermittlers Steve Witkoff in einem zentralen Punkt zugestimmt. Wie die Organisation in ihrem Telegram-Kanal mitteilte, enth\u00e4lt ihre Antwort an die USA ein Bekenntnis zur teilweisen Freilassung von israelischen Geiseln im Gegenzug f\u00fcr die Freilassung pal\u00e4stinensischer Gefangener durch Israel.<\/p>\n<p>Der Witkoff-Plan sieht vor, dass w\u00e4hrend einer 60-t\u00e4gigen Waffenruhe zehn Geiseln sowie die sterblichen \u00dcberreste von 18 weiteren Opfern der Hamas an Israel \u00fcbergeben werden. Israel geht davon aus, dass sich derzeit 20 bis 23 lebende Geiseln sowie mindestens 35 Leichen von Verschleppten in der Gewalt der Hamas befinden. <\/p>\n<p>Gem\u00e4\u00df dem Witkoff-Plan sollen die beiden Seiten w\u00e4hrend der 60-t\u00e4gigen Waffenruhe \u00fcber die Freilassung der restlichen Geiseln im Gegenzug f\u00fcr eine Beendigung des Krieges verhandeln. Eine Garantie f\u00fcr die endg\u00fcltige Einstellung der Kampfhandlungen gibt es dabei nicht &#8211; das war aber bisher eine zentrale Forderung der Hamas. Inwieweit die Hamas nun auf diesen Teil des Plans reagiert hat, blieb zun\u00e4chst offen.<\/p>\n<p>Die israelische Regierung unter Ministerpr\u00e4sident Benjamin Netanjahu lehnt eine Waffenruhe, in deren Zuge alle Geiseln freikommen und der Krieg ein Ende findet, strikt ab. Kritiker werfen ihr vor, den Krieg aus innenpolitischen Gr\u00fcnden unbegrenzt weiterf\u00fchren zu wollen. <\/p>\n<p>Mit dem Zugest\u00e4ndnis einer nur teilweisen Geiselfreilassung hat sich die Hamas in den Verhandlungen auf Israel zubewegt &#8211; wohl auch unter dem Eindruck ihrer massiven Verluste im Krieg und der katastrophalen Lage der gedr\u00e4ngten Bev\u00f6lkerung des Gazastreifens. Dort droht eine Hungersnot.<\/p>\n","protected":false},"excerpt":{"rendered":"Im Austausch f\u00fcr H\u00e4ftlinge Hamas will zehn Geiseln freilassen und 18 Leichen \u00fcbergeben 31.05.2025, 18:41 Uhr Artikel anh\u00f6ren&hellip;\n","protected":false},"author":2,"featured_media":154773,"comment_status":"","ping_status":"","sticky":false,"template":"","format":"standard","meta":{"footnotes":""},"categories":[5],"tags":[331,332,3364,29,738,30,410,13,411,412,14,15,16994,16,12],"class_list":{"0":"post-154772","1":"post","2":"type-post","3":"status-publish","4":"format-standard","5":"has-post-thumbnail","7":"category-nachrichten","8":"tag-aktuelle-nachrichten","9":"tag-aktuelle-news","10":"tag-de","11":"tag-deutschland","12":"tag-gazastreifen","13":"tag-germany","14":"tag-hamas","15":"tag-headlines","16":"tag-israel","17":"tag-israel-krieg","18":"tag-nachrichten","19":"tag-news","20":"tag-palaestinensergebiete","21":"tag-politik","22":"tag-schlagzeilen"},"share_on_mastodon":{"url":"https:\/\/pubeurope.com\/@de\/114603880892590857","error":""},"_links":{"self":[{"href":"https:\/\/www.europesays.com\/de\/wp-json\/wp\/v2\/posts\/154772","targetHints":{"allow":["GET"]}}],"collection":[{"href":"https:\/\/www.europesays.com\/de\/wp-json\/wp\/v2\/posts"}],"about":[{"href":"https:\/\/www.europesays.com\/de\/wp-json\/wp\/v2\/types\/post"}],"author":[{"embeddable":true,"href":"https:\/\/www.europesays.com\/de\/wp-json\/wp\/v2\/users\/2"}],"replies":[{"embeddable":true,"href":"https:\/\/www.europesays.com\/de\/wp-json\/wp\/v2\/comments?post=154772"}],"version-history":[{"count":0,"href":"https:\/\/www.europesays.com\/de\/wp-json\/wp\/v2\/posts\/154772\/revisions"}],"wp:featuredmedia":[{"embeddable":true,"href":"https:\/\/www.europesays.com\/de\/wp-json\/wp\/v2\/media\/154773"}],"wp:attachment":[{"href":"https:\/\/www.europesays.com\/de\/wp-json\/wp\/v2\/media?parent=154772"}],"wp:term":[{"taxonomy":"category","embeddable":true,"href":"https:\/\/www.europesays.com\/de\/wp-json\/wp\/v2\/categories?post=154772"},{"taxonomy":"post_tag","embeddable":true,"href":"https:\/\/www.europesays.com\/de\/wp-json\/wp\/v2\/tags?post=154772"}],"curies":[{"name":"wp","href":"https:\/\/api.w.org\/{rel}","templated":true}]}}