{"id":154819,"date":"2025-05-31T19:01:16","date_gmt":"2025-05-31T19:01:16","guid":{"rendered":"https:\/\/www.europesays.com\/de\/154819\/"},"modified":"2025-05-31T19:01:16","modified_gmt":"2025-05-31T19:01:16","slug":"kleinere-vorfaelle-bei-fan-feiern-in-muenchen","status":"publish","type":"post","link":"https:\/\/www.europesays.com\/de\/154819\/","title":{"rendered":"Kleinere Vorf\u00e4lle bei Fan-Feiern in M\u00fcnchen"},"content":{"rendered":"<p id=\"absatz1\">\n\t\t\t\t\t\t\tDas Champions-League-Finale in M\u00fcnchen wollen viele Menschen zusammen mit anderen im Freien erleben. Nicht \u00fcberall ist noch Platz. An einem U-Bahnhof wird Pfefferspray eingesetzt.<\/p>\n<p class=\"em_text\">Zehntausende Fu\u00dfballfans von Paris Saint-Germain und Inter Mailand haben sich in M\u00fcnchen auf das Champions-League-Finale eingestimmt. Viele Anh\u00e4nger feierten schon tags\u00fcber in der Innenstadt, sp\u00e4ter in den Fanzonen und in den Bahnen sowie Bussen auf dem Weg zum Stadion. Dabei kam es gelegentlich zu kleineren Auseinandersetzungen zwischen den beiden Fan-Lagern. Von gr\u00f6\u00dferen Vorf\u00e4llen berichtete die Polizei allerdings zun\u00e4chst nichts.<\/p>\n<p>\t\t\t\t\t\t\t\t\t\t\t\t\t\t\t\t\t\t\tSingende Italiener<\/p>\n<p class=\"em_text\">Am sp\u00e4ten Nachmittag versuchten viele Zuschauer, zur Fu\u00dfball-Arena zu gelangen. Teils stockt der Verkehr, wie dpa-Reporter berichten. In den teils sehr vollen U-Bahnen war die Stimmung oftmals fr\u00f6hlich, Italiener sangen mancherorts lautstark. Am Odeonsplatz wurden die Zug\u00e4nge zur U-Bahn zeitweise aus Sicherheitsgr\u00fcnden wegen zu vieler Menschen gesperrt.<\/p>\n<p class=\"em_text\">Am U-Bahnhof Universit\u00e4t gerieten einige Menschen laut Polizei aneinander. Dabei sei auch Pfefferspray verspr\u00fcht worden. Die Ermittlungen zu den Umst\u00e4nden dauerten am Abend an, in einer U-Bahn wurde die Notbremsung ausgel\u00f6st. Weitere Einzelheiten waren zun\u00e4chst nicht bekannt. Wegen des Vorfalls kam es auf den U-Bahn-Linien U3\/U6 zu Verz\u00f6gerungen Richtung Arena, auch weil sich Menschen in den Gleisen aufhielten.\u00a0<\/p>\n<p>\t\t\t\t\t\t\t\t\t\t\t\t\t\t\t\t\t\t\tOlympiapark \u00fcberf\u00fcllt<\/p>\n<p class=\"em_text\">Keine drei Stunden vor Anpfiff schlossen die Veranstalter die gr\u00f6\u00dfte Fanzone der Stadt im Olympiapark. Etwa 20.000 Menschen seien eingelassen worden, sagte ein Stadtsprecher. An einer Stelle huschten sp\u00e4ter einige Menschen unbemerkt aufs eigentlich geschlossene Gel\u00e4nde, weil ein Bauzaun fehlte.\u00a0<\/p>\n<p class=\"em_text\">Wer gemeinsam mit vielen anderen das Spiel verfolgen wollte, konnte auch auf die Fanzonen etwa am K\u00f6nigsplatz ausweichen. Auch in Bierg\u00e4rten wurden Public-Viewing-Events angeboten.<\/p>\n<p class=\"em_text\">\u00a9 dpa-infocom, dpa:250531-930-613089\/4<\/p>\n<p><a href=\"https:\/\/img.donaukurier.de\/ezplatform\/images\/7\/7\/5\/8\/391288577-1-ger-DE\/a77c57a9a1ad-mnrlhr2no3-v3-ax-s2048.jpeg\" class=\"use-fancybox\" data-fancybox=\"images\" data-caption=\"\" rel=\"nofollow noopener\" target=\"_blank\">                        <\/p>\n<p>    <img decoding=\"async\" aria-hidden=\"true\" loading=\"lazy\" onload=\"this.parentNode.style.backgroundColor=\" transparent=\"\" alt=\"\" src=\"https:\/\/www.europesays.com\/de\/wp-content\/uploads\/2025\/05\/a77c57a9a1ad-mnrlhr2no3-v3-ax-s2048.jpeg\" class=\"media-image img-fluid owl-lazy  h-100 \" width=\"1040\" height=\"auto\" itemprop=\"image\" style=\"opacity: 1; object-fit: cover; max-height: 520px;\"\/><\/p>\n<p>            <\/a><\/p>\n<p class=\"caption\">\n                Vor dem Finale Paris Saint-Germain &#8211; Inter Mailand &#8211; Die Polizei ist mit einem Gro\u00dfaufgebot im Einsatz. &#8211; Foto: Sven Hoppe\/dpa<\/p>\n<p><a href=\"https:\/\/img.donaukurier.de\/ezplatform\/images\/0\/1\/6\/8\/391288610-1-ger-DE\/b9deb4950f41-dhusvjkare-v3-ax-s2048.jpeg\" class=\"use-fancybox\" data-fancybox=\"images\" data-caption=\"\" rel=\"nofollow noopener\" target=\"_blank\">                        <\/p>\n<p>    <img decoding=\"async\" aria-hidden=\"true\" loading=\"lazy\" onload=\"this.parentNode.style.backgroundColor=\" transparent=\"\" alt=\"\" src=\"https:\/\/www.europesays.com\/de\/wp-content\/uploads\/2025\/05\/b9deb4950f41-dhusvjkare-v3-ax-s2048.jpeg\" class=\"media-image img-fluid owl-lazy  h-100 \" width=\"1040\" height=\"auto\" itemprop=\"image\" style=\"opacity: 1; object-fit: cover; max-height: 520px;\"\/><\/p>\n<p>            <\/a><\/p>\n<p class=\"caption\">\n                Paris Saint-Germain &#8211; Inter Mailand &#8211; Fans von Inter Mailand stimmen sich in der Stadt auf das Finale ein. &#8211; Foto: Karl-Josef Hildenbrand\/dpa<\/p>\n","protected":false},"excerpt":{"rendered":"Das Champions-League-Finale in M\u00fcnchen wollen viele Menschen zusammen mit anderen im Freien erleben. Nicht \u00fcberall ist noch Platz.&hellip;\n","protected":false},"author":2,"featured_media":154820,"comment_status":"","ping_status":"","sticky":false,"template":"","format":"standard","meta":{"footnotes":""},"categories":[1827],"tags":[772,468,29,30,1268],"class_list":{"0":"post-154819","1":"post","2":"type-post","3":"status-publish","4":"format-standard","5":"has-post-thumbnail","7":"category-muenchen","8":"tag-bayern","9":"tag-champions-league","10":"tag-deutschland","11":"tag-germany","12":"tag-muenchen"},"share_on_mastodon":{"url":"https:\/\/pubeurope.com\/@de\/114603994910407288","error":""},"_links":{"self":[{"href":"https:\/\/www.europesays.com\/de\/wp-json\/wp\/v2\/posts\/154819","targetHints":{"allow":["GET"]}}],"collection":[{"href":"https:\/\/www.europesays.com\/de\/wp-json\/wp\/v2\/posts"}],"about":[{"href":"https:\/\/www.europesays.com\/de\/wp-json\/wp\/v2\/types\/post"}],"author":[{"embeddable":true,"href":"https:\/\/www.europesays.com\/de\/wp-json\/wp\/v2\/users\/2"}],"replies":[{"embeddable":true,"href":"https:\/\/www.europesays.com\/de\/wp-json\/wp\/v2\/comments?post=154819"}],"version-history":[{"count":0,"href":"https:\/\/www.europesays.com\/de\/wp-json\/wp\/v2\/posts\/154819\/revisions"}],"wp:featuredmedia":[{"embeddable":true,"href":"https:\/\/www.europesays.com\/de\/wp-json\/wp\/v2\/media\/154820"}],"wp:attachment":[{"href":"https:\/\/www.europesays.com\/de\/wp-json\/wp\/v2\/media?parent=154819"}],"wp:term":[{"taxonomy":"category","embeddable":true,"href":"https:\/\/www.europesays.com\/de\/wp-json\/wp\/v2\/categories?post=154819"},{"taxonomy":"post_tag","embeddable":true,"href":"https:\/\/www.europesays.com\/de\/wp-json\/wp\/v2\/tags?post=154819"}],"curies":[{"name":"wp","href":"https:\/\/api.w.org\/{rel}","templated":true}]}}