{"id":154842,"date":"2025-05-31T19:13:12","date_gmt":"2025-05-31T19:13:12","guid":{"rendered":"https:\/\/www.europesays.com\/de\/154842\/"},"modified":"2025-05-31T19:13:12","modified_gmt":"2025-05-31T19:13:12","slug":"buchplauderei-ueber-meine-im-monat-mai-2025-gelesenen-buecher","status":"publish","type":"post","link":"https:\/\/www.europesays.com\/de\/154842\/","title":{"rendered":"Buchplauderei &#8230;: &#8230;. \u00fcber meine im Monat Mai 2025 gelesenen B\u00fccher"},"content":{"rendered":"<p>\u201eDas Leben gleicht \u00f6fter einem Roman, als die Romane dem Leben\u201c, dieser Spruch stammt von der franz\u00f6sischen Schriftstellerin George Sand. Und damit hatte sie recht!<\/p>\n<p>Der Roman \u201eDas Gl\u00fcck der Geschichtensammlerin\u201c von Sally Page greift dieses Thema auf.<br \/>Die Autorin entf\u00fchrt uns in die Welt der Geschichtensammlerin Janice. Janice ist eine Putzfrau und sammelt die Geschichten ihrer Kunden, stets hat sie ein offenes Ohr f\u00fcr sie und hofft, dass sie dadurch helfen kann. Themen, &#8211; sei es Alkoholsucht, h\u00e4usliche Gewalt, Verlust und  Trauerbew\u00e4ltigung werden aufgegriffen, aber auch Hoffnung, Mut und Freundschaft kommt nicht zu kurz. Motiviert durch diese Geschichten stellt sich Janice schlie\u00dflich auch ihrer Vergangenheit und wagt einen Neuanfang.<br \/>Die Autorin betont, dass fast jede Geschichte in diesem Buch auf der Wahrheit basiert. Manchmal habe sie die Geschichten etwas ausgeschm\u00fcckt oder angepasst, um die Identit\u00e4t der Erz\u00e4hlenden zu verschleiern. Aber das Wesentliche einer jeden Geschichte stamme aus dem wirklichen Leben. Und so gibt die Autorin ihrer Protagonistin recht: Das Au\u00dfergew\u00f6hnliche findet sich oft in ganz gew\u00f6hnlichen Menschen.<br \/>Der Roman inspiriert, genauer auf das Leben zu schauen und in den kleinen Momenten des Alltags Sch\u00f6nheit und Sinn zu entdecken.<\/p>\n<p>Passend zu diesem Thema nahm ich das wundersch\u00f6n gestaltete Buch \u201eGeh langsam, wenn Du es eilig hast\u201c zur Hand, dessen Seiten Marjolein Bastin liebevoll illustriert hat.<br \/>Das Buch enth\u00e4lt eine Sammlung von den sch\u00f6nsten Fabeln und Weisheitsgeschichten aus aller Welt. Die Kurzgeschichten mit den Untertiteln wie \u201eWenn du erkennst, dass es dir an nichts fehlt, geh\u00f6rt dir die ganze Welt\u201c, \u201eDie Gedanken sind der Anfang der Taten\u201c,  \u201eBleib dir selbst treu\u201c, &#8211; um nur einige zu nennen -, laden den Leser dazu ein, \u00fcber das Leben nachzudenken.<br \/>Dieses Buch ist eine inspirierende Fundgrube zum Schm\u00f6kern und Vorlesen und f\u00fcr Beschenkte eine immerw\u00e4hrende Quelle der Freude!<\/p>\n<p>Ein ideales Geschenk, speziell auch zum Vatertag, sind die Vater und Sohn-Geschichten von dem brillanten Zeichner und Karikaturisten Erich Ohser, der als e.o.plauen weltweit bekannt wurde.<br \/>Von Ende 1934 an erschien Woche f\u00fcr Woche drei Jahre lang eine neue Bildgeschichte \u00fcber das unschlagbare Duo in der Berliner Illustrierten Zeitung. Der Charme dieser Streiche und Abenteuer des kahlk\u00f6pfigen, schnauzb\u00e4rtigen, Pfeife qualmenden Vaters und seines pfiffigen Sohns ist bis heute unverg\u00e4nglich. Das Fehlen von Texten, der stets aktuelle Konflikt zwischen Vater und Sohn sowie die zeitlose zeichnerische Darstellung machen die kleinen Bildergeschichten stets auf\u00b4s Neue  zu einem gro\u00dfen Vergn\u00fcgen.<\/p>\n<p>Allzeit vergn\u00fcglichen Lesestoff w\u00fcnscht Euch Sabine<\/p>\n","protected":false},"excerpt":{"rendered":"\u201eDas Leben gleicht \u00f6fter einem Roman, als die Romane dem Leben\u201c, dieser Spruch stammt von der franz\u00f6sischen Schriftstellerin&hellip;\n","protected":false},"author":2,"featured_media":154843,"comment_status":"","ping_status":"","sticky":false,"template":"","format":"standard","meta":{"footnotes":""},"categories":[1774],"tags":[1784,1785,29,214,30,215],"class_list":{"0":"post-154842","1":"post","2":"type-post","3":"status-publish","4":"format-standard","5":"has-post-thumbnail","7":"category-buecher","8":"tag-books","9":"tag-buecher","10":"tag-deutschland","11":"tag-entertainment","12":"tag-germany","13":"tag-unterhaltung"},"share_on_mastodon":{"url":"https:\/\/pubeurope.com\/@de\/114604042325032688","error":""},"_links":{"self":[{"href":"https:\/\/www.europesays.com\/de\/wp-json\/wp\/v2\/posts\/154842","targetHints":{"allow":["GET"]}}],"collection":[{"href":"https:\/\/www.europesays.com\/de\/wp-json\/wp\/v2\/posts"}],"about":[{"href":"https:\/\/www.europesays.com\/de\/wp-json\/wp\/v2\/types\/post"}],"author":[{"embeddable":true,"href":"https:\/\/www.europesays.com\/de\/wp-json\/wp\/v2\/users\/2"}],"replies":[{"embeddable":true,"href":"https:\/\/www.europesays.com\/de\/wp-json\/wp\/v2\/comments?post=154842"}],"version-history":[{"count":0,"href":"https:\/\/www.europesays.com\/de\/wp-json\/wp\/v2\/posts\/154842\/revisions"}],"wp:featuredmedia":[{"embeddable":true,"href":"https:\/\/www.europesays.com\/de\/wp-json\/wp\/v2\/media\/154843"}],"wp:attachment":[{"href":"https:\/\/www.europesays.com\/de\/wp-json\/wp\/v2\/media?parent=154842"}],"wp:term":[{"taxonomy":"category","embeddable":true,"href":"https:\/\/www.europesays.com\/de\/wp-json\/wp\/v2\/categories?post=154842"},{"taxonomy":"post_tag","embeddable":true,"href":"https:\/\/www.europesays.com\/de\/wp-json\/wp\/v2\/tags?post=154842"}],"curies":[{"name":"wp","href":"https:\/\/api.w.org\/{rel}","templated":true}]}}