{"id":154851,"date":"2025-05-31T19:18:08","date_gmt":"2025-05-31T19:18:08","guid":{"rendered":"https:\/\/www.europesays.com\/de\/154851\/"},"modified":"2025-05-31T19:18:08","modified_gmt":"2025-05-31T19:18:08","slug":"champions-league-finale-heute-psg-inter-mailand-im-live-ticker-sport","status":"publish","type":"post","link":"https:\/\/www.europesays.com\/de\/154851\/","title":{"rendered":"Champions-League-Finale heute: PSG \u2013 Inter Mailand im LIVE-TICKER | Sport"},"content":{"rendered":"<p><b>Es ist so weit.<\/b><\/p>\n<p>Im Endspiel der Champions League stehen sich heute der franz\u00f6sische Top-Klub Paris Saint-Germain und das italienische Team Inter Mailand gegen\u00fcber. PSG-Trainer Luis Enrique (55) erkl\u00e4rte: \u201eDies k\u00f6nnte zu einem der besten Champions-League-Finals der letzten Jahre f\u00fchren. Wir werden der Aufgabe gewachsen sein und Inter wahrscheinlich auch.\u201c<\/p>\n<p><b>Wer schnappt sich in M\u00fcnchen den Titel, wer kann 2025 die Troph\u00e4e feiern? Im Live-Ticker k\u00f6nnen Sie das komplette Spiel verfolgen.<\/b><\/p>\n<p><b>So spielt PSG: <\/b>Donnarumma \u2013 Hakimi, Marquinhos, Pacho, Mendes \u2013 Neves, Vitinha, Ruiz \u2013 Dou\u00e9, Demb\u00e9l\u00e9, Kvaratskhelia.<\/p>\n<p><b>Und so l\u00e4uft Inter auf: <\/b>Sommer \u2013 Pavard, Acerbi, Bastoni \u2013 Dumfries, Calhanoglu, Dimarco \u2013 Barella, Mkhitaryan \u2013 Martinez, Thuram.\n<\/p>\n<p>Champions League: Finale zwischen PSG und Inter im Live-Ticker<\/p>\n<p>+++ <a href=\"https:\/\/sport.bild.de\/fussball\/champions-league\/ma10681862\/paris-saint-germain_inter-mailand\/liveticker\/\" target=\"_blank\" rel=\"noopener\" class=\"text-link--external text-link\">Hier geht&#8217;s zum Live-Ticker<\/a> +++<\/p>\n","protected":false},"excerpt":{"rendered":"Es ist so weit. Im Endspiel der Champions League stehen sich heute der franz\u00f6sische Top-Klub Paris Saint-Germain und&hellip;\n","protected":false},"author":2,"featured_media":154852,"comment_status":"","ping_status":"","sticky":false,"template":"","format":"standard","meta":{"footnotes":""},"categories":[136],"tags":[468,2531,29,347,30,9007,5426,23613,785,265,1927,45],"class_list":{"0":"post-154851","1":"post","2":"type-post","3":"status-publish","4":"format-standard","5":"has-post-thumbnail","7":"category-sport","8":"tag-champions-league","9":"tag-champions-league-finale","10":"tag-deutschland","11":"tag-fussball","12":"tag-germany","13":"tag-inter-mailand","14":"tag-live-ticker","15":"tag-paris-saint-germain","16":"tag-saison-2024-2025","17":"tag-sport","18":"tag-sport-standard","19":"tag-texttospeech"},"share_on_mastodon":{"url":"https:\/\/pubeurope.com\/@de\/114604061744366846","error":""},"_links":{"self":[{"href":"https:\/\/www.europesays.com\/de\/wp-json\/wp\/v2\/posts\/154851","targetHints":{"allow":["GET"]}}],"collection":[{"href":"https:\/\/www.europesays.com\/de\/wp-json\/wp\/v2\/posts"}],"about":[{"href":"https:\/\/www.europesays.com\/de\/wp-json\/wp\/v2\/types\/post"}],"author":[{"embeddable":true,"href":"https:\/\/www.europesays.com\/de\/wp-json\/wp\/v2\/users\/2"}],"replies":[{"embeddable":true,"href":"https:\/\/www.europesays.com\/de\/wp-json\/wp\/v2\/comments?post=154851"}],"version-history":[{"count":0,"href":"https:\/\/www.europesays.com\/de\/wp-json\/wp\/v2\/posts\/154851\/revisions"}],"wp:featuredmedia":[{"embeddable":true,"href":"https:\/\/www.europesays.com\/de\/wp-json\/wp\/v2\/media\/154852"}],"wp:attachment":[{"href":"https:\/\/www.europesays.com\/de\/wp-json\/wp\/v2\/media?parent=154851"}],"wp:term":[{"taxonomy":"category","embeddable":true,"href":"https:\/\/www.europesays.com\/de\/wp-json\/wp\/v2\/categories?post=154851"},{"taxonomy":"post_tag","embeddable":true,"href":"https:\/\/www.europesays.com\/de\/wp-json\/wp\/v2\/tags?post=154851"}],"curies":[{"name":"wp","href":"https:\/\/api.w.org\/{rel}","templated":true}]}}