{"id":154869,"date":"2025-05-31T19:28:15","date_gmt":"2025-05-31T19:28:15","guid":{"rendered":"https:\/\/www.europesays.com\/de\/154869\/"},"modified":"2025-05-31T19:28:15","modified_gmt":"2025-05-31T19:28:15","slug":"kuenstler-verletzt-ins-krankenhaus-gebracht","status":"publish","type":"post","link":"https:\/\/www.europesays.com\/de\/154869\/","title":{"rendered":"K\u00fcnstler verletzt ins Krankenhaus gebracht"},"content":{"rendered":"<p class=\"bold\">\n\t\t\t\t\t\t\t\t\t\tBeim Hutfestival in Chemnitz ist es zu einem Zwischenfall gekommen. Zwei Akrobaten der Gruppe TnT sind am Samstagabend verungl\u00fcckt. Was bisher bekannt ist.\t\t\t\t<\/p>\n<p>\t\t\t\t Sie sind seit 2023 ein Besuchermagnet beim Hutfestival in Chemnitz. Auch dieses Jahr hatte die Gruppe TnT am sp\u00e4ten Freitagabend eine spektakul\u00e4re Akrobatikshow gezeigt. Doch am fr\u00fchen Samstagabend kam es zu einem Zwischenfall. Laut Augenzeugenberichten st\u00fcrzten zwei K\u00fcnstler auf der B\u00fchne am Neumarkt bei ihrem Auftritt. Sie mussten mit&#8230;<\/p>\n<p>\t\t<img decoding=\"async\" class=\"fp-plus-logo\" src=\"https:\/\/www.europesays.com\/de\/wp-content\/uploads\/2025\/04\/fpplus.svg.svg+xml\" alt=\"Freie Presse plus Logo\"\/><\/p>\n<p>Registrieren und testen.<\/p>\n<p>Jetzt mit Ihrer Registrierung 1 Monat gratis testen und alle Beitr\u00e4ge lesen.<\/p>\n<p>Schon Abonnent? Melden Sie sich mit ihren Zugangsdaten an.<\/p>\n","protected":false},"excerpt":{"rendered":"Beim Hutfestival in Chemnitz ist es zu einem Zwischenfall gekommen. Zwei Akrobaten der Gruppe TnT sind am Samstagabend&hellip;\n","protected":false},"author":2,"featured_media":154870,"comment_status":"","ping_status":"","sticky":false,"template":"","format":"standard","meta":{"footnotes":""},"categories":[1851],"tags":[2770,3364,29,548,663,3934,30,13,14,15,859,12,3866],"class_list":{"0":"post-154869","1":"post","2":"type-post","3":"status-publish","4":"format-standard","5":"has-post-thumbnail","7":"category-chemnitz","8":"tag-chemnitz","9":"tag-de","10":"tag-deutschland","11":"tag-eu","12":"tag-europa","13":"tag-europe","14":"tag-germany","15":"tag-headlines","16":"tag-nachrichten","17":"tag-news","18":"tag-sachsen","19":"tag-schlagzeilen","20":"tag-veranstaltungen"},"share_on_mastodon":{"url":"https:\/\/pubeurope.com\/@de\/114604101200677202","error":""},"_links":{"self":[{"href":"https:\/\/www.europesays.com\/de\/wp-json\/wp\/v2\/posts\/154869","targetHints":{"allow":["GET"]}}],"collection":[{"href":"https:\/\/www.europesays.com\/de\/wp-json\/wp\/v2\/posts"}],"about":[{"href":"https:\/\/www.europesays.com\/de\/wp-json\/wp\/v2\/types\/post"}],"author":[{"embeddable":true,"href":"https:\/\/www.europesays.com\/de\/wp-json\/wp\/v2\/users\/2"}],"replies":[{"embeddable":true,"href":"https:\/\/www.europesays.com\/de\/wp-json\/wp\/v2\/comments?post=154869"}],"version-history":[{"count":0,"href":"https:\/\/www.europesays.com\/de\/wp-json\/wp\/v2\/posts\/154869\/revisions"}],"wp:featuredmedia":[{"embeddable":true,"href":"https:\/\/www.europesays.com\/de\/wp-json\/wp\/v2\/media\/154870"}],"wp:attachment":[{"href":"https:\/\/www.europesays.com\/de\/wp-json\/wp\/v2\/media?parent=154869"}],"wp:term":[{"taxonomy":"category","embeddable":true,"href":"https:\/\/www.europesays.com\/de\/wp-json\/wp\/v2\/categories?post=154869"},{"taxonomy":"post_tag","embeddable":true,"href":"https:\/\/www.europesays.com\/de\/wp-json\/wp\/v2\/tags?post=154869"}],"curies":[{"name":"wp","href":"https:\/\/api.w.org\/{rel}","templated":true}]}}