{"id":154887,"date":"2025-05-31T19:37:18","date_gmt":"2025-05-31T19:37:18","guid":{"rendered":"https:\/\/www.europesays.com\/de\/154887\/"},"modified":"2025-05-31T19:37:18","modified_gmt":"2025-05-31T19:37:18","slug":"schwerer-unfall-auf-der-l793-in-everswinkel","status":"publish","type":"post","link":"https:\/\/www.europesays.com\/de\/154887\/","title":{"rendered":"Schwerer Unfall auf der L793 in Everswinkel"},"content":{"rendered":"<p class=\"bodytext\">Bei einem Verkehrsunfall auf der L793 in Everswinkel ist am fr\u00fchen Abend eine Radfahrerin lebensgef\u00e4hrlich verletzt worden. Der Unfall passierte im Bereich Mehringen, hei\u00dft es von der Polizei und der Feuerwehr Everswinkel.<\/p>\n<p>Beim \u00dcberqueren der Stra\u00dfe erfasst<\/p>\n<p class=\"bodytext\">Demnach war die 29-j\u00e4hrige M\u00fcnsteranerin mit einem weiteren Sportradfahrer Richtung Everswinkel unterwegs. Beide wollten die Stra\u00dfe \u00fcberqueren, um auf den Radweg zu gelangen. Das hatte ein Autofahrer aus Sendenhorst wie es aussieht nicht rechtzeitig gesehen.<\/p>\n<p>Rettungshubschrauber landete<\/p>\n<p class=\"bodytext\">Der 79-j\u00e4hrige Autofahrer, der ebenfalls aus Richtung Freckenhorst kam, erfasste die Radfahrerin. Ein Rettungshubschrauber landete, um die Frau in die Uniklinik nach M\u00fcnster zu bringen. Die L793 war f\u00fcr die Unfallaufnahme komplett gesperrt. .<\/p>\n<p class=\"bodytext\">\u00a0<\/p>\n","protected":false},"excerpt":{"rendered":"Bei einem Verkehrsunfall auf der L793 in Everswinkel ist am fr\u00fchen Abend eine Radfahrerin lebensgef\u00e4hrlich verletzt worden. Der&hellip;\n","protected":false},"author":2,"featured_media":154888,"comment_status":"","ping_status":"","sticky":false,"template":"","format":"standard","meta":{"footnotes":""},"categories":[1843],"tags":[3364,29,30,8970,1209],"class_list":{"0":"post-154887","1":"post","2":"type-post","3":"status-publish","4":"format-standard","5":"has-post-thumbnail","7":"category-muenster","8":"tag-de","9":"tag-deutschland","10":"tag-germany","11":"tag-muenster","12":"tag-nordrhein-westfalen"},"share_on_mastodon":{"url":"https:\/\/pubeurope.com\/@de\/114604136441889320","error":""},"_links":{"self":[{"href":"https:\/\/www.europesays.com\/de\/wp-json\/wp\/v2\/posts\/154887","targetHints":{"allow":["GET"]}}],"collection":[{"href":"https:\/\/www.europesays.com\/de\/wp-json\/wp\/v2\/posts"}],"about":[{"href":"https:\/\/www.europesays.com\/de\/wp-json\/wp\/v2\/types\/post"}],"author":[{"embeddable":true,"href":"https:\/\/www.europesays.com\/de\/wp-json\/wp\/v2\/users\/2"}],"replies":[{"embeddable":true,"href":"https:\/\/www.europesays.com\/de\/wp-json\/wp\/v2\/comments?post=154887"}],"version-history":[{"count":0,"href":"https:\/\/www.europesays.com\/de\/wp-json\/wp\/v2\/posts\/154887\/revisions"}],"wp:featuredmedia":[{"embeddable":true,"href":"https:\/\/www.europesays.com\/de\/wp-json\/wp\/v2\/media\/154888"}],"wp:attachment":[{"href":"https:\/\/www.europesays.com\/de\/wp-json\/wp\/v2\/media?parent=154887"}],"wp:term":[{"taxonomy":"category","embeddable":true,"href":"https:\/\/www.europesays.com\/de\/wp-json\/wp\/v2\/categories?post=154887"},{"taxonomy":"post_tag","embeddable":true,"href":"https:\/\/www.europesays.com\/de\/wp-json\/wp\/v2\/tags?post=154887"}],"curies":[{"name":"wp","href":"https:\/\/api.w.org\/{rel}","templated":true}]}}