{"id":154922,"date":"2025-05-31T20:01:13","date_gmt":"2025-05-31T20:01:13","guid":{"rendered":"https:\/\/www.europesays.com\/de\/154922\/"},"modified":"2025-05-31T20:01:13","modified_gmt":"2025-05-31T20:01:13","slug":"brand-in-gostenhof-verursacht-feuerwehr-grosseinsatz","status":"publish","type":"post","link":"https:\/\/www.europesays.com\/de\/154922\/","title":{"rendered":"Brand in Gostenhof verursacht Feuerwehr-Gro\u00dfeinsatz"},"content":{"rendered":"<p>Starke Rauchentwicklung <\/p>\n<p>Massiver Balkonbrand fordert N\u00fcrnberger Feuerwehr<\/p>\n<p>31.05.2025 &#8211; 21:48 UhrLesedauer: 1 Min.<\/p>\n<p><a href=\"#focus-0\" class=\"transition-colors duration-200 focus-within:text-magenta block text-current relative\" data-sctrack=\"FocusGalleryImage.Reference\"><img fetchpriority=\"high\" data-testid=\"Opener.Image\" style=\"--lqipURL:url('https:\/\/images.t-online.de\/2024\/10\/2I424FySEOCq\/0x185:3556x2000\/fit-in\/150x0\/filters:blur(25)\/ein-einsatzfahrzeug-der-nuernberger-feuerwehr-symbolbild.jpg')\"   loading=\"eager\" src=\"https:\/\/www.europesays.com\/de\/wp-content\/uploads\/2025\/05\/ein-einsatzfahrzeug-der-nuernberger-feuerwehr-symbolbild.jpg\" alt=\"Ein Einsatzfahrzeug der N\u00fcrnberger Feuerwehr (Symbolbild):\" title=\"Ein Einsatzfahrzeug der N\u00fcrnberger Feuerwehr (Symbolbild):\" width=\"3556\" height=\"2000\" class=\"bg-[url:var(--lqipURL)] bg-cover bg-center flex w-full max-w-full h-full\" decoding=\"async\"\/><img style=\"--width:32;--height:32\" loading=\"lazy\" src=\"https:\/\/www.europesays.com\/de\/wp-content\/uploads\/2025\/05\/zoom-in.f7dae02f.svg.svg+xml\" alt=\"Vergr\u00f6\u00dfern des Bildes\" title=\"Vergr\u00f6\u00dfern des Bildes\" class=\"&#10;        block&#10;        h-[calc(var(--height)_\/_16_*_1rem)]&#10;        w-[calc(var(--width)_\/_16_*_1rem)]&#10;        max-w-none&#10;        absolute bottom-8 right-8 rounded-4 bg-snow p-8\" decoding=\"async\"\/><\/a><\/p>\n<p>Ein Einsatzfahrzeug der N\u00fcrnberger Feuerwehr (Symbolbild): Ein Brand hat am Samstag einen Gro\u00dfeinsatz ausgel\u00f6st. (Quelle: IMAGO\/Ardan Fuessmann)<\/p>\n<p class=\"font-bold text-18 leading-17\">Im N\u00fcrnberger Stadtteil Gostenhof geht ein Balkon in Flammen auf. Die Feuerwehr r\u00fcckt mit 40 Kr\u00e4ften aus.<\/p>\n<p class=\"text-18 leading-17\">In <a class=\"transition-colors duration-200 cursor-pointer text-inherit no-underline text-salemsfur md:hover:text-magenta md:hover:border-magenta md:focus:text-magenta border-current border-b border-solid break-words\" href=\"https:\/\/www.t-online.de\/region\/nuernberg\/\" data-sctrack=\"BodyAnchor\" target=\"_blank\" rel=\"noopener\">N\u00fcrnberg<\/a> hat ein Balkonbrand am Samstag einen Gro\u00dfeinsatz der Feuerwehr ausgel\u00f6st. Bei dem Brand wurde niemand verletzt, wie die Feuerwehr mitteilte. Gegen 18 Uhr ging bei der Integrierten Leitstelle der Notruf ein. Bereits auf der Anfahrt zum Einsatzort im Stadtteil Gostenhof h\u00e4tten die Einsatzkr\u00e4fte eine starke Rauchentwicklung wahrgenommen.<\/p>\n<p class=\"text-18 leading-17\">Der Brand im dritten Obergeschoss sei nur \u00fcber den Hinterhof erreichbar gewesen. Mit mehreren Atemschutztrupps und drei L\u00f6schrohren bek\u00e4mpften die Feuerwehrleute die Flammen auf dem Balkon und in der angrenzenden Wohnung. Nach etwa 30 Minuten sei der Brand unter Kontrolle gewesen, teilt die Feuerwehr mit. Die Nachl\u00f6scharbeiten h\u00e4tten sich jedoch noch \u00fcber eine Stunde hingezogen, da das Feuer auf eine Zwischendecke \u00fcbergegriffen habe.<\/p>\n<p class=\"text-18 leading-17\">Insgesamt waren rund 40 Kr\u00e4fte von vier Feuerwachen sowie Rettungsdienst und Polizei vor Ort. Die Polizei habe die Ermittlungen zur Brandursache aufgenommen.<\/p>\n","protected":false},"excerpt":{"rendered":"Starke Rauchentwicklung Massiver Balkonbrand fordert N\u00fcrnberger Feuerwehr 31.05.2025 &#8211; 21:48 UhrLesedauer: 1 Min. Ein Einsatzfahrzeug der N\u00fcrnberger Feuerwehr&hellip;\n","protected":false},"author":2,"featured_media":154923,"comment_status":"","ping_status":"","sticky":false,"template":"","format":"standard","meta":{"footnotes":""},"categories":[1837],"tags":[54595,772,3364,29,3046,985,30,3786,3783,3787,6053],"class_list":{"0":"post-154922","1":"post","2":"type-post","3":"status-publish","4":"format-standard","5":"has-post-thumbnail","7":"category-nuernberg","8":"tag-balkonbrand","9":"tag-bayern","10":"tag-de","11":"tag-deutschland","12":"tag-einsatzfahrzeug","13":"tag-feuerwehr","14":"tag-germany","15":"tag-grosseinsatz","16":"tag-nuernberg","17":"tag-rauchentwicklung","18":"tag-stadtteil"},"share_on_mastodon":{"url":"https:\/\/pubeurope.com\/@de\/114604230826191395","error":""},"_links":{"self":[{"href":"https:\/\/www.europesays.com\/de\/wp-json\/wp\/v2\/posts\/154922","targetHints":{"allow":["GET"]}}],"collection":[{"href":"https:\/\/www.europesays.com\/de\/wp-json\/wp\/v2\/posts"}],"about":[{"href":"https:\/\/www.europesays.com\/de\/wp-json\/wp\/v2\/types\/post"}],"author":[{"embeddable":true,"href":"https:\/\/www.europesays.com\/de\/wp-json\/wp\/v2\/users\/2"}],"replies":[{"embeddable":true,"href":"https:\/\/www.europesays.com\/de\/wp-json\/wp\/v2\/comments?post=154922"}],"version-history":[{"count":0,"href":"https:\/\/www.europesays.com\/de\/wp-json\/wp\/v2\/posts\/154922\/revisions"}],"wp:featuredmedia":[{"embeddable":true,"href":"https:\/\/www.europesays.com\/de\/wp-json\/wp\/v2\/media\/154923"}],"wp:attachment":[{"href":"https:\/\/www.europesays.com\/de\/wp-json\/wp\/v2\/media?parent=154922"}],"wp:term":[{"taxonomy":"category","embeddable":true,"href":"https:\/\/www.europesays.com\/de\/wp-json\/wp\/v2\/categories?post=154922"},{"taxonomy":"post_tag","embeddable":true,"href":"https:\/\/www.europesays.com\/de\/wp-json\/wp\/v2\/tags?post=154922"}],"curies":[{"name":"wp","href":"https:\/\/api.w.org\/{rel}","templated":true}]}}