{"id":154930,"date":"2025-05-31T20:05:12","date_gmt":"2025-05-31T20:05:12","guid":{"rendered":"https:\/\/www.europesays.com\/de\/154930\/"},"modified":"2025-05-31T20:05:12","modified_gmt":"2025-05-31T20:05:12","slug":"neonazis-demonstrieren-in-dresden-gegen-den-csd","status":"publish","type":"post","link":"https:\/\/www.europesays.com\/de\/154930\/","title":{"rendered":"Neonazis demonstrieren in Dresden gegen den CSD"},"content":{"rendered":"<p>Kinder tragen verbotene Symbole <\/p>\n<p>Neonazis demonstrieren in Dresden gegen den CSD<\/p>\n<p>31.05.2025 &#8211; 20:44 UhrLesedauer: 2 Min.<\/p>\n<p><a href=\"#focus-0\" class=\"transition-colors duration-200 focus-within:text-magenta block text-current relative\" data-sctrack=\"FocusGalleryImage.Reference\"><img fetchpriority=\"high\" data-testid=\"Opener.Image\" style=\"--lqipURL:url('https:\/\/images.t-online.de\/2025\/05\/wXljSkoPsIy6\/0x0:2048x1152\/fit-in\/150x0\/filters:blur(25)\/rechter-protest.jpg')\"   loading=\"eager\" src=\"https:\/\/www.europesays.com\/de\/wp-content\/uploads\/2025\/05\/rechter-protest.jpg\" alt=\"Datum: 31.05.2025 \/ Ort: DresdenRund 200 Neonazis und Rechtsextreme ziehen derzeit durch Dresden, um gegen den ab 12 Uhr beginnenden CSD zu protestieren. Viele tragen ihre Gesinnung und den Hass offen zur Schau. Organisiert wird der Protest von &quot;Die Heimat&quot; und deren Jugendorganisation &quot;Junge Nationalisten&quot;. Auch aus anderen Bundeslaendern reisten die Teilnehmer an.In Dresden fand genau vor einem Jahr der erste groessere Gegenprotest der ueberwiegend jungen Neonazis gegen einen CSD statt. Im Vergleich zum Vorjahr, hat sich die Teilnehmerzahl erhoeht.\" title=\"Datum: 31.05.2025 \/ Ort: DresdenRund 200 Neonazis und Rechtsextreme ziehen derzeit durch Dresden, um gegen den ab 12 Uhr beginnenden CSD zu protestieren. Viele tragen ihre Gesinnung und den Hass offen zur Schau. Organisiert wird der Protest von &quot;Die Heimat&quot; und deren Jugendorganisation &quot;Junge Nationalisten&quot;. Auch aus anderen Bundeslaendern reisten die Teilnehmer an.In Dresden fand genau vor einem Jahr der erste groessere Gegenprotest der ueberwiegend jungen Neonazis gegen einen CSD statt. Im Vergleich zum Vorjahr, hat sich die Teilnehmerzahl erhoeht.\" width=\"2048\" height=\"1152\" class=\"bg-[url:var(--lqipURL)] bg-cover bg-center flex w-full max-w-full h-full\" decoding=\"async\"\/><img style=\"--width:32;--height:32\" loading=\"lazy\" src=\"https:\/\/www.europesays.com\/de\/wp-content\/uploads\/2025\/05\/zoom-in.f7dae02f.svg.svg+xml\" alt=\"Vergr\u00f6\u00dfern des Bildes\" title=\"Vergr\u00f6\u00dfern des Bildes\" class=\"&#10;        block&#10;        h-[calc(var(--height)_\/_16_*_1rem)]&#10;        w-[calc(var(--width)_\/_16_*_1rem)]&#10;        max-w-none&#10;        absolute bottom-8 right-8 rounded-4 bg-snow p-8\" decoding=\"async\"\/><\/a><\/p>\n<p>Rechter Protest in Dresden: Neonazis sind gegen den Christopher Street day auf die Stra\u00dfe gegangen. (Quelle: xcitepress\/Finn Becker)<\/p>\n<p class=\"font-bold text-18 leading-17\">Der Christopher Street Day in Dresden wird von Protesten Rechtsradikaler begleitet. Es kommt zu Straftaten. Sogar Kinder fallen mit verbotenen Symbolen auf.<\/p>\n<p class=\"text-18 leading-17\">Die rechte Szene Dresdens hat am Samstag gegen den diesj\u00e4hrigen <a class=\"transition-colors duration-200 cursor-pointer text-inherit no-underline text-salemsfur md:hover:text-magenta md:hover:border-magenta md:focus:text-magenta border-current border-b border-solid break-words\" href=\"https:\/\/www.t-online.de\/themen\/christopher-street-day\/\" data-sctrack=\"BodyAnchor\" target=\"_blank\" rel=\"noopener\">Christopher Street Day<\/a> in der s\u00e4chsischen Landeshauptstadt demonstriert. Laut eines Reporters vor Ort waren an dem Protest etwa 200 Personen beteiligt. Ein Foto des Reporters zeigt mindestens eine feste Gr\u00f6\u00dfe der Dresdner Neonazi-Szene. Die Jungen Nationalisten (JN), die Jugendorganisation der Partei &#8222;Die Heimat&#8220; h\u00e4tten gegen den CSD mobil gemacht, so der Reporter weiter. &#8222;Die Heimat&#8220; ist die Nachfolgeorganisation der NPD.<\/p>\n<p class=\"text-18 leading-17\">Der Demonstrationszug vom Bahnhof Dresden-Mitte \u00fcber die Wilsdruffer Stra\u00dfe und den Pirnaischen Platz zur\u00fcck zum Ausgangspunkt sei am Freiberger Platz zwischenzeitlich gestoppt worden, teilte die Dresdner Polizei am fr\u00fchen Abend mit. Grund seien mehrere Straftaten gewesen, die aus der Menge heraus begangen worden seien.<\/p>\n<p class=\"text-18 leading-17\">F\u00fcnf Demo-Teilnehmer h\u00e4tten sichtbar G\u00fcrtelschnallen mit verbotenen Runen getragen. Unter ihnen seien Kinder gewesen, so die Polizei weiter. Eine weitere Person habe mit einem Megafon verbotene Parolen skandiert. Die Polizei leitete nach eigenen Angaben Ermittlungsverfahren wegen des Verwendens von Kennzeichen verfassungswidriger Organisationen ein.<\/p>\n<p class=\"text-18 leading-17\">Fotos des Reporters vom Neonazi-Protest zeigen au\u00dferdem mindestens zwei junge M\u00e4nner, die mit ihren H\u00e4nden das sogenannte White-Power-Zeichen formen. Dabei posieren sie mit einem stadtbekannten Neonazi. Das White-Power-Zeichen soll f\u00fcr die von der Szene behauptete &#8222;\u00dcberlegenheit der wei\u00dfen Rasse&#8220; stehen.<\/p>\n<p class=\"text-18 leading-17\">Am Rande des rechten Protestmarsches kam es laut der Polizei zu Gegenprotest. An der Freiberger Stra\u00dfe h\u00e4tten sich mehrere Personen den rechten Demonstranten entgegengestellt. Einzelne Teilnehmer z\u00fcndeten laut des Reporters Pyrotechnik. Die Beamten sorgten nach Polizeiangaben daf\u00fcr, dass beide Protestz\u00fcge aneinander vorbeigeleitet wurden.<\/p>\n<p class=\"text-18 leading-17\">Der CSD selbst, der mit mehreren Tausend Teilnehmern durch die Innenstadt gezogen sei, sei st\u00f6rungsfrei verlaufen, so die Polizei weiter.<\/p>\n","protected":false},"excerpt":{"rendered":"Kinder tragen verbotene Symbole Neonazis demonstrieren in Dresden gegen den CSD 31.05.2025 &#8211; 20:44 UhrLesedauer: 2 Min. Rechter&hellip;\n","protected":false},"author":2,"featured_media":154931,"comment_status":"","ping_status":"","sticky":false,"template":"","format":"standard","meta":{"footnotes":""},"categories":[1835],"tags":[30485,3364,29,2386,30,7497,15691,121,859,14453,54596],"class_list":{"0":"post-154930","1":"post","2":"type-post","3":"status-publish","4":"format-standard","5":"has-post-thumbnail","7":"category-dresden","8":"tag-christopher-street-day","9":"tag-de","10":"tag-deutschland","11":"tag-dresden","12":"tag-germany","13":"tag-neonazi","14":"tag-npd","15":"tag-polizei","16":"tag-sachsen","17":"tag-straftat","18":"tag-wilsdruffer-strasse"},"share_on_mastodon":{"url":"https:\/\/pubeurope.com\/@de\/114604246655552426","error":""},"_links":{"self":[{"href":"https:\/\/www.europesays.com\/de\/wp-json\/wp\/v2\/posts\/154930","targetHints":{"allow":["GET"]}}],"collection":[{"href":"https:\/\/www.europesays.com\/de\/wp-json\/wp\/v2\/posts"}],"about":[{"href":"https:\/\/www.europesays.com\/de\/wp-json\/wp\/v2\/types\/post"}],"author":[{"embeddable":true,"href":"https:\/\/www.europesays.com\/de\/wp-json\/wp\/v2\/users\/2"}],"replies":[{"embeddable":true,"href":"https:\/\/www.europesays.com\/de\/wp-json\/wp\/v2\/comments?post=154930"}],"version-history":[{"count":0,"href":"https:\/\/www.europesays.com\/de\/wp-json\/wp\/v2\/posts\/154930\/revisions"}],"wp:featuredmedia":[{"embeddable":true,"href":"https:\/\/www.europesays.com\/de\/wp-json\/wp\/v2\/media\/154931"}],"wp:attachment":[{"href":"https:\/\/www.europesays.com\/de\/wp-json\/wp\/v2\/media?parent=154930"}],"wp:term":[{"taxonomy":"category","embeddable":true,"href":"https:\/\/www.europesays.com\/de\/wp-json\/wp\/v2\/categories?post=154930"},{"taxonomy":"post_tag","embeddable":true,"href":"https:\/\/www.europesays.com\/de\/wp-json\/wp\/v2\/tags?post=154930"}],"curies":[{"name":"wp","href":"https:\/\/api.w.org\/{rel}","templated":true}]}}