{"id":154935,"date":"2025-05-31T20:08:14","date_gmt":"2025-05-31T20:08:14","guid":{"rendered":"https:\/\/www.europesays.com\/de\/154935\/"},"modified":"2025-05-31T20:08:14","modified_gmt":"2025-05-31T20:08:14","slug":"niedersachsen-bremen-32-jaehriger-getoetet-ehefrau-unter-verdacht","status":"publish","type":"post","link":"https:\/\/www.europesays.com\/de\/154935\/","title":{"rendered":"Niedersachsen &#038; Bremen: 32-J\u00e4hriger get\u00f6tet \u2013 Ehefrau unter Verdacht"},"content":{"rendered":"<p>                    Niedersachsen &amp; Bremen<br \/>\n                32-J\u00e4hriger get\u00f6tet \u2013 Ehefrau unter Verdacht<\/p>\n<p>\t\t\t\t              31.05.2025, 16:09 Uhr<\/p>\n<p><strong>Eine Frau w\u00e4hlt den Notruf und gibt an, ihren Ehemann schwer verletzt zu haben. Die Rettungskr\u00e4fte k\u00f6nnen ihm nicht mehr helfen. Er stirbt. Das Ehepaar ist zur Tatzeit nicht allein im Haus.<\/strong><\/p>\n<p>Berne (dpa\/lni) &#8211; Eine 30-J\u00e4hrige aus dem Landkreis Wesermarsch steht im Verdacht, ihren 32 Jahre alten Ehemann get\u00f6tet zu haben. Die Frau sei vorl\u00e4ufig festgenommen worden, es werde wegen eines m\u00f6glichen T\u00f6tungsdelikts ermittelt, teilte die Polizei mit. Im Haus befanden sich auch die beiden Kinder des Ehepaares, wie die Polizei best\u00e4tigte. Das Jugendamt k\u00fcmmerte sich um sie.<\/p>\n<p>Die 30-J\u00e4hrige aus Berne hatte laut Polizei am Samstagmorgen den Notruf gew\u00e4hlt und gesagt, dass sie ihren Ehemann schwer verletzt habe. Rettungskr\u00e4fte h\u00e4tten den 32-J\u00e4hrigen mit Stichverletzungen im Haus gefunden, er sei nicht mehr ansprechbar gewesen. Trotz sofort eingeleiteter Reanimationsma\u00dfnahmen erlag der Mann noch vor Ort seinen Verletzungen. Ein Notarzt konnte nur noch den Tod des 32-J\u00e4hrigen feststellen.<\/p>\n<p>Die Ehefrau soll am Sonntag einem Haftrichter vorgef\u00fchrt werden. Zu den m\u00f6glichen Hintergr\u00fcnden der Tat machte die Polizei zun\u00e4chst keine Angaben. Die Ermittlungen dauern an.<\/p>\n","protected":false},"excerpt":{"rendered":"Niedersachsen &amp; Bremen 32-J\u00e4hriger get\u00f6tet \u2013 Ehefrau unter Verdacht 31.05.2025, 16:09 Uhr Eine Frau w\u00e4hlt den Notruf und&hellip;\n","protected":false},"author":2,"featured_media":154936,"comment_status":"","ping_status":"","sticky":false,"template":"","format":"standard","meta":{"footnotes":""},"categories":[1824],"tags":[2420,3364,29,127,30,1411,13661],"class_list":{"0":"post-154935","1":"post","2":"type-post","3":"status-publish","4":"format-standard","5":"has-post-thumbnail","7":"category-bremen","8":"tag-bremen","9":"tag-de","10":"tag-deutschland","11":"tag-ehefrau","12":"tag-germany","13":"tag-niedersachsen","14":"tag-verdacht"},"share_on_mastodon":{"url":"https:\/\/pubeurope.com\/@de\/114604258353378016","error":""},"_links":{"self":[{"href":"https:\/\/www.europesays.com\/de\/wp-json\/wp\/v2\/posts\/154935","targetHints":{"allow":["GET"]}}],"collection":[{"href":"https:\/\/www.europesays.com\/de\/wp-json\/wp\/v2\/posts"}],"about":[{"href":"https:\/\/www.europesays.com\/de\/wp-json\/wp\/v2\/types\/post"}],"author":[{"embeddable":true,"href":"https:\/\/www.europesays.com\/de\/wp-json\/wp\/v2\/users\/2"}],"replies":[{"embeddable":true,"href":"https:\/\/www.europesays.com\/de\/wp-json\/wp\/v2\/comments?post=154935"}],"version-history":[{"count":0,"href":"https:\/\/www.europesays.com\/de\/wp-json\/wp\/v2\/posts\/154935\/revisions"}],"wp:featuredmedia":[{"embeddable":true,"href":"https:\/\/www.europesays.com\/de\/wp-json\/wp\/v2\/media\/154936"}],"wp:attachment":[{"href":"https:\/\/www.europesays.com\/de\/wp-json\/wp\/v2\/media?parent=154935"}],"wp:term":[{"taxonomy":"category","embeddable":true,"href":"https:\/\/www.europesays.com\/de\/wp-json\/wp\/v2\/categories?post=154935"},{"taxonomy":"post_tag","embeddable":true,"href":"https:\/\/www.europesays.com\/de\/wp-json\/wp\/v2\/tags?post=154935"}],"curies":[{"name":"wp","href":"https:\/\/api.w.org\/{rel}","templated":true}]}}