{"id":154942,"date":"2025-05-31T20:12:10","date_gmt":"2025-05-31T20:12:10","guid":{"rendered":"https:\/\/www.europesays.com\/de\/154942\/"},"modified":"2025-05-31T20:12:10","modified_gmt":"2025-05-31T20:12:10","slug":"asc-09-dortmund-verbucht-knappen-erfolg-gegen-rot-weiss-ahlen","status":"publish","type":"post","link":"https:\/\/www.europesays.com\/de\/154942\/","title":{"rendered":"ASC 09 Dortmund verbucht knappen Erfolg gegen Rot Weiss Ahlen"},"content":{"rendered":"<p>                                Spielinfos:<br \/>\nDatum &amp; Uhrzeit: 31.05.2025 15.30 Uhr<br \/>Austragungsort: Dortmund<br \/>Wettbewerb: Oberliga Westfalen<br \/>Spieltag: 38<\/p>\n<p>Spielbericht: ASC 09 Dortmund gegen Rot Weiss Ahlen 3:2 (2:0)<\/p>\n<p id=\"absatz2\" class=\"em_text\">Dortmund. Ein packendes Kopf-an-Kopf-Rennen bietet sich den 273 Zuschauern im Dortmunder Urlaubsguru Waldstadion am Samstag.<\/p>\n<p id=\"absatz4\" class=\"em_text\">Bereits kurz nach Spielbeginn erzielt Anes Dziho den ersten Treffer und setzt die G\u00e4ste unter Druck (6). Das zweite Tor folgt in Minute 42: Diesmal setzt Lars Warschewski die Kugel ins Netz. 2:0 gehen die Teams in die Pause.<\/p>\n<p id=\"absatz5\" class=\"em_text\">Es ist eine Partie zum Mitfiebern. Tor Nummer drei schie\u00dft Marvin Pourie: Wieder Ahlen (56), gefolgt von Hakan Sezer (Rot Weiss Ahlen) Minute 65. Es steht 2:2.<\/p>\n<p id=\"absatz6\" class=\"em_text\">In der verbleibenden Spielzeit versuchen beide Teams durch Spieleraustausch nochmal frische Impulse zu setzen. Marco Stiepermann ersetzt Marcel M\u00fcnzel. Auf der Gastseite springt Bajrush Osmani f\u00fcr Noyan Efe Bayaki ein.<\/p>\n<p id=\"absatz7\" class=\"em_text\">Das letzte Tor der Partie f\u00e4llt 33 Minuten nach Wiederansto\u00df: Ohne Weiteres bef\u00f6rdert Maximilian Podehl den Ball erfolgreich ins gegnerische Tor und sichert den Triumph f\u00fcr die Mannschaft aus Dortmund (78).<\/p>\n<p>Die Aufstellungen: ASC 09 Dortmund &#8211; Rot Weiss Ahlen<br \/>\nASC 09 Dortmund: Anes Dziho (3), Jan Stuhldreier (7), Luis Sebastian Kehl (25), Lars Warschewski (10), Jannik Urban (8), Michael-Marvin West (4), Keanu Diskau (12), Jan-Patrick Friedrich (5), Josue Santo (27), Joel Nickel (1), Marcel M\u00fcnzel (18)<br \/>Rot Weiss Ahlen: Marvin Pourie (13), Hakan Sezer (10), Fabian Holthaus (6), Lukas Krekeler (12), Edon Rizaj (16), Tim Walter Breuer (2), Murat Keskinkilic (23), Emanuel de Lemos (11), Can Yahya Moustfa (28), Noyan Efe Bayaki (21), Luis Felipe Monteiro (38)<br \/>Schiedsrichter: Fabian Maibaum<\/p>\n<p id=\"absatz8\" class=\"em_text\">Assistent: Johannes Liedtke<\/p>\n<p id=\"absatz9\" class=\"em_text\">Assistent: Nick Kurt Schneider<\/p>\n<p id=\"absatz10\" class=\"em_text\" style=\"font-size: .8em;\">Die Inhalte dieses Berichts wurden automatisch auf der Basis von DFB-Daten zusammengestellt.<\/p>\n","protected":false},"excerpt":{"rendered":"Spielinfos: Datum &amp; Uhrzeit: 31.05.2025 15.30 UhrAustragungsort: DortmundWettbewerb: Oberliga WestfalenSpieltag: 38 Spielbericht: ASC 09 Dortmund gegen Rot Weiss&hellip;\n","protected":false},"author":2,"featured_media":154663,"comment_status":"","ping_status":"","sticky":false,"template":"","format":"standard","meta":{"footnotes":""},"categories":[1833],"tags":[17788,24794,7763,3364,29,217,5282,30,54556,54555,17785,734,7774,1613,1209,12006,17782,17712,7773,7765,7764,8404],"class_list":{"0":"post-154942","1":"post","2":"type-post","3":"status-publish","4":"format-standard","5":"has-post-thumbnail","7":"category-dortmund","8":"tag-ahlen","9":"tag-asc-09-dortmund","10":"tag-austragungsort","11":"tag-de","12":"tag-deutschland","13":"tag-dortmund","14":"tag-fuball","15":"tag-germany","16":"tag-hakan-sezer","17":"tag-marcel-mnzel","18":"tag-marvin-pourie","19":"tag-meta_artikelklasse_nachricht","20":"tag-meta_themen_sport","21":"tag-meta_userneeds_informieremich","22":"tag-nordrhein-westfalen","23":"tag-oberliga","24":"tag-rot-weiss-ahlen","25":"tag-serie_ligaid_210198","26":"tag-serie_ligaid_all","27":"tag-spielinfo","28":"tag-uhrzeit","29":"tag-westfalen"},"share_on_mastodon":{"url":"https:\/\/pubeurope.com\/@de\/114604274141015967","error":""},"_links":{"self":[{"href":"https:\/\/www.europesays.com\/de\/wp-json\/wp\/v2\/posts\/154942","targetHints":{"allow":["GET"]}}],"collection":[{"href":"https:\/\/www.europesays.com\/de\/wp-json\/wp\/v2\/posts"}],"about":[{"href":"https:\/\/www.europesays.com\/de\/wp-json\/wp\/v2\/types\/post"}],"author":[{"embeddable":true,"href":"https:\/\/www.europesays.com\/de\/wp-json\/wp\/v2\/users\/2"}],"replies":[{"embeddable":true,"href":"https:\/\/www.europesays.com\/de\/wp-json\/wp\/v2\/comments?post=154942"}],"version-history":[{"count":0,"href":"https:\/\/www.europesays.com\/de\/wp-json\/wp\/v2\/posts\/154942\/revisions"}],"wp:featuredmedia":[{"embeddable":true,"href":"https:\/\/www.europesays.com\/de\/wp-json\/wp\/v2\/media\/154663"}],"wp:attachment":[{"href":"https:\/\/www.europesays.com\/de\/wp-json\/wp\/v2\/media?parent=154942"}],"wp:term":[{"taxonomy":"category","embeddable":true,"href":"https:\/\/www.europesays.com\/de\/wp-json\/wp\/v2\/categories?post=154942"},{"taxonomy":"post_tag","embeddable":true,"href":"https:\/\/www.europesays.com\/de\/wp-json\/wp\/v2\/tags?post=154942"}],"curies":[{"name":"wp","href":"https:\/\/api.w.org\/{rel}","templated":true}]}}