{"id":154945,"date":"2025-05-31T20:14:10","date_gmt":"2025-05-31T20:14:10","guid":{"rendered":"https:\/\/www.europesays.com\/de\/154945\/"},"modified":"2025-05-31T20:14:10","modified_gmt":"2025-05-31T20:14:10","slug":"der-sport-tag-rb-leipzig-offenbar-mit-wunschtrainer-einig-bekommt-ihn-aber-nicht","status":"publish","type":"post","link":"https:\/\/www.europesays.com\/de\/154945\/","title":{"rendered":"Der Sport-Tag: RB Leipzig offenbar mit Wunschtrainer einig &#8211; bekommt ihn aber nicht"},"content":{"rendered":"<p>                    Der Sport-Tag<br \/>\n                RB Leipzig offenbar mit Wunschtrainer einig &#8211; bekommt ihn aber nicht<\/p>\n<p>\t\t\t\t              31.05.2025, 21:31 Uhr<\/p>\n<p>               <strong class=\"article__aside__title\">Sport.de<\/strong> <\/p>\n<p>powered by\u00a0<a href=\"http:\/\/sport.de\/\" rel=\"nofollow noopener\" target=\"_blank\">sport.de<\/a>\u00a0&#8211; Transfer-Ger\u00fcchte, News und Liveticker &#8211; alle Infos aus der Welt des Sports finden Sie hier!<\/p>\n<p> <b>Die Verantwortlichen von <a href=\"https:\/\/www.sport.de\/fussball\/te29680\/rb-leipzig\/\" target=\"_blank\" rel=\"nofollow noopener\">RB Leipzig<\/a> haben ihren Wunschtrainer Cesc Fabregas von einem Wechsel in die Bundesliga \u00fcberzeug<\/b>t, berichtet &#8222;Sky&#8220;. Laut Angaben des TV-Senders sind sich beide Seiten inzwischen einig. Vorausgegangen waren gleich mehrere Treffen, hei\u00dft es, darunter mit Red-Bull-Gesch\u00e4ftsf\u00fchrer Oliver Mintzlaff, J\u00fcrgen Klopp (Global Head of Soccer bei Red Bull) und Leipzigs Sport-Gesch\u00e4ftsf\u00fchrer Marcel Sch\u00e4fer. <a href=\"https:\/\/www.sport.de\/news\/ne8142408\/baldige-deadline-neue-trainer-geruechte-um-rb-leipzig\/\" target=\"_blank\" rel=\"nofollow noopener\">Zuletzt hatten &#8222;Kicker&#8220; und &#8222;Bild&#8220; berichtet, dass der Spanier zumindest Interesse an einem Engagement habe.<\/a><\/p>\n<p>Trotz der vermeintlichen Einigung mit dem aufstrebenden Trainer k\u00f6nnen die RB-Bosse keinen Vollzug melden. Denn:<b> Dessen Arbeitgeber Como 1907 stellt sich weiterhin quer. <\/b>Die Italiener haben laut &#8222;Sky&#8220; jedes Angebot des Bundesligisten abgeblockt. Dass es dort noch einmal zu einem Umdenken kommt, sei unwahrscheinlich, so die Einsch\u00e4tzung. Dazu passen auch Berichte aus Italien. <b>Nach Informationen von &#8222;Tuttomercatoweb.com&#8220; soll Como 1907 dem umworbenen Ex-Weltmeister einen neuen Vertrag anbieten.<\/b> Dadurch k\u00f6nnte ihm eine satte Gehaltserh\u00f6hung winken, hei\u00dft es.<\/p>\n","protected":false},"excerpt":{"rendered":"Der Sport-Tag RB Leipzig offenbar mit Wunschtrainer einig &#8211; bekommt ihn aber nicht 31.05.2025, 21:31 Uhr Sport.de powered&hellip;\n","protected":false},"author":2,"featured_media":154946,"comment_status":"","ping_status":"","sticky":false,"template":"","format":"standard","meta":{"footnotes":""},"categories":[1832],"tags":[3364,282,29,30,71,3494,859,283,52005],"class_list":{"0":"post-154945","1":"post","2":"type-post","3":"status-publish","4":"format-standard","5":"has-post-thumbnail","7":"category-leipzig","8":"tag-de","9":"tag-der","10":"tag-deutschland","11":"tag-germany","12":"tag-leipzig","13":"tag-rb","14":"tag-sachsen","15":"tag-sport-tag","16":"tag-wunschtrainer"},"share_on_mastodon":{"url":"https:\/\/pubeurope.com\/@de\/114604282034241571","error":""},"_links":{"self":[{"href":"https:\/\/www.europesays.com\/de\/wp-json\/wp\/v2\/posts\/154945","targetHints":{"allow":["GET"]}}],"collection":[{"href":"https:\/\/www.europesays.com\/de\/wp-json\/wp\/v2\/posts"}],"about":[{"href":"https:\/\/www.europesays.com\/de\/wp-json\/wp\/v2\/types\/post"}],"author":[{"embeddable":true,"href":"https:\/\/www.europesays.com\/de\/wp-json\/wp\/v2\/users\/2"}],"replies":[{"embeddable":true,"href":"https:\/\/www.europesays.com\/de\/wp-json\/wp\/v2\/comments?post=154945"}],"version-history":[{"count":0,"href":"https:\/\/www.europesays.com\/de\/wp-json\/wp\/v2\/posts\/154945\/revisions"}],"wp:featuredmedia":[{"embeddable":true,"href":"https:\/\/www.europesays.com\/de\/wp-json\/wp\/v2\/media\/154946"}],"wp:attachment":[{"href":"https:\/\/www.europesays.com\/de\/wp-json\/wp\/v2\/media?parent=154945"}],"wp:term":[{"taxonomy":"category","embeddable":true,"href":"https:\/\/www.europesays.com\/de\/wp-json\/wp\/v2\/categories?post=154945"},{"taxonomy":"post_tag","embeddable":true,"href":"https:\/\/www.europesays.com\/de\/wp-json\/wp\/v2\/tags?post=154945"}],"curies":[{"name":"wp","href":"https:\/\/api.w.org\/{rel}","templated":true}]}}