{"id":154947,"date":"2025-05-31T20:15:10","date_gmt":"2025-05-31T20:15:10","guid":{"rendered":"https:\/\/www.europesays.com\/de\/154947\/"},"modified":"2025-05-31T20:15:10","modified_gmt":"2025-05-31T20:15:10","slug":"die-schoensten-eindruecke-und-fotos","status":"publish","type":"post","link":"https:\/\/www.europesays.com\/de\/154947\/","title":{"rendered":"Die sch\u00f6nsten Eindr\u00fccke und Fotos"},"content":{"rendered":"<p>Am Freitag und Samstag (30. und 31. Mai) steht das Stahlwerk in <a href=\"https:\/\/www.tonight.de\/duesseldorf\" data-internallinksmanager029f6b8e52c=\"44\" title=\"D\u00fcsseldorf News\" target=\"_blank\" rel=\"noopener\">D\u00fcsseldorf<\/a> Kopf \u2013 denn dann sorgt das <a href=\"https:\/\/www.tonight.de\/events\/das-weinfest-im-duesseldorfer-stahlwerk-treibgut-das-erwartet-euch-am-30-und-31-mai_399162.html\" target=\"_blank\" rel=\"noopener\">Weinfest<\/a> stundenlang f\u00fcr gute Laune, gute Musik und nat\u00fcrlich gute Tropfen Traubensaft. Wir zeigen die sch\u00f6nsten Eindr\u00fccke vom Wein-Event.<\/p>\n<p><strong>Dazu passend<\/strong>:<a href=\"https:\/\/www.tonight.de\/events\/duesseldorf-am-rhein-fliesst-der-wein-besondere-weinfeste-events-partys-die-ihr-nicht-verpassen-duerft_399964.html\" target=\"_blank\" rel=\"noopener\"> 6 besondere Weinfeste in D\u00fcsseldorf, die ihr nicht verpassen d\u00fcrft!<\/a><\/p>\n<p>Ihr seid mit einem Foto nicht zufrieden? Schreibt uns einfach eine Mail an <a href=\"https:\/\/www.tonight.de\/fotogalerie\/mailto:tonightnews@rp-digital.de\" target=\"_blank\" rel=\"noopener\">tonightnews@rp-digital.de<\/a> \u2013 wir k\u00fcmmern uns darum!<\/p>\n","protected":false},"excerpt":{"rendered":"Am Freitag und Samstag (30. und 31. Mai) steht das Stahlwerk in D\u00fcsseldorf Kopf \u2013 denn dann sorgt&hellip;\n","protected":false},"author":2,"featured_media":154948,"comment_status":"","ping_status":"","sticky":false,"template":"","format":"standard","meta":{"footnotes":""},"categories":[1831],"tags":[10189,3364,29,3405,30,1209],"class_list":{"0":"post-154947","1":"post","2":"type-post","3":"status-publish","4":"format-standard","5":"has-post-thumbnail","7":"category-duesseldorf","8":"tag-adv_default","9":"tag-de","10":"tag-deutschland","11":"tag-duesseldorf","12":"tag-germany","13":"tag-nordrhein-westfalen"},"share_on_mastodon":{"url":"https:\/\/pubeurope.com\/@de\/114604285889334831","error":""},"_links":{"self":[{"href":"https:\/\/www.europesays.com\/de\/wp-json\/wp\/v2\/posts\/154947","targetHints":{"allow":["GET"]}}],"collection":[{"href":"https:\/\/www.europesays.com\/de\/wp-json\/wp\/v2\/posts"}],"about":[{"href":"https:\/\/www.europesays.com\/de\/wp-json\/wp\/v2\/types\/post"}],"author":[{"embeddable":true,"href":"https:\/\/www.europesays.com\/de\/wp-json\/wp\/v2\/users\/2"}],"replies":[{"embeddable":true,"href":"https:\/\/www.europesays.com\/de\/wp-json\/wp\/v2\/comments?post=154947"}],"version-history":[{"count":0,"href":"https:\/\/www.europesays.com\/de\/wp-json\/wp\/v2\/posts\/154947\/revisions"}],"wp:featuredmedia":[{"embeddable":true,"href":"https:\/\/www.europesays.com\/de\/wp-json\/wp\/v2\/media\/154948"}],"wp:attachment":[{"href":"https:\/\/www.europesays.com\/de\/wp-json\/wp\/v2\/media?parent=154947"}],"wp:term":[{"taxonomy":"category","embeddable":true,"href":"https:\/\/www.europesays.com\/de\/wp-json\/wp\/v2\/categories?post=154947"},{"taxonomy":"post_tag","embeddable":true,"href":"https:\/\/www.europesays.com\/de\/wp-json\/wp\/v2\/tags?post=154947"}],"curies":[{"name":"wp","href":"https:\/\/api.w.org\/{rel}","templated":true}]}}