{"id":154950,"date":"2025-05-31T20:17:09","date_gmt":"2025-05-31T20:17:09","guid":{"rendered":"https:\/\/www.europesays.com\/de\/154950\/"},"modified":"2025-05-31T20:17:09","modified_gmt":"2025-05-31T20:17:09","slug":"ein-jahr-wartezeit-aufs-wohngeld-in-stuttgart-land-baden-wuerttemberg-reutlinger-general-anzeiger","status":"publish","type":"post","link":"https:\/\/www.europesays.com\/de\/154950\/","title":{"rendered":"Ein Jahr Wartezeit aufs Wohngeld in Stuttgart &#8211; Land Baden-W\u00fcrttemberg &#8211; Reutlinger General-Anzeiger"},"content":{"rendered":"<p><a class=\"fancybox nfy-show-guest-info\" href=\"https:\/\/www.gea.de\/cms_media\/module_img\/82593\/41296557_1_lightbox_x0x_2020_quer_Symbol_Symbolbild_Wohngeld_Mietzuschuss_Unterstuetzung_Miete_Muenzen_Euros_Stift_ausfuellen_.jpg\" target=\"_blank\" rel=\"noopener\"><\/a><img loading=\"lazy\" decoding=\"async\" alt=\"Alle zw\u00f6lf Wohngeldbeh\u00f6rden in Stuttgart tun sich bei der Bearbeitung der zahlreichen Antr\u00e4ge schwer.  FOTO: IMAGO\" data-nfy-img-placeholder=\"detail\" src=\"https:\/\/www.europesays.com\/de\/wp-content\/uploads\/2025\/05\/41296557_1_detail_x0x_2020_quer_Symbol_Symbolbild_Wohngeld_Mietzuschuss_Unterstuetzung_Miete_Muenzen.jpeg\" title=\"Alle zw\u00f6lf Wohngeldbeh\u00f6rden in Stuttgart tun sich bei der Bearbeitung der zahlreichen Antr\u00e4ge schwer.  FOTO: IMAGO\" width=\"670\" height=\"374\"\/>Alle zw\u00f6lf Wohngeldbeh\u00f6rden in Stuttgart tun sich bei der Bearbeitung der zahlreichen Antr\u00e4ge schwer.  FOTO: IMAGO  <\/p>\n<p>Alle zw\u00f6lf Wohngeldbeh\u00f6rden in Stuttgart tun sich bei der Bearbeitung der zahlreichen Antr\u00e4ge schwer.  FOTO: IMAGO<\/p>\n<p> <a href=\"#null\" class=\"nfy-caption-info-button\" onclick=\"toggleFancyInfo(this);return false;\"><\/a><\/p>\n<p class=\"nfy-text-wrapper-blur\">Lorem ipsum dolor sit amet, consetetur sadipscing elitr, sed diam nonumy eirmod tempor invidunt ut labore et dolore magna aliquyam erat, sed diam voluptua. At vero eos et accusam et justo duo dolores et ea rebum.<\/p>\n","protected":false},"excerpt":{"rendered":"Alle zw\u00f6lf Wohngeldbeh\u00f6rden in Stuttgart tun sich bei der Bearbeitung der zahlreichen Antr\u00e4ge schwer. FOTO: IMAGO Alle zw\u00f6lf&hellip;\n","protected":false},"author":2,"featured_media":154951,"comment_status":"","ping_status":"","sticky":false,"template":"","format":"standard","meta":{"footnotes":""},"categories":[1830],"tags":[1634,3364,29,30,3461,1441],"class_list":{"0":"post-154950","1":"post","2":"type-post","3":"status-publish","4":"format-standard","5":"has-post-thumbnail","7":"category-stuttgart","8":"tag-baden-wuerttemberg","9":"tag-de","10":"tag-deutschland","11":"tag-germany","12":"tag-sonstige","13":"tag-stuttgart"},"share_on_mastodon":{"url":"https:\/\/pubeurope.com\/@de\/114604293723164951","error":""},"_links":{"self":[{"href":"https:\/\/www.europesays.com\/de\/wp-json\/wp\/v2\/posts\/154950","targetHints":{"allow":["GET"]}}],"collection":[{"href":"https:\/\/www.europesays.com\/de\/wp-json\/wp\/v2\/posts"}],"about":[{"href":"https:\/\/www.europesays.com\/de\/wp-json\/wp\/v2\/types\/post"}],"author":[{"embeddable":true,"href":"https:\/\/www.europesays.com\/de\/wp-json\/wp\/v2\/users\/2"}],"replies":[{"embeddable":true,"href":"https:\/\/www.europesays.com\/de\/wp-json\/wp\/v2\/comments?post=154950"}],"version-history":[{"count":0,"href":"https:\/\/www.europesays.com\/de\/wp-json\/wp\/v2\/posts\/154950\/revisions"}],"wp:featuredmedia":[{"embeddable":true,"href":"https:\/\/www.europesays.com\/de\/wp-json\/wp\/v2\/media\/154951"}],"wp:attachment":[{"href":"https:\/\/www.europesays.com\/de\/wp-json\/wp\/v2\/media?parent=154950"}],"wp:term":[{"taxonomy":"category","embeddable":true,"href":"https:\/\/www.europesays.com\/de\/wp-json\/wp\/v2\/categories?post=154950"},{"taxonomy":"post_tag","embeddable":true,"href":"https:\/\/www.europesays.com\/de\/wp-json\/wp\/v2\/tags?post=154950"}],"curies":[{"name":"wp","href":"https:\/\/api.w.org\/{rel}","templated":true}]}}