{"id":154963,"date":"2025-05-31T20:24:10","date_gmt":"2025-05-31T20:24:10","guid":{"rendered":"https:\/\/www.europesays.com\/de\/154963\/"},"modified":"2025-05-31T20:24:10","modified_gmt":"2025-05-31T20:24:10","slug":"muenchen-linkin-park-und-david-garrett-heizen-fans-vor-finale-ein","status":"publish","type":"post","link":"https:\/\/www.europesays.com\/de\/154963\/","title":{"rendered":"M\u00fcnchen | Linkin Park und David Garrett heizen Fans vor Finale ein"},"content":{"rendered":"<p class=\"bodytext\">M\u00fcnchen (dpa) &#8211; Die US-Rockband Linkin Park und der deutsche Stargeiger David Garrett haben die Fu\u00dfball-Fans in der M\u00fcnchner Arena auf das Champions-League-Finale eingestimmt. Unmittelbar vor dem Anpfiff zwischen Paris Saint-Germain und Inter Mailand spielte Linkin Park ein kurzes Medley ihrer Hits und neuen Songs. Das Publikum reagierte weitgehend regungslos bei dem Auftritt, am Ende gab es Applaus.<\/p>\n<p>Garrett bot danach auf der Violine den White-Stripes-Hit \u00abSeven Nation Army\u00bb, inzwischen ein Klassiker bei Fu\u00dfball-Fans. Vor allem bei dem Song gr\u00f6hlten die Fans im Stadion mit.<\/p>\n<p>Musik-Auftritte bei Fu\u00dfballspielen umstritten<\/p>\n<p>Linkin Park ist auf Comeback-Tour. Nach dem tragischen Tod von Frontmann Chester Bennington, der sich im Jahr 2017 das Leben genommen hatte, hatte die Band eine lange Pause gemacht. Im Herbst 2024 meldete sie sich dann \u00fcberraschend zur\u00fcck, unter anderem mit Emily Armstrong als neuer S\u00e4ngerin. In diesem Sommer spielt die Band noch f\u00fcnf Stadionkonzerte in Deutschland.<\/p>\n<p>Auftritte von Musikacts bei gro\u00dfen Spielen ohne direkte Beziehung zu den Vereinen stehen vor allem in Deutschland bei vielen Fans in der Kritik. Helene Fischer war w\u00e4hrend der Halbzeit-Show des DFB-Pokal-Endspiels 2017 zwischen Borussia Dortmund und Eintracht Frankfurt von den Anh\u00e4ngern beider Vereine lautstark ausgepfiffen worden. Der Deutsche Fu\u00dfball-Bund verzichtete danach auf derartige Einlagen beim Pokalfinale.<\/p>\n","protected":false},"excerpt":{"rendered":"M\u00fcnchen (dpa) &#8211; Die US-Rockband Linkin Park und der deutsche Stargeiger David Garrett haben die Fu\u00dfball-Fans in der&hellip;\n","protected":false},"author":2,"featured_media":154964,"comment_status":"","ping_status":"","sticky":false,"template":"","format":"standard","meta":{"footnotes":""},"categories":[1827],"tags":[772,468,29,156,4323,30,9007,355,2549,1268,810,23613],"class_list":{"0":"post-154963","1":"post","2":"type-post","3":"status-publish","4":"format-standard","5":"has-post-thumbnail","7":"category-muenchen","8":"tag-bayern","9":"tag-champions-league","10":"tag-deutschland","11":"tag-frankreich","12":"tag-fuayball","13":"tag-germany","14":"tag-inter-mailand","15":"tag-italien","16":"tag-leute","17":"tag-muenchen","18":"tag-musik","19":"tag-paris-saint-germain"},"share_on_mastodon":{"url":"https:\/\/pubeurope.com\/@de\/114604321390688952","error":""},"_links":{"self":[{"href":"https:\/\/www.europesays.com\/de\/wp-json\/wp\/v2\/posts\/154963","targetHints":{"allow":["GET"]}}],"collection":[{"href":"https:\/\/www.europesays.com\/de\/wp-json\/wp\/v2\/posts"}],"about":[{"href":"https:\/\/www.europesays.com\/de\/wp-json\/wp\/v2\/types\/post"}],"author":[{"embeddable":true,"href":"https:\/\/www.europesays.com\/de\/wp-json\/wp\/v2\/users\/2"}],"replies":[{"embeddable":true,"href":"https:\/\/www.europesays.com\/de\/wp-json\/wp\/v2\/comments?post=154963"}],"version-history":[{"count":0,"href":"https:\/\/www.europesays.com\/de\/wp-json\/wp\/v2\/posts\/154963\/revisions"}],"wp:featuredmedia":[{"embeddable":true,"href":"https:\/\/www.europesays.com\/de\/wp-json\/wp\/v2\/media\/154964"}],"wp:attachment":[{"href":"https:\/\/www.europesays.com\/de\/wp-json\/wp\/v2\/media?parent=154963"}],"wp:term":[{"taxonomy":"category","embeddable":true,"href":"https:\/\/www.europesays.com\/de\/wp-json\/wp\/v2\/categories?post=154963"},{"taxonomy":"post_tag","embeddable":true,"href":"https:\/\/www.europesays.com\/de\/wp-json\/wp\/v2\/tags?post=154963"}],"curies":[{"name":"wp","href":"https:\/\/api.w.org\/{rel}","templated":true}]}}