{"id":154969,"date":"2025-05-31T20:27:16","date_gmt":"2025-05-31T20:27:16","guid":{"rendered":"https:\/\/www.europesays.com\/de\/154969\/"},"modified":"2025-05-31T20:27:16","modified_gmt":"2025-05-31T20:27:16","slug":"berlin-brandenburg-protest-an-ex-stasi-zentrale-gegen-wohnungs-leerstand","status":"publish","type":"post","link":"https:\/\/www.europesays.com\/de\/154969\/","title":{"rendered":"Berlin &#038; Brandenburg: Protest an Ex-Stasi-Zentrale &#8211; gegen Wohnungs-Leerstand"},"content":{"rendered":"<p>                    Berlin &amp; Brandenburg<br \/>\n                Protest an Ex-Stasi-Zentrale &#8211; gegen Wohnungs-Leerstand<\/p>\n<p>\t\t\t\t              31.05.2025, 19:05 Uhr<\/p>\n<p><strong>Mehrere Demonstranten dringen in Berlin-Lichtenberg in ein Geb\u00e4ude der ehemaligen Stasi-Zentrale ein. Sie wollen damit auf einen Missstand des Wohnungsmarkts aufmerksam machen.<\/strong><\/p>\n<p>rlin (dpa\/bb) &#8211; Aus Protest gegen den Wohnungsleerstand in Berlin sind mehrere Menschen in ein leerstehendes Geb\u00e4ude der ehemaligen Stasi-Zentrale eingedrungen. Nach mehreren Stunden verlie\u00dfen sie das Haus in der Ruschestra\u00dfe im Bezirk Lichtenberg wieder, zum Teil auf eigenen F\u00fc\u00dfen, andere lie\u00dfen sich von Polizeibeamten hinaustragen, wie eine Polizeisprecherin berichtete. Die R\u00e4umung sei friedlich verlaufen.<\/p>\n<p>Wie viele Personen sich zeitweise in dem Geb\u00e4ude aufhielten, konnte die Sprecherin nicht sagen. An dem Haus mit einer gro\u00dfen Glasfassade im Bezirk Lichtenberg hatten sich nach Polizeiangaben zudem 40 bis 50 Unterst\u00fctzer der Aktion versammelt. Als Motto der Demonstration h\u00e4tten die Teilnehmer &#8222;Leerstand der Stadt&#8220; angegeben. Die Polizei schickte 190 Beamte zu dem Einsatz. Der Eigent\u00fcmer habe wegen des unbefugten Eindringens Anzeige erstattet.<\/p>\n","protected":false},"excerpt":{"rendered":"Berlin &amp; Brandenburg Protest an Ex-Stasi-Zentrale &#8211; gegen Wohnungs-Leerstand 31.05.2025, 19:05 Uhr Mehrere Demonstranten dringen in Berlin-Lichtenberg in&hellip;\n","protected":false},"author":2,"featured_media":154688,"comment_status":"","ping_status":"","sticky":false,"template":"","format":"standard","meta":{"footnotes":""},"categories":[1816],"tags":[1960,1958,1959,1957,296,1956,1890,29,54562,30,4330,54600],"class_list":{"0":"post-154969","1":"post","2":"type-post","3":"status-publish","4":"format-standard","5":"has-post-thumbnail","7":"category-brandenburg","8":"tag-aktuelle-nachrichten-aus-berlin-und-brandenburg","9":"tag-aktuelle-nachrichten-aus-brandenburg","10":"tag-aktuelle-news-aus-berlin-und-brandenburg","11":"tag-aktuelle-news-aus-brandenburg","12":"tag-berlin","13":"tag-berlin-und-brandenburg","14":"tag-brandenburg","15":"tag-deutschland","16":"tag-ex-stasi-zentrale","17":"tag-germany","18":"tag-protest","19":"tag-wohnungs-leerstand"},"share_on_mastodon":{"url":"https:\/\/pubeurope.com\/@de\/114604333011699213","error":""},"_links":{"self":[{"href":"https:\/\/www.europesays.com\/de\/wp-json\/wp\/v2\/posts\/154969","targetHints":{"allow":["GET"]}}],"collection":[{"href":"https:\/\/www.europesays.com\/de\/wp-json\/wp\/v2\/posts"}],"about":[{"href":"https:\/\/www.europesays.com\/de\/wp-json\/wp\/v2\/types\/post"}],"author":[{"embeddable":true,"href":"https:\/\/www.europesays.com\/de\/wp-json\/wp\/v2\/users\/2"}],"replies":[{"embeddable":true,"href":"https:\/\/www.europesays.com\/de\/wp-json\/wp\/v2\/comments?post=154969"}],"version-history":[{"count":0,"href":"https:\/\/www.europesays.com\/de\/wp-json\/wp\/v2\/posts\/154969\/revisions"}],"wp:featuredmedia":[{"embeddable":true,"href":"https:\/\/www.europesays.com\/de\/wp-json\/wp\/v2\/media\/154688"}],"wp:attachment":[{"href":"https:\/\/www.europesays.com\/de\/wp-json\/wp\/v2\/media?parent=154969"}],"wp:term":[{"taxonomy":"category","embeddable":true,"href":"https:\/\/www.europesays.com\/de\/wp-json\/wp\/v2\/categories?post=154969"},{"taxonomy":"post_tag","embeddable":true,"href":"https:\/\/www.europesays.com\/de\/wp-json\/wp\/v2\/tags?post=154969"}],"curies":[{"name":"wp","href":"https:\/\/api.w.org\/{rel}","templated":true}]}}