{"id":154970,"date":"2025-05-31T20:28:09","date_gmt":"2025-05-31T20:28:09","guid":{"rendered":"https:\/\/www.europesays.com\/de\/154970\/"},"modified":"2025-05-31T20:28:09","modified_gmt":"2025-05-31T20:28:09","slug":"union-berlin-entscheidung-bei-andrej-ilic-gefallen-ilyas-ansah-kommt-sport","status":"publish","type":"post","link":"https:\/\/www.europesays.com\/de\/154970\/","title":{"rendered":"Union Berlin: Entscheidung bei Andrej Ilic gefallen, Ilyas Ansah kommt | Sport"},"content":{"rendered":"<p><b>Es geht um die Zukunft des Torj\u00e4gers!<\/b><\/p>\n<p>Andrej Ilic (25) bl\u00fchte in der R\u00fcckrunde bei Union Berlin auf, erzielte sieben Tore in 16 Spielen und half ma\u00dfgeblich beim Klassenerhalt mit.<\/p>\n<p>Der St\u00fcrmer ist von Lille nur ausgeliehen. Nach BILD-Informationen gibt es jetzt aber eine Entscheidung.<\/p>\n<p><b>Wie die ausf\u00e4llt und wie es f\u00fcr Ilic und Union weitergeht, lesen Sie mit BILDplus!<\/b><\/p>\n","protected":false},"excerpt":{"rendered":"Es geht um die Zukunft des Torj\u00e4gers! Andrej Ilic (25) bl\u00fchte in der R\u00fcckrunde bei Union Berlin auf,&hellip;\n","protected":false},"author":2,"featured_media":154971,"comment_status":"","ping_status":"","sticky":false,"template":"","format":"standard","meta":{"footnotes":""},"categories":[1825],"tags":[297,1941,1939,1740,296,1937,29,538,347,30,1940,1938,622,806,4581,45],"class_list":{"0":"post-154970","1":"post","2":"type-post","3":"status-publish","4":"format-standard","5":"has-post-thumbnail","7":"category-berlin","8":"tag-1-fc-union-berlin","9":"tag-aktuelle-nachrichten-aus-berlin","10":"tag-aktuelle-news-aus-berlin","11":"tag-baumgart-steffen","12":"tag-berlin","13":"tag-berlin-news","14":"tag-deutschland","15":"tag-erste-bundesliga","16":"tag-fussball","17":"tag-germany","18":"tag-nachrichten-aus-berlin","19":"tag-news-aus-berlin","20":"tag-sc-paderborn-07","21":"tag-sport-leuchtturm-berlin","22":"tag-sport-tag-im-ticker","23":"tag-texttospeech"},"share_on_mastodon":{"url":"https:\/\/pubeurope.com\/@de\/114604336960791495","error":""},"_links":{"self":[{"href":"https:\/\/www.europesays.com\/de\/wp-json\/wp\/v2\/posts\/154970","targetHints":{"allow":["GET"]}}],"collection":[{"href":"https:\/\/www.europesays.com\/de\/wp-json\/wp\/v2\/posts"}],"about":[{"href":"https:\/\/www.europesays.com\/de\/wp-json\/wp\/v2\/types\/post"}],"author":[{"embeddable":true,"href":"https:\/\/www.europesays.com\/de\/wp-json\/wp\/v2\/users\/2"}],"replies":[{"embeddable":true,"href":"https:\/\/www.europesays.com\/de\/wp-json\/wp\/v2\/comments?post=154970"}],"version-history":[{"count":0,"href":"https:\/\/www.europesays.com\/de\/wp-json\/wp\/v2\/posts\/154970\/revisions"}],"wp:featuredmedia":[{"embeddable":true,"href":"https:\/\/www.europesays.com\/de\/wp-json\/wp\/v2\/media\/154971"}],"wp:attachment":[{"href":"https:\/\/www.europesays.com\/de\/wp-json\/wp\/v2\/media?parent=154970"}],"wp:term":[{"taxonomy":"category","embeddable":true,"href":"https:\/\/www.europesays.com\/de\/wp-json\/wp\/v2\/categories?post=154970"},{"taxonomy":"post_tag","embeddable":true,"href":"https:\/\/www.europesays.com\/de\/wp-json\/wp\/v2\/tags?post=154970"}],"curies":[{"name":"wp","href":"https:\/\/api.w.org\/{rel}","templated":true}]}}