{"id":154984,"date":"2025-05-31T20:35:19","date_gmt":"2025-05-31T20:35:19","guid":{"rendered":"https:\/\/www.europesays.com\/de\/154984\/"},"modified":"2025-05-31T20:35:19","modified_gmt":"2025-05-31T20:35:19","slug":"rezension-jimi-hendrix-musiker-popstar-mythos","status":"publish","type":"post","link":"https:\/\/www.europesays.com\/de\/154984\/","title":{"rendered":"Rezension: Jimi Hendrix: Musiker, Popstar, Mythos"},"content":{"rendered":"<p>                            Neues Jimi Hendrix Buch von AMAZONA-Autor Lothar Trampert<\/p>\n<p>31. Mai 2025<\/p>\n<p>                    <a href=\"https:\/\/www.europesays.com\/de\/wp-content\/uploads\/2025\/05\/rezension-jimi-hendrix-musiker-popstar-mythos-trampert-aufmacher.jpg\"><img fetchpriority=\"high\" decoding=\"async\" aria-describedby=\"caption-attachment-659812\" class=\"wp-image-659812 size-full\" src=\"https:\/\/www.europesays.com\/de\/wp-content\/uploads\/2025\/05\/rezension-jimi-hendrix-musiker-popstar-mythos-trampert-aufmacher.jpg\" alt=\"Jimi Hendrix: Musiker Popstar Mythos Trampert Aufmacher\" width=\"2259\" height=\"1337\"  \/><\/a><\/p>\n<p id=\"caption-attachment-659812\" class=\"wp-caption-text\">Jimi Hendrix: Musiker, Popstar, Mythos \u2013 das neue Buch von AMAZONA-Autor Lothar Trampert<\/p>\n<p>Wenn Gitarristen \u00fcber oder von Jimi Hendrix sprechen, dann in der Regel mit viel Ehrerbietung und einem Leuchten in den Augen. F\u00fcr viele \u00e4ltere Rockmusiker ist Hendrix der Ursprung ihrer Leidenschaft und wird in einem Atemzug mit den Beatles und den Rolling Stones genannt. F\u00fcr US-Amerikaner schwingt beim Namen Hendrix immer auch eine gro\u00dfe Portion Stolz mit, denn vor dem denkw\u00fcrdigen Woodstock Festival Auftritt von Jimi Hendrix waren es vor allem die Exporte aus Gro\u00dfbritannien, die einen gro\u00dfen Impact auf die Rockmusik der 1960er-Jahre hatten. Neben Beatles und Rolling Stones als Bands muss vor allem Eric Clapton genannt werden.<\/p>\n<p>Doch bevor wir uns im Get\u00fcmmel der einflussreichsten Bands und Musiker verlieren, zur\u00fcck zu Jimi Hendrix.<\/p>\n<p>Schaut man im Online-Buchhandel nach B\u00fcchern \u00fcber Hendrix, wird man schnell f\u00fcndig. Manche befassen sich mit der Biografie, einige mit den Songs und wieder andere mit dem Spielstil des Ausnahmegitarristen. Warum ein weiteres Buch \u00fcber Hendrix?<\/p>\n<p>Lothar Trampert<\/p>\n<p>Lothar Trampert ist kein Unbekannter im Hendrix-Universum. Von ihm stammt eines der ma\u00dfgeblichen deutschsprachigen Werke \u00fcber Hendrix: \u201eElektrisch! Jimi Hendrix \u2013 Der Musiker hinter dem Mythos\u201c. Dessen Erstauflage ist 1994 bei Piper\/Schott erschienen und inzwischen leider nur noch antiquarisch zu erstehen. Tramperts Wege und die von Hendrix kreuzen sich in seiner beruflichen Laufbahn immer wieder. 30 Jahre lang hat er als Redakteur des bekannten Magazins Gitarre &amp; Bass gearbeitet und mehr als 400 Interviews gef\u00fchrt. So war Lothar Trampert auch die treibende Kraft hinter dem Gitarre &amp; Bass Special \u201eG&amp;B JIMI HENDRIX ABC\u201c aus dem Jahr 2018. Konzept, Texte und Fotos stammen von ihm.<\/p>\n<p>Lothar Trampert ist in Sachen Hendrix aber auch vielen AMAZONA-Lesern durch seine exklusive AMAZONA-Serie \u201eThe Jimi Hendrix Book\u201c bekannt.<\/p>\n<p>Grund genug also, sich dem Thema Hendrix noch einmal zu widmen. Nach seinem Abschied von Gitarre &amp; Bass f\u00fchrte ihn sein Weg erneut in das Reich von Hendrix. Sein neues Hendrix Buch \u201eJimi Hendrix: Musiker, Popstar, Mythos\u201c erscheint bei BoD Books on Demand.<\/p>\n<p><a href=\"https:\/\/www.europesays.com\/de\/wp-content\/uploads\/2025\/05\/trampert-jimi-hendrix-buch.jpg\"><img loading=\"lazy\" decoding=\"async\" aria-describedby=\"caption-attachment-659815\" class=\"size-full wp-image-659815\" src=\"https:\/\/www.europesays.com\/de\/wp-content\/uploads\/2025\/05\/trampert-jimi-hendrix-buch.jpg\" alt=\"Buch Jimi Hendrix Musiker Popstar Mythos Hardcover auf cremefarbener Fender Stratocaster\" width=\"2048\" height=\"1536\"  \/><\/a><\/p>\n<p id=\"caption-attachment-659815\" class=\"wp-caption-text\">Pflichtlekt\u00fcre nicht nur f\u00fcr Gitarristen, Quelle: https:\/\/jimihendrixbuch.de<\/p>\n<p>Von der Leidenschaft zum Buch<\/p>\n<p>Liest man das Vorwort und bl\u00e4ttert durch das Buch, wird schnell klar: Hier geht es nicht nur um schn\u00f6de Fakten, sondern um Leidenschaft. Es geht Lothar um seine eigene Leidenschaft, Emotionen und vor allem um die Musik, die nach Hendrix noch Generationen von Musikern gepr\u00e4gt hat. Und so ist auch das Buch weniger eine Biografie oder musikwissenschaftliche Abhandlung \u00fcber Hendrix. Es ist vielmehr ein pers\u00f6nlicher Erlebnisbericht des Autors \u2013 und vieler anderer Musiker, die ebenfalls zu Wort kommen.<\/p>\n<p>Die tiefe Verbundenheit Lothars zur Musik von Hendrix wird in jedem Kapitel des 404 Seiten starken Buches sp\u00fcrbar und macht dadurch auch Hendrix f\u00fcr den Leser nahbar. Mir gef\u00e4llt das sehr gut, weil es erfrischend anders ist als viele andere Musikerbiografien. So rangiert das Buch f\u00fcr mich gleich hinter der Autobiografie \u201eBorn to Run\u201c von Bruce Springsteen.<\/p>\n<p><a href=\"https:\/\/www.europesays.com\/de\/wp-content\/uploads\/2025\/05\/buch-jimi-hendrix-musiker-popstar-mythos-trampert.jpeg\"><img loading=\"lazy\" decoding=\"async\" aria-describedby=\"caption-attachment-659820\" class=\"size-full wp-image-659820\" src=\"https:\/\/www.europesays.com\/de\/wp-content\/uploads\/2025\/05\/buch-jimi-hendrix-musiker-popstar-mythos-trampert.jpeg\" alt=\"Buch Jimi Hendrix Musiker Popstar Mythos aufgeschlagen Bilder\" width=\"1280\" height=\"960\"  \/><\/a><\/p>\n<p id=\"caption-attachment-659820\" class=\"wp-caption-text\">Schon allein wegen der vielen tollen Fotos lohnt sich das Buch<\/p>\n<p>Erg\u00e4nzt wird Tramperts Buch durch zahlreiche Fotos des Fotografen G\u00fcnther Zint aus seiner Zeit mit Hendrix in den 1960er-Jahren. Und nicht nur das: Am Ende des Buches befindet sich nicht nur eine komplette Diskographie, sondern auch eine Auflistung aller bekannten Videos, Interviews, B\u00fccher und Magazine, YouTube-Kan\u00e4le und vielem mehr. Ein Eldorado f\u00fcr alle Hendrix Fans, die nach der Lekt\u00fcre des Buches noch tiefer einsteigen wollen.<\/p>\n<p>Das Buch ist f\u00fcr einen Preis von 30,- Euro als <a href=\"https:\/\/buchshop.bod.de\/jimi-hendrix-lothar-trampert-9783819246296\" target=\"_blank\" rel=\"noopener nofollow\">Hardcover<\/a> und f\u00fcr 22,- Euro als <a href=\"https:\/\/buchshop.bod.de\/jimi-hendrix-lothar-trampert-9783769389425\" target=\"_blank\" rel=\"noopener nofollow\">Paperback<\/a> bei BoD erh\u00e4ltlich. Das E-Book ist f\u00fcr 9,99 Euro erh\u00e4ltlich. Der Preis ist angesichts des Inhalts mehr als gerechtfertigt. Infos zum Buch gibt es auch auf der dazugeh\u00f6rigen <a href=\"https:\/\/jimihendrixbuch.de\" target=\"_blank\" rel=\"noopener nofollow\">Website<\/a>. Das Buch enth\u00e4lt \u00fcber 100 Abbildungen, darunter 40 Fotos. Die Hardcover-Ausgabe umfasst 404 Seiten.<\/p>\n<p><a href=\"https:\/\/www.europesays.com\/de\/wp-content\/uploads\/2025\/05\/lothar-trampert-12-2018.jpg\"><img loading=\"lazy\" decoding=\"async\" class=\"alignnone size-full wp-image-659816\" src=\"https:\/\/www.europesays.com\/de\/wp-content\/uploads\/2025\/05\/lothar-trampert-12-2018.jpg\" alt=\"Lothar Trampert Foto\" width=\"944\" height=\"888\"  \/><\/a><\/p>\n<p>Lothar Trampert hat Musikwissenschaft &amp; Kunstgeschichte studiert und als freiberuflicher Journalist und Fachautor gearbeitet. Er ist stilistisch vielf\u00e4ltig und vor allem in Rock, Jazz, Funk, Klassik, Blues und R&amp;B verwurzelt. Au\u00dferdem hat er unter dem Pseudonym Jan Urbanek 2024 den autofiktionalen Roman Popsog ver\u00f6ffentlicht, der in der <a href=\"https:\/\/www.subkultur.de\/edition\/popsog-is-buch-des-monats-bei-eclipsed\/\" target=\"_blank\" rel=\"noopener nofollow\">edition.subkultur, Berlin<\/a> erschienen ist.<\/p>\n","protected":false},"excerpt":{"rendered":"Neues Jimi Hendrix Buch von AMAZONA-Autor Lothar Trampert 31. Mai 2025 Jimi Hendrix: Musiker, Popstar, Mythos \u2013 das&hellip;\n","protected":false},"author":2,"featured_media":154985,"comment_status":"","ping_status":"","sticky":false,"template":"","format":"standard","meta":{"footnotes":""},"categories":[1774],"tags":[1784,1785,29,214,30,215],"class_list":{"0":"post-154984","1":"post","2":"type-post","3":"status-publish","4":"format-standard","5":"has-post-thumbnail","7":"category-buecher","8":"tag-books","9":"tag-buecher","10":"tag-deutschland","11":"tag-entertainment","12":"tag-germany","13":"tag-unterhaltung"},"share_on_mastodon":{"url":"https:\/\/pubeurope.com\/@de\/114604364562876636","error":""},"_links":{"self":[{"href":"https:\/\/www.europesays.com\/de\/wp-json\/wp\/v2\/posts\/154984","targetHints":{"allow":["GET"]}}],"collection":[{"href":"https:\/\/www.europesays.com\/de\/wp-json\/wp\/v2\/posts"}],"about":[{"href":"https:\/\/www.europesays.com\/de\/wp-json\/wp\/v2\/types\/post"}],"author":[{"embeddable":true,"href":"https:\/\/www.europesays.com\/de\/wp-json\/wp\/v2\/users\/2"}],"replies":[{"embeddable":true,"href":"https:\/\/www.europesays.com\/de\/wp-json\/wp\/v2\/comments?post=154984"}],"version-history":[{"count":0,"href":"https:\/\/www.europesays.com\/de\/wp-json\/wp\/v2\/posts\/154984\/revisions"}],"wp:featuredmedia":[{"embeddable":true,"href":"https:\/\/www.europesays.com\/de\/wp-json\/wp\/v2\/media\/154985"}],"wp:attachment":[{"href":"https:\/\/www.europesays.com\/de\/wp-json\/wp\/v2\/media?parent=154984"}],"wp:term":[{"taxonomy":"category","embeddable":true,"href":"https:\/\/www.europesays.com\/de\/wp-json\/wp\/v2\/categories?post=154984"},{"taxonomy":"post_tag","embeddable":true,"href":"https:\/\/www.europesays.com\/de\/wp-json\/wp\/v2\/tags?post=154984"}],"curies":[{"name":"wp","href":"https:\/\/api.w.org\/{rel}","templated":true}]}}