{"id":155005,"date":"2025-05-31T20:46:17","date_gmt":"2025-05-31T20:46:17","guid":{"rendered":"https:\/\/www.europesays.com\/de\/155005\/"},"modified":"2025-05-31T20:46:17","modified_gmt":"2025-05-31T20:46:17","slug":"kanzler-merz-trifft-am-donnerstag-us-praesident-trump-in-washington","status":"publish","type":"post","link":"https:\/\/www.europesays.com\/de\/155005\/","title":{"rendered":"Kanzler Merz trifft am Donnerstag US-Pr\u00e4sident Trump in Washington"},"content":{"rendered":"<p class=\"metatextline\">Stand: 31.05.2025 17:14 Uhr<\/p>\n<p class=\"textabsatz columns twelve  m-ten  m-offset-one l-eight l-offset-two\">\n        <strong>Bundeskanzler Friedrich Merz wird am kommenden Donnerstag Donald Trump im Wei\u00dfen Haus besuchen. Dabei will der US-Pr\u00e4sident Merz eine besondere Ehre zukommen lassen. Inhaltlich d\u00fcrfte es vor allem um die Ukraine gehen.<\/strong>\n    <\/p>\n<p class=\"textabsatz m-ten m-offset-one l-eight l-offset-two columns twelve\">\nBundeskanzler Friedrich Merz (CDU) reist nach Washington, um dort am Donnerstag erstmals seit seinem Amtsantritt US-Pr\u00e4sident Donald Trump zu treffen. Geplant seien ein Gespr\u00e4ch der beiden im Wei\u00dfen Haus, ein gemeinsames Mittagessen und eine anschlie\u00dfende Pressebegegnung, gab Regierungssprecher Stefan Kornelius in Berlin bekannt.<\/p>\n<p class=\"textabsatz m-ten m-offset-one l-eight l-offset-two columns twelve\">\nEs ist das erste Treffen der beiden seit Merz&#8216; Amtsantritt am 6. Mai. Davor waren sich die beiden vor vielen Jahren nur einmal fl\u00fcchtig in New York begegnet. Merz bricht am Mittwochabend nach einem Abendessen mit den Ministerpr\u00e4sidenten der L\u00e4nder in Berlin nach Washington auf. Bei der Ministerpr\u00e4sidentenkonferenz am Donnerstag l\u00e4sst er sich von Kanzleramtschef Thorsten Frei vertreten.\u00a0<\/p>\n<p class=\"textabsatz m-ten m-offset-one l-eight l-offset-two columns twelve\">\nVergangenen Mittwoch war bereits Merz&#8216; Au\u00dfenminister Johann Wadephul (CDU) nach Washington gereist und dort mit seinem US-Kollegen Marco Rubio zusammengetroffen.<\/p>\n<p>    Ukraine, NATO und Zollstreit als Topthemen<\/p>\n<p class=\"textabsatz m-ten m-offset-one l-eight l-offset-two columns twelve\">\nTrump wird den Kanzler im G\u00e4stehaus des Pr\u00e4sidenten, dem Blair House neben dem Wei\u00dfen Haus, \u00fcbernachten lassen &#8211; eine besondere Ehre. Bei dem Gespr\u00e4ch in Washington d\u00fcrften die Bem\u00fchungen um ein Ende des Ukraine-Kriegs, die Reaktion der NATO auf die wachsenden Bedrohungen von au\u00dfen und der Zollstreit zwischen den USA und der EU im Mittelpunkt stehen. Vor allem geht es aber darum, ob die beiden einen guten Draht zueinander finden.<\/p>\n<p class=\"textabsatz m-ten m-offset-one l-eight l-offset-two columns twelve\">\nMerz und Trump haben in den vergangenen Wochen mehrfach telefoniert &#8211; einmal zu zweit und danach dreimal in gr\u00f6\u00dferer Runde mit mehreren anderen europ\u00e4ischen Staats- und Regierungschefs zu den Bem\u00fchungen um ein Ende des Ukraine-Kriegs. Merz hat inzwischen die Handynummer des US-Pr\u00e4sidenten und tauscht sich mit ihm per SMS aus. Seit dem j\u00fcngsten Telefonat sprechen sich die beiden auch mit den Vornamen Friedrich und Donald an.<\/p>\n<p>    Mehr Druck auf Putin<\/p>\n<p class=\"textabsatz m-ten m-offset-one l-eight l-offset-two columns twelve\">\nAn Nummer eins d\u00fcrften die Bem\u00fchungen um ein Ende des Krieges in der Ukraine stehen. Merz hat sich dabei unter den Europ\u00e4ern mit an die Spitze gesetzt, zeigte sich zuletzt aber frustriert \u00fcber mangelnde Fortschritte. In Washington wird er bei Trump darum k\u00e4mpfen, den Druck auf den russischen Pr\u00e4sidenten Wladimir Putin zu erh\u00f6hen, um ihn zu einer Waffenruhe zu bewegen. Die Europ\u00e4er bereiten dazu ein weiteres Sanktionspaket in dem Bewusstsein vor, dass sie Putin nur zusammen mit den Amerikanern wirklich beeindrucken k\u00f6nnen.<\/p>\n","protected":false},"excerpt":{"rendered":"Stand: 31.05.2025 17:14 Uhr Bundeskanzler Friedrich Merz wird am kommenden Donnerstag Donald Trump im Wei\u00dfen Haus besuchen. Dabei&hellip;\n","protected":false},"author":2,"featured_media":155006,"comment_status":"","ping_status":"","sticky":false,"template":"","format":"standard","meta":{"footnotes":""},"categories":[5],"tags":[29,13,182,14,15,12,10,8,9,11,113,64],"class_list":{"0":"post-155005","1":"post","2":"type-post","3":"status-publish","4":"format-standard","5":"has-post-thumbnail","7":"category-nachrichten","8":"tag-deutschland","9":"tag-headlines","10":"tag-merz","11":"tag-nachrichten","12":"tag-news","13":"tag-schlagzeilen","14":"tag-top-news","15":"tag-top-meldungen","16":"tag-topmeldungen","17":"tag-topnews","18":"tag-trump","19":"tag-usa"},"share_on_mastodon":{"url":"https:\/\/pubeurope.com\/@de\/114604407747651735","error":""},"_links":{"self":[{"href":"https:\/\/www.europesays.com\/de\/wp-json\/wp\/v2\/posts\/155005","targetHints":{"allow":["GET"]}}],"collection":[{"href":"https:\/\/www.europesays.com\/de\/wp-json\/wp\/v2\/posts"}],"about":[{"href":"https:\/\/www.europesays.com\/de\/wp-json\/wp\/v2\/types\/post"}],"author":[{"embeddable":true,"href":"https:\/\/www.europesays.com\/de\/wp-json\/wp\/v2\/users\/2"}],"replies":[{"embeddable":true,"href":"https:\/\/www.europesays.com\/de\/wp-json\/wp\/v2\/comments?post=155005"}],"version-history":[{"count":0,"href":"https:\/\/www.europesays.com\/de\/wp-json\/wp\/v2\/posts\/155005\/revisions"}],"wp:featuredmedia":[{"embeddable":true,"href":"https:\/\/www.europesays.com\/de\/wp-json\/wp\/v2\/media\/155006"}],"wp:attachment":[{"href":"https:\/\/www.europesays.com\/de\/wp-json\/wp\/v2\/media?parent=155005"}],"wp:term":[{"taxonomy":"category","embeddable":true,"href":"https:\/\/www.europesays.com\/de\/wp-json\/wp\/v2\/categories?post=155005"},{"taxonomy":"post_tag","embeddable":true,"href":"https:\/\/www.europesays.com\/de\/wp-json\/wp\/v2\/tags?post=155005"}],"curies":[{"name":"wp","href":"https:\/\/api.w.org\/{rel}","templated":true}]}}