{"id":155026,"date":"2025-05-31T20:57:14","date_gmt":"2025-05-31T20:57:14","guid":{"rendered":"https:\/\/www.europesays.com\/de\/155026\/"},"modified":"2025-05-31T20:57:14","modified_gmt":"2025-05-31T20:57:14","slug":"feuchtgebiete-am-oberrhein-sollen-renaturiert-werden-neuburg","status":"publish","type":"post","link":"https:\/\/www.europesays.com\/de\/155026\/","title":{"rendered":"Feuchtgebiete am Oberrhein sollen renaturiert werden &#8211; Neuburg"},"content":{"rendered":"<p><b>Die Lauterniederung und das Naturschutzgebiet Neuburger Altrhein S\u00fcd sollen Teil eines von der EU gef\u00f6rderten Programms werden. Pl\u00e4ne.<\/b><\/p>\n<p> Die Landesstiftung Natur und Umwelt m\u00f6chte \u00fcber das Interreg-Programm der <a class=\"rtr-entity\" data-rtr-entity=\"EU\" data-rtr-id=\"9ecd84802fdb061133734ad2a6b51cd284e1cb49\" data-rtr-score=\"49.954533508541395\" data-rtr-etype=\"organisation\" data-rtr-index=\"0\" href=\"https:\/\/www.rheinpfalz.de\/themen\/eu?utm_source=rheinpfalz.de&amp;utm_medium=tms&amp;utm_campaign=intext\" rel=\"nofollow noopener\" target=\"_blank\">Europ\u00e4ischen Union<\/a> <\/p>\n<p class=\"\">Bitte loggen Sie sich ein um den Artikel im Klartext zu sehen.<\/p>\n<p class=\"\">zetjt das Pjorket togq;iFeeuheutecbbd&amp; am beour&amp;;hOqienldr eerhi;eincn in asd lols ucha sda cshziurteNugeattb uberugerN netrhlAi nenziegboe rwen.ed etiFeucgebthe ciirulnchsdeehter unm&amp;Aguul;esgnrap nlelos ni edn drie Reonngie aend,B sEsasl udn Plazf ,feggptel arrturitnee nud zum leiT uweamsriv&amp;amp<\/p>\n","protected":false},"excerpt":{"rendered":"Die Lauterniederung und das Naturschutzgebiet Neuburger Altrhein S\u00fcd sollen Teil eines von der EU gef\u00f6rderten Programms werden. Pl\u00e4ne.&hellip;\n","protected":false},"author":2,"featured_media":155027,"comment_status":"","ping_status":"","sticky":false,"template":"","format":"standard","meta":{"footnotes":""},"categories":[1844],"tags":[1634,3364,29,46913,548,54609,30,54611,8903,54612,4060,1427,54610,16935,1756,32413],"class_list":{"0":"post-155026","1":"post","2":"type-post","3":"status-publish","4":"format-standard","5":"has-post-thumbnail","7":"category-karlsruhe","8":"tag-baden-wuerttemberg","9":"tag-de","10":"tag-deutschland","11":"tag-elsass","12":"tag-eu","13":"tag-feuchtgebiet","14":"tag-germany","15":"tag-johannes-froehlich","16":"tag-karlsruhe","17":"tag-lauterniederung","18":"tag-lokal","19":"tag-mainz","20":"tag-oberrhein","21":"tag-pfalz","22":"tag-rheinland-pfalz","23":"tag-schmitt"},"share_on_mastodon":{"url":"https:\/\/pubeurope.com\/@de\/114604450995098612","error":""},"_links":{"self":[{"href":"https:\/\/www.europesays.com\/de\/wp-json\/wp\/v2\/posts\/155026","targetHints":{"allow":["GET"]}}],"collection":[{"href":"https:\/\/www.europesays.com\/de\/wp-json\/wp\/v2\/posts"}],"about":[{"href":"https:\/\/www.europesays.com\/de\/wp-json\/wp\/v2\/types\/post"}],"author":[{"embeddable":true,"href":"https:\/\/www.europesays.com\/de\/wp-json\/wp\/v2\/users\/2"}],"replies":[{"embeddable":true,"href":"https:\/\/www.europesays.com\/de\/wp-json\/wp\/v2\/comments?post=155026"}],"version-history":[{"count":0,"href":"https:\/\/www.europesays.com\/de\/wp-json\/wp\/v2\/posts\/155026\/revisions"}],"wp:featuredmedia":[{"embeddable":true,"href":"https:\/\/www.europesays.com\/de\/wp-json\/wp\/v2\/media\/155027"}],"wp:attachment":[{"href":"https:\/\/www.europesays.com\/de\/wp-json\/wp\/v2\/media?parent=155026"}],"wp:term":[{"taxonomy":"category","embeddable":true,"href":"https:\/\/www.europesays.com\/de\/wp-json\/wp\/v2\/categories?post=155026"},{"taxonomy":"post_tag","embeddable":true,"href":"https:\/\/www.europesays.com\/de\/wp-json\/wp\/v2\/tags?post=155026"}],"curies":[{"name":"wp","href":"https:\/\/api.w.org\/{rel}","templated":true}]}}