{"id":155055,"date":"2025-05-31T21:17:13","date_gmt":"2025-05-31T21:17:13","guid":{"rendered":"https:\/\/www.europesays.com\/de\/155055\/"},"modified":"2025-05-31T21:17:13","modified_gmt":"2025-05-31T21:17:13","slug":"seniorin-vertreibt-einbrecher-in-troisdorf","status":"publish","type":"post","link":"https:\/\/www.europesays.com\/de\/155055\/","title":{"rendered":"Seniorin vertreibt Einbrecher in Troisdorf"},"content":{"rendered":"<p>Die Frau war an Christi Himmelfahrt um kurz vor 16 Uhr im Wohnzimmer, als ist etwas aus dem Schlafzimmer h\u00f6rte. Sie ging nachsehen und traf dort auf zwei M\u00e4nner. Die Seniorin sprach die Beiden an, die sofort durch die Haust\u00fcre in Richtung Van-Gogh-Platz wegrannten. Wie die Unbekannten in das Haus an der Tizianstra\u00dfe kamen, ist unklar, es gibt keine Einbruchsspuren. Die Polizei ermittelt und bittet dabei auch um Zeugenhinweise.\u00a0<\/p>\n","protected":false},"excerpt":{"rendered":"Die Frau war an Christi Himmelfahrt um kurz vor 16 Uhr im Wohnzimmer, als ist etwas aus dem&hellip;\n","protected":false},"author":2,"featured_media":155056,"comment_status":"","ping_status":"","sticky":false,"template":"","format":"standard","meta":{"footnotes":""},"categories":[1842],"tags":[7381,1741,3364,29,5592,2819,30,1209,121,1996],"class_list":{"0":"post-155055","1":"post","2":"type-post","3":"status-publish","4":"format-standard","5":"has-post-thumbnail","7":"category-bonn","8":"tag-troisdorf","9":"tag-bonn","10":"tag-de","11":"tag-deutschland","12":"tag-einbrecher","13":"tag-einbruch","14":"tag-germany","15":"tag-nordrhein-westfalen","16":"tag-polizei","17":"tag-straftaten"},"share_on_mastodon":{"url":"https:\/\/pubeurope.com\/@de\/114604529590702211","error":""},"_links":{"self":[{"href":"https:\/\/www.europesays.com\/de\/wp-json\/wp\/v2\/posts\/155055","targetHints":{"allow":["GET"]}}],"collection":[{"href":"https:\/\/www.europesays.com\/de\/wp-json\/wp\/v2\/posts"}],"about":[{"href":"https:\/\/www.europesays.com\/de\/wp-json\/wp\/v2\/types\/post"}],"author":[{"embeddable":true,"href":"https:\/\/www.europesays.com\/de\/wp-json\/wp\/v2\/users\/2"}],"replies":[{"embeddable":true,"href":"https:\/\/www.europesays.com\/de\/wp-json\/wp\/v2\/comments?post=155055"}],"version-history":[{"count":0,"href":"https:\/\/www.europesays.com\/de\/wp-json\/wp\/v2\/posts\/155055\/revisions"}],"wp:featuredmedia":[{"embeddable":true,"href":"https:\/\/www.europesays.com\/de\/wp-json\/wp\/v2\/media\/155056"}],"wp:attachment":[{"href":"https:\/\/www.europesays.com\/de\/wp-json\/wp\/v2\/media?parent=155055"}],"wp:term":[{"taxonomy":"category","embeddable":true,"href":"https:\/\/www.europesays.com\/de\/wp-json\/wp\/v2\/categories?post=155055"},{"taxonomy":"post_tag","embeddable":true,"href":"https:\/\/www.europesays.com\/de\/wp-json\/wp\/v2\/tags?post=155055"}],"curies":[{"name":"wp","href":"https:\/\/api.w.org\/{rel}","templated":true}]}}