{"id":155060,"date":"2025-05-31T21:20:27","date_gmt":"2025-05-31T21:20:27","guid":{"rendered":"https:\/\/www.europesays.com\/de\/155060\/"},"modified":"2025-05-31T21:20:27","modified_gmt":"2025-05-31T21:20:27","slug":"duisburg-sollte-vorzeigemodell-fuer-integration-werden-die-realitaet-sieht-anders-aus","status":"publish","type":"post","link":"https:\/\/www.europesays.com\/de\/155060\/","title":{"rendered":"Duisburg sollte Vorzeigemodell f\u00fcr Integration werden, die Realit\u00e4t sieht anders aus"},"content":{"rendered":"<p>Duisburg-Marxloh steht im Zentrum eines ambitionierten Integrationsprojekts: Der Stadtteil soll zur \u00abArrival City\u00bb ausgebaut werden \u2013 einem Modellquartier f\u00fcr gelingende Migration, beschreibt die Zeitung <a href=\"https:\/\/www.welt.de\/politik\/deutschland\/article256124138\/Migration-Herr-Lindner-Sie-muessen-was-tun-Die-Ratten-kommen-abends-in-ganzen-Armeen.html\" target=\"_blank\" rel=\"noopener\">Die Welt<\/a> in einer Reportage. F\u00fcnfzig Millionen Euro werden investiert, neue Schulzentren entstehen, eine M\u00fcll-Task-Force wurde eingerichtet. Doch ein Besuch vor Ort zeigt: Die Umsetzung bleibt vielerorts Symbolpolitik, so das Fazit.<\/p>\n<p>\u00abDas hier ist die B\u00fchne der Begegnung\u00bb, sagt Claus Lindner (SPD), Koordinator f\u00fcr Marxloh, und zeigt auf ein leeres Betonpodest. In Wirklichkeit bleibe es leer \u2013 wie das Versprechen. Marxloh geh\u00f6rt zu den \u00e4rmsten Gegenden Deutschlands, ganze Grundschuljahrg\u00e4nge bestehen ohne Kinder deutscher Herkunft. M\u00fcllberge in den Strassen, Rattenprobleme pr\u00e4gen das Bild, schreibt die Welt. Eine Anwohnerin ruft Lindner vom vierten Stock zu: \u00abHerr Lindner! Sie m\u00fcssen was tun! Die Ratten kommen abends in ganzen Armeen!\u00bb<\/p>\n<p>Die Idee der \u00abArrival City\u00bb basiert auf dem Konzept des Journalisten Doug Saunders: Orte, in denen Migranten ankommen, sich vernetzen und weiterziehen. In Duisburg soll dieser Wandel aktiv gestaltet werden. Doch laut Lindner fehlte es nach der Zuwanderung aus S\u00fcdosteuropa ab 2013 an Struktur und System \u2013 viele Wohnungen wurden \u00fcberbelegt, Frauen rutschten in die Prostitution, ganze H\u00e4user gerieten unter Clan-Kontrolle.<\/p>\n<p>Auch die Schulen stehen unter Druck. In einer Grundschule im Brennpunkt gebe es Jahrg\u00e4nge ohne ein einziges Kind deutscher Herkunft. Lehrer berichten von Ersch\u00f6pfung, viele Kinder spr\u00e4chen kein Wort Deutsch. Gleichzeitig w\u00e4chst neben der Herbert-Grillo-Gesamtschule der Campus Marxloh \u2013 mit fast dreifachen Baukosten, deutlich versp\u00e4tet.<\/p>\n<p>Zugleich existieren zwei Wirklichkeiten: Auf der glitzernden Einkaufsmeile boome das Brautmodengesch\u00e4ft, berichtet die Welt, daneben zerf\u00e4llt eine Nebenstrasse unter der Hand eines Immobilieninvestors. In Marxloh, so Claus Lindner, sei vieles besser geworden \u2013 aber besser bedeute hier: weniger schlimm, nicht gut. Die \u00abB\u00fchne der Begegnung\u00bb bleibe leer. Nur ein Junge f\u00e4hrt dort seine Kreise.<\/p>\n","protected":false},"excerpt":{"rendered":"Duisburg-Marxloh steht im Zentrum eines ambitionierten Integrationsprojekts: Der Stadtteil soll zur \u00abArrival City\u00bb ausgebaut werden \u2013 einem Modellquartier&hellip;\n","protected":false},"author":2,"featured_media":155061,"comment_status":"","ping_status":"","sticky":false,"template":"","format":"standard","meta":{"footnotes":""},"categories":[1838],"tags":[752,3364,29,3715,30,1724,3659,382,1209,16],"class_list":{"0":"post-155060","1":"post","2":"type-post","3":"status-publish","4":"format-standard","5":"has-post-thumbnail","7":"category-duisburg","8":"tag-bildung","9":"tag-de","10":"tag-deutschland","11":"tag-duisburg","12":"tag-germany","13":"tag-gesellschaft","14":"tag-integration","15":"tag-migration","16":"tag-nordrhein-westfalen","17":"tag-politik"},"share_on_mastodon":{"url":"https:\/\/pubeurope.com\/@de\/114604541497653452","error":""},"_links":{"self":[{"href":"https:\/\/www.europesays.com\/de\/wp-json\/wp\/v2\/posts\/155060","targetHints":{"allow":["GET"]}}],"collection":[{"href":"https:\/\/www.europesays.com\/de\/wp-json\/wp\/v2\/posts"}],"about":[{"href":"https:\/\/www.europesays.com\/de\/wp-json\/wp\/v2\/types\/post"}],"author":[{"embeddable":true,"href":"https:\/\/www.europesays.com\/de\/wp-json\/wp\/v2\/users\/2"}],"replies":[{"embeddable":true,"href":"https:\/\/www.europesays.com\/de\/wp-json\/wp\/v2\/comments?post=155060"}],"version-history":[{"count":0,"href":"https:\/\/www.europesays.com\/de\/wp-json\/wp\/v2\/posts\/155060\/revisions"}],"wp:featuredmedia":[{"embeddable":true,"href":"https:\/\/www.europesays.com\/de\/wp-json\/wp\/v2\/media\/155061"}],"wp:attachment":[{"href":"https:\/\/www.europesays.com\/de\/wp-json\/wp\/v2\/media?parent=155060"}],"wp:term":[{"taxonomy":"category","embeddable":true,"href":"https:\/\/www.europesays.com\/de\/wp-json\/wp\/v2\/categories?post=155060"},{"taxonomy":"post_tag","embeddable":true,"href":"https:\/\/www.europesays.com\/de\/wp-json\/wp\/v2\/tags?post=155060"}],"curies":[{"name":"wp","href":"https:\/\/api.w.org\/{rel}","templated":true}]}}