{"id":155109,"date":"2025-05-31T21:50:22","date_gmt":"2025-05-31T21:50:22","guid":{"rendered":"https:\/\/www.europesays.com\/de\/155109\/"},"modified":"2025-05-31T21:50:22","modified_gmt":"2025-05-31T21:50:22","slug":"berichte-union-berlin-vor-transfer-doppelpack-von-ansah-und-ilic","status":"publish","type":"post","link":"https:\/\/www.europesays.com\/de\/155109\/","title":{"rendered":"Berichte: Union Berlin vor Transfer-Doppelpack von Ansah und Ilic"},"content":{"rendered":"<p>Gesamtabl\u00f6se von 8 Millionen\u00a0<\/p>\n<p>                                    <img decoding=\"async\" src=\"https:\/\/www.europesays.com\/de\/wp-content\/uploads\/2025\/05\/ilyas-ansah-sc-paderborn-2024-1727195292-149121.jpg\" title=\"Berichte: Union Berlin vor Transfer-Doppelpack von Ansah und Ilic\" alt=\"Berichte: Union Berlin vor Transfer-Doppelpack von Ansah und Ilic\"\/><\/p>\n<p>\n                                       \u00a9IMAGO\n                                    <\/p>\n<p>Dieser Artikel erschien in seiner ersten Fassung am 31. Mai um 18:16 Uhr und wurde mit Infos rund um die Personalie Ilyas Ansah \u00fcberarbeitet.<\/p>\n<p>Beim\u00a0<a title=\"1.FC Union Berlin\" href=\"https:\/\/www.transfermarkt.ch\/1fc-union-berlin\/startseite\/verein\/89\" target=\"_blank\" rel=\"nofollow noopener\">1. FC Union Berlin<\/a> bahnen sich zwei Transfers in der Offensive an. Zum einen soll der bereits ausgeliehene\u00a0<a title=\"Andrej Ilic\" href=\"https:\/\/www.transfermarkt.ch\/andrej-ilic\/profil\/spieler\/583699\" target=\"_blank\" rel=\"nofollow noopener\">Andrej Ilic<\/a> fest verpflichtet werden, zum anderen soll\u00a0<a title=\"Ilyas Ansah\" href=\"https:\/\/www.transfermarkt.ch\/ilyas-ansah\/profil\/spieler\/1035765\" target=\"_blank\" rel=\"nofollow noopener\">Ilyas Ansah<\/a> vom\u00a0<a title=\"SC Paderborn 07\" href=\"https:\/\/www.transfermarkt.ch\/sc-paderborn-07\/startseite\/verein\/127\" target=\"_blank\" rel=\"nofollow noopener\">SC Paderborn<\/a> zu den Eisernen wechseln. F\u00fcr beide werden dem Vernehmen nach insgesamt 8 Millionen Euro f\u00e4llig.<\/p>\n<p>\n    <a class=\"bbcodesLink\" href=\"https:\/\/www.transfermarkt.ch\/ilyas-ansah-zu-1-fc-union-berlin-\/thread\/forum\/154\/thread_id\/1079403\" rel=\"nofollow noopener\" target=\"_blank\"><\/p>\n<tr>\n<p>                        Ger\u00fccht<\/p>\n<\/tr>\n<tr class=\"contentzeile\">\n<td class=\"spielerbild\" rowspan=\"2\">\n                        <img decoding=\"async\" src=\"https:\/\/www.europesays.com\/de\/wp-content\/uploads\/2025\/05\/1035765-1688648232.jpg\" title=\"Ilyas Ansah\" alt=\"Ilyas Ansah\" class=\"\"\/>                    <\/td>\n<td class=\"spielername\">\n                        <a title=\"Ilyas Ansah\" href=\"https:\/\/www.transfermarkt.ch\/ilyas-ansah\/profil\/spieler\/1035765\" rel=\"nofollow noopener\" target=\"_blank\">I. Ansah<\/a>                    <\/td>\n<td class=\"vereinswappen\" rowspan=\"2\">\n                        <img decoding=\"async\" src=\"https:\/\/www.europesays.com\/de\/wp-content\/uploads\/2025\/04\/127.png\" title=\"SC Paderborn 07\" alt=\"SC Paderborn 07\" class=\"\"\/>                    <\/td>\n<td class=\"c2action\" rowspan=\"2\"><\/td>\n<\/tr>\n<tr class=\"contentzeile\">\n<td class=\"position\">\n                        Mittelst\u00fcrmer                    <\/td>\n<\/tr>\n<tr class=\"contentZeileSpielerGK\">\n<td colspan=\"4\">\n<tr>\n<td class=\"vereinsname\">\n                                    SC Paderborn                                <\/td>\n<td class=\"vereinswappen\" rowspan=\"2\">\n                                    <img decoding=\"async\" src=\"https:\/\/www.europesays.com\/de\/wp-content\/uploads\/2025\/04\/127.png\" title=\"SC Paderborn 07\" alt=\"SC Paderborn 07\" class=\"\"\/>                                <\/td>\n<td class=\"wahrscheinlichkeit-auf\" rowspan=\"2\">\n<p>\u00a0<\/p>\n<p>                                        68                                        %\n                                                                        <\/td>\n<td class=\"vereinswappen\" rowspan=\"2\">\n                                    <img decoding=\"async\" src=\"https:\/\/www.europesays.com\/de\/wp-content\/uploads\/2025\/04\/89.png\" title=\"1.FC Union Berlin\" alt=\"1.FC Union Berlin\" class=\"\"\/>                                <\/td>\n<td class=\"vereinsname\">\n                                    Union Berlin                                <\/td>\n<\/tr>\n<tr>\n<td>\n                                    2. Bundesliga                                <\/td>\n<td>\n                                    Bundesliga                                <\/td>\n<\/tr>\n<\/td>\n<\/tr>\n<p>    <\/a>\n<\/p>\n<p>Laut \u201eSky\u201c-Reporter Florian Plettenberg gibt es zwischen dem SC Paderborn und dem FCU eine Einigung \u00fcber einen Transfer Ansahs. Der 20 Jahre alte St\u00fcrmer soll Anfang kommender Woche den Medizincheck absolvieren und 4 Mio. Euro plus Boni kosten. Ansah z\u00e4hlt seit der Saison 2023\/24 zum Paderborner Profiteam und kommt in 60 Eins\u00e4tzen auf sieben Treffer sowie acht Vorlagen. Allein in der abgelaufenen Spielzeit waren es zw\u00f6lf Torbeteiligungen in 35 Partien. Der DFB-Junior steigerte seinen Marktwert in den letzten zw\u00f6lf Monaten von 1,5 Mio. auf 4 Mio. Euro \u2013 bei den Ostwestfalen ist nur\u00a0<a title=\"Aaron Zehnter\" href=\"https:\/\/www.transfermarkt.ch\/aaron-zehnter\/profil\/spieler\/730484\" target=\"_blank\" rel=\"nofollow noopener\">Aaron Zehnter<\/a> (5 Mio.) h\u00f6her bewertet. Ansah wurde in der j\u00fcngeren Vergangenheit bei mehreren Bundesligisten gehandelt, wie ein Blick in die <a href=\"https:\/\/www.transfermarkt.ch\/ilyas-ansah\/geruechte\/spieler\/1035765\" target=\"_blank\" rel=\"nofollow noopener\">TM-Ger\u00fcchtek\u00fcche<\/a> zeigt.<\/p>\n<p><\/p>\n<p>Der 25 Jahre alte Ilic verbrachte die letzte Saison bereits bei den K\u00f6penickern, fehlte seiner Mannschaft jedoch aufgrund einer Verletzung fast die komplette Hinrunde. Die Leihgabe des\u00a0<a title=\"LOSC Lille\" href=\"https:\/\/www.transfermarkt.ch\/losc-lille\/startseite\/verein\/1082\" target=\"_blank\" rel=\"nofollow noopener\">OSC Lille<\/a> drehte in der R\u00fcckrunde unter Trainer\u00a0<a title=\"Steffen Baumgart\" href=\"https:\/\/www.transfermarkt.ch\/steffen-baumgart\/profil\/trainer\/9622\" target=\"_blank\" rel=\"nofollow noopener\">Steffen Baumgart<\/a> auf und erzielte sieben Treffer in der Bundesliga \u2013 nur\u00a0<a title=\"Benedict Hollerbach\" href=\"https:\/\/www.transfermarkt.ch\/benedict-hollerbach\/profil\/spieler\/453870\" target=\"_blank\" rel=\"nofollow noopener\">Benedict Hollerbach<\/a>\u00a0(9 Tore) war erfolgreicher. Hinter St. Pauli und dem VfL Bochum stellte Union mit 35 Treffern den schlechtesten Angriff der Bundesliga \u2013 dass Ilic alle 135 Minuten jubeln konnte, spricht f\u00fcr ihn. Wie die \u201eBild\u201c berichtet, macht Union Berlin von der Kaufoption in H\u00f6he von 4 Mio. Euro Gebrauch. Ilic winkt ein Vierjahresvertrag in der Hauptstadt.<\/p>\n<p><\/p>\n<p>Fix ist bereits die abl\u00f6sefreie Verpflichtung von\u00a0<a title=\"Oliver Burke\" href=\"https:\/\/www.transfermarkt.ch\/oliver-burke\/profil\/spieler\/341317\" target=\"_blank\" rel=\"nofollow noopener\">Oliver Burke<\/a>\u00a0(28) von Werder Bremen. Dagegen k\u00f6nnte Hollerbach (24) den Klub verlassen, <a href=\"https:\/\/www.transfermarkt.ch\/benedict-hollerbach\/geruechte\/spieler\/453870\" target=\"_blank\" rel=\"nofollow noopener\">wird er doch von Borussia M\u00f6nchengladbach und Mainz 05 umworben<\/a>. Auch\u00a0<a title=\"Ivan Prtajin\" href=\"https:\/\/www.transfermarkt.ch\/ivan-prtajin\/profil\/spieler\/340700\" target=\"_blank\" rel=\"nofollow noopener\">Ivan Prtajin<\/a>\u00a0(29) gilt als ein Abgangskandidat und\u00a0<a title=\"Kevin Volland\" href=\"https:\/\/www.transfermarkt.ch\/kevin-volland\/profil\/spieler\/82009\" target=\"_blank\" rel=\"nofollow noopener\">Kevin Volland<\/a>\u00a0(32) verl\u00e4sst die Berliner in Richtung Heimat zu 1860 M\u00fcnchen.<\/p>\n<p><\/p>\n","protected":false},"excerpt":{"rendered":"Gesamtabl\u00f6se von 8 Millionen\u00a0 \u00a9IMAGO Dieser Artikel erschien in seiner ersten Fassung am 31. Mai um 18:16 Uhr&hellip;\n","protected":false},"author":2,"featured_media":155110,"comment_status":"","ping_status":"","sticky":false,"template":"","format":"standard","meta":{"footnotes":"","_share_on_mastodon":"0"},"categories":[1825],"tags":[297,39284,296,299,29,30,54544],"class_list":["post-155109","post","type-post","status-publish","format-standard","has-post-thumbnail","category-berlin","tag-1-fc-union-berlin","tag-andrej-ilic","tag-berlin","tag-bundesliga","tag-deutschland","tag-germany","tag-losc-lille"],"share_on_mastodon":{"url":"https:\/\/pubeurope.com\/@de\/114604659546732076","error":""},"_links":{"self":[{"href":"https:\/\/www.europesays.com\/de\/wp-json\/wp\/v2\/posts\/155109","targetHints":{"allow":["GET"]}}],"collection":[{"href":"https:\/\/www.europesays.com\/de\/wp-json\/wp\/v2\/posts"}],"about":[{"href":"https:\/\/www.europesays.com\/de\/wp-json\/wp\/v2\/types\/post"}],"author":[{"embeddable":true,"href":"https:\/\/www.europesays.com\/de\/wp-json\/wp\/v2\/users\/2"}],"replies":[{"embeddable":true,"href":"https:\/\/www.europesays.com\/de\/wp-json\/wp\/v2\/comments?post=155109"}],"version-history":[{"count":0,"href":"https:\/\/www.europesays.com\/de\/wp-json\/wp\/v2\/posts\/155109\/revisions"}],"wp:featuredmedia":[{"embeddable":true,"href":"https:\/\/www.europesays.com\/de\/wp-json\/wp\/v2\/media\/155110"}],"wp:attachment":[{"href":"https:\/\/www.europesays.com\/de\/wp-json\/wp\/v2\/media?parent=155109"}],"wp:term":[{"taxonomy":"category","embeddable":true,"href":"https:\/\/www.europesays.com\/de\/wp-json\/wp\/v2\/categories?post=155109"},{"taxonomy":"post_tag","embeddable":true,"href":"https:\/\/www.europesays.com\/de\/wp-json\/wp\/v2\/tags?post=155109"}],"curies":[{"name":"wp","href":"https:\/\/api.w.org\/{rel}","templated":true}]}}