{"id":155312,"date":"2025-05-31T23:44:21","date_gmt":"2025-05-31T23:44:21","guid":{"rendered":"https:\/\/www.europesays.com\/de\/155312\/"},"modified":"2025-05-31T23:44:21","modified_gmt":"2025-05-31T23:44:21","slug":"absturz-im-landeanflug-zwei-tote-bei-kleinflugzeug-unglueck","status":"publish","type":"post","link":"https:\/\/www.europesays.com\/de\/155312\/","title":{"rendered":"Absturz im Landeanflug: Zwei Tote bei Kleinflugzeug-Ungl\u00fcck"},"content":{"rendered":"<p>Korschenbroich (dpa) &#8211; Es waren nur noch knapp vier Kilometer bis zum Flughafen M\u00f6nchengladbach. Doch die 71-j\u00e4hrige Pilotin k\u00e4mpfte mit technischen Problemen, wie sie dem Tower meldete. Vermutlich waren es Motorprobleme, die D\u00fcsseldorferin konnte ihr Flugzeug im Landeanflug nicht mehr in der Luft halten.\u00a0<\/p>\n<p>Gegen 12.00 Uhr krachte sie mit ihrer einmotorigen Maschine vom Typ Beech B36 TC Bonanza auf die Terrasse eines Einfamilienhauses in Korschenbroich. Sie selbst starb dabei, au\u00dferdem eine 84 Jahre alte Bewohnerin des Hauses und der Dackel der Familie.\u00a0<\/p>\n<p>Der ebenfalls 84 Jahre alte Ehemann der Hausbewohnerin, der sich ganz in der N\u00e4he aufgehalten hatte, konnte sich in Sicherheit bringen, wie die Polizei mitteilte. Vom Flugzeug blieben nur Tr\u00fcmmer und Reste des Hecks \u00fcbrig.<\/p>\n<p>Nach dem Absturz Feuer<\/p>\n<p>An der Ungl\u00fccksstelle brach sofort ein Feuer aus. Die Feuerwehr schickte rund 50 Kr\u00e4fte &#8211; ein Gro\u00dfeinsatz, sagte ein Sprecher der Feuerwehr-Leitstelle. Die Ungl\u00fccksstelle wurde weitr\u00e4umig abgesperrt. Die Kr\u00e4fte hatten das Feuer schnell unter Kontrolle.<\/p>\n<p>Auf Bildern ist zu sehen, wie das Heck der zerst\u00f6rten Maschine aus dem Vorgarten des Hauses ragt und Feuerwehrleute mit Atemschutzmasken den Brand l\u00f6schen. Die Fassade des Hauses ist schwer besch\u00e4digt und hat schwarze Rauchspuren.<\/p>\n<p>Haus ist einsturzgef\u00e4hrdet<\/p>\n<p>Das Haus ist nach dem Ungl\u00fcck einsturzgef\u00e4hrdet, das Technische Hilfswerk st\u00fctzte die zerst\u00f6rten Mauern ab. Der Schaden liege mit Sicherheit im sechsstelligen Bereich, sagte der Polizeisprecher.<\/p>\n<p>Maschine kam aus Th\u00fcringen<\/p>\n<p>Die Pilotin war laut Polizei am Morgen im th\u00fcringischen Alkersleben bei Erfurt gestartet. Sie hatte also bereits mehrere hundert Kilometer Flug hinter sich, als das Ungl\u00fcck passierte.\u00a0<\/p>\n<p>Ob tats\u00e4chlich ein technisches Versagen verantwortlich war, soll nun gr\u00fcndlich untersucht werden. Solche Flugunfalluntersuchungen k\u00f6nnen erfahrungsgem\u00e4\u00df Monate dauern.<\/p>\n","protected":false},"excerpt":{"rendered":"Korschenbroich (dpa) &#8211; Es waren nur noch knapp vier Kilometer bis zum Flughafen M\u00f6nchengladbach. Doch die 71-j\u00e4hrige Pilotin&hellip;\n","protected":false},"author":2,"featured_media":155313,"comment_status":"","ping_status":"","sticky":false,"template":"","format":"standard","meta":{"footnotes":""},"categories":[1840],"tags":[3364,29,30,6760,1209,4338,15617,4418],"class_list":{"0":"post-155312","1":"post","2":"type-post","3":"status-publish","4":"format-standard","5":"has-post-thumbnail","7":"category-wuppertal","8":"tag-de","9":"tag-deutschland","10":"tag-germany","11":"tag-luftverkehr","12":"tag-nordrhein-westfalen","13":"tag-notfall","14":"tag-unflle","15":"tag-wuppertal"},"share_on_mastodon":{"url":"https:\/\/pubeurope.com\/@de\/114605107740311462","error":""},"_links":{"self":[{"href":"https:\/\/www.europesays.com\/de\/wp-json\/wp\/v2\/posts\/155312","targetHints":{"allow":["GET"]}}],"collection":[{"href":"https:\/\/www.europesays.com\/de\/wp-json\/wp\/v2\/posts"}],"about":[{"href":"https:\/\/www.europesays.com\/de\/wp-json\/wp\/v2\/types\/post"}],"author":[{"embeddable":true,"href":"https:\/\/www.europesays.com\/de\/wp-json\/wp\/v2\/users\/2"}],"replies":[{"embeddable":true,"href":"https:\/\/www.europesays.com\/de\/wp-json\/wp\/v2\/comments?post=155312"}],"version-history":[{"count":0,"href":"https:\/\/www.europesays.com\/de\/wp-json\/wp\/v2\/posts\/155312\/revisions"}],"wp:featuredmedia":[{"embeddable":true,"href":"https:\/\/www.europesays.com\/de\/wp-json\/wp\/v2\/media\/155313"}],"wp:attachment":[{"href":"https:\/\/www.europesays.com\/de\/wp-json\/wp\/v2\/media?parent=155312"}],"wp:term":[{"taxonomy":"category","embeddable":true,"href":"https:\/\/www.europesays.com\/de\/wp-json\/wp\/v2\/categories?post=155312"},{"taxonomy":"post_tag","embeddable":true,"href":"https:\/\/www.europesays.com\/de\/wp-json\/wp\/v2\/tags?post=155312"}],"curies":[{"name":"wp","href":"https:\/\/api.w.org\/{rel}","templated":true}]}}