{"id":155319,"date":"2025-05-31T23:48:09","date_gmt":"2025-05-31T23:48:09","guid":{"rendered":"https:\/\/www.europesays.com\/de\/155319\/"},"modified":"2025-05-31T23:48:09","modified_gmt":"2025-05-31T23:48:09","slug":"ukraine-krieg-im-liveticker-0044-behoerde-russische-bruecke-an-der-grenze-zur-ukraine-eingestuerzt","status":"publish","type":"post","link":"https:\/\/www.europesays.com\/de\/155319\/","title":{"rendered":"Ukraine-Krieg im Liveticker: +++ 00:44 Beh\u00f6rde: Russische Br\u00fccke an der Grenze zur Ukraine eingest\u00fcrzt\u00a0+++"},"content":{"rendered":"<p>            \t01.06.2025<\/p>\n<p>                    Ukraine-Krieg im Liveticker<br \/>\n                +++ 00:44 Beh\u00f6rde: Russische Br\u00fccke an der Grenze zur Ukraine eingest\u00fcrzt\u00a0+++<\/p>\n<p>In der russischen Region Brjansk an der Grenze zur Ukraine st\u00fcrzt \u00f6rtlichen Beh\u00f6rden zufolge eine Br\u00fccke ein. &#8222;Leider gibt es Verletzte&#8220;, schreibt Alexander Bogomaz, der Gouverneur von Brjansk, auf Telegram. Der russische Telegram-Kanal Baza, der den Russlands Sicherheitskr\u00e4ften nahezustehen scheint, meldet eine Sprengung der Br\u00fccke. Aus der Ukraine liegt keine Stellungnahme vor. <\/p>\n<p><b>+++ 22:17 Selenskyj: Lage an den Frontlinien bleibt f\u00fcr die Ukraine &#8222;schwierig&#8220; +++<br \/><\/b>Die Lage an den Frontlinien seines Landes ist nach Angaben des ukrainischen Pr\u00e4sidenten Wolodymyr Selenskyj weiterhin &#8222;schwierig&#8220;. Das sagte der ukrainische Staatschef in seiner abendlichen <a href=\"https:\/\/t.me\/s\/V_Zelenskiy_official\" rel=\"Follow\" target=\"_self\" title=\"Videoansprache\">Videoansprache<\/a>. &#8222;Heute gab es einen Bericht von Oberbefehlshaber Oleksandr Syrskyi. Die Lage an den Fronten bleibt schwierig. Wir beobachten verst\u00e4rkte russische Aktivit\u00e4ten in einigen Richtungen. Die schwersten K\u00e4mpfe finden in Richtung Pokrowsk, Lyman und Kupjansk statt&#8220;, sagt Selenskyj. Das ukrainische Milit\u00e4r setze die Kursk-Operation fort, &#8222;die eine betr\u00e4chtliche Anzahl russischer Truppen davon abh\u00e4lt, auf ukrainischem Territorium zu operieren. Der Krieg muss auf russisches Territorium getragen werden, dorthin, wo er seinen Ursprung hat&#8220;, so der ukrainische Pr\u00e4sident.<\/p>\n<p><b>+++ 21:28 &#8222;Fehler epischen Ausma\u00dfes&#8220; &#8211; Pompeo fordert Trump auf, besetzte Gebiete nicht zu legitimieren +++<br \/><\/b>Der ehemalige US-Au\u00dfenminister Mike Pompeo fordert US-Pr\u00e4sident Donald Trump auf, Russlands gewaltsam eroberten Gebiete in der Ukraine nicht zu legitimieren. Der US-Politiker bezeichnete eine m\u00f6gliche Anerkennung der Krim und anderer besetzter ukrainische Gebiete als &#8222;einen Fehler epischen Ausma\u00dfes&#8220;. Das sagte Pompeo laut einem Bericht von &#8222;<a href=\"https:\/\/kyivindependent.com\/pompeo-calls-on-trump-to-not-legitimize-russias-land-grabs-in-ukraine\/\" rel=\"Follow noopener\" target=\"_self\" title=\"Kyiv Independent\">Kyiv Independent<\/a>&#8220; bei Schwarzmeer-Sicherheitsforum in Odessa. Pompeo sagte, er verstehe die Frustration auf Seiten der Ukraine angesichts der aktuellen Frontlinien. &#8222;Ich bin nicht naiv, was die M\u00f6glichkeiten im Moment angeht, aber das hei\u00dft nicht, dass man sagen sollte: &#8218;Und wir geben f\u00fcr immer auf'&#8220;, sagte er laut der US-Zeitung &#8222;<a href=\"https:\/\/thehill.com\/policy\/international\/5327166-mike-pompeo-trump-administration-russia-ukraine-crimea\/\" rel=\"Follow noopener\" target=\"_self\" title=\"The Hill\">The Hill<\/a>&#8222;. <\/p>\n<p><b>+++ 20:37 Selenskyj: Gibt keine klaren Informationen \u00fcber Russlands Absichten bei Treffen in Istanbul +++<br \/><\/b>Es gebe weiterhin keine klaren Informationen, welche Absichten Russland bei dem bevorstehenden Treffen in Istanbul verfolgt. Das sagte der ukrainische Pr\u00e4sident Wolodymyr Selenskyj in seiner abendlichen Videoansprache. &#8222;Wir bereiten uns jetzt gemeinsam mit unseren Partnern in Europa und, was sehr wichtig ist, mit unseren Partnern in den Vereinigten Staaten auf neue diplomatische Schritte vor. &#8222;, sagte Selenskyj. Der ukrainische Staatschef hatte gestern vor der zweiten Gespr\u00e4chsrunde mit russischen Vertretern in Istanbul eine Tagesordnung eingefordert.<\/p>\n<p><b>+++ 19:55 Insider: Trump &#8222;erw\u00e4gt ernsthaft&#8220; Aufhebung aller Reichweiten-Beschr\u00e4nkungen f\u00fcr die Ukraine +++<br \/><\/b>Die westlichen Verb\u00fcndeten hatten Waffenlieferungen an die Ukraine lang an Reichweitenbeschr\u00e4nkungen gekn\u00fcpft, um ukrainische Angriffe auf russischem Territorium zu verhindern. Diese gilt nicht mehr, sagte Bundeskanzler Friedrich Merz Anfang der Woche. Die Vereinigten Staaten haben zwar noch nicht alle aus der Biden-\u00c4ra stammenden Beschr\u00e4nkungen aufgehoben. Pr\u00e4sident Donald Trump erw\u00e4gt dies jedoch ernsthaft, wie der Washington-Korrespondent der &#8222;<a href=\"https:\/\/www.kyivpost.com\/post\/53404\" rel=\"Follow noopener\" target=\"_self\" title=\"Kyiw Post\">Kyiw Post<\/a>&#8220; unter Berufung auf zwei hochrangige westliche Regierungsvertreter berichtet. &#8222;Alle zuvor verh\u00e4ngten Beschr\u00e4nkungen &#8211; ob bereits gelockert oder nicht &#8211; werden derzeit \u00fcberpr\u00fcft, da der Pr\u00e4sident der Ansicht ist, dass der aktuelle Status quo nicht unserem gemeinsamen Interesse dient, Russland an den Verhandlungstisch zu bringen&#8220;, sagte ein Regierungsvertreter, ohne weitere Einzelheiten zu nennen.<\/p>\n<p><b>+++ 19:11 Mann bei russischem Angriff auf Nikopol verletzt +++<br \/><\/b>Bei einem russischen Angriff auf den Bezirk Nikopol in der Region Dnipropetrowsk ist ein Zivilist verletzt worden. Das teilen die Regionalbeh\u00f6rden laut der staatlichen ukrainischen Nachrichtenagentur Ukrinform mit. Demnach wurde der Bezirk etwa 15 Mal mit Drohnen und Artillerie angegriffen. Bei dem Verletzten handelt es sich um einen 66 Jahre alten Mann. Zudem wurden bei dem Angriff in der Stadt ein Hochhaus und ein Caf\u00e9 besch\u00e4digt. <\/p>\n<p><b>+++ 18:29 Sorge vor russischer Gro\u00dfoffensive: 111 Bewohner haben Grenzregion in Sumy verlassen +++<br \/><\/b>Die wegen einer bef\u00fcrchteten russischen Gro\u00dfoffensive heute angeordnete Evakuierung von elf ukrainischen D\u00f6rfern in Sumy ist in Gange: 111 Einwohner haben den Bezirk bereits verlassen. Dies teilte der Leiter der regionalen Milit\u00e4rverwaltung Sumy, Oleh Hryhorov, am Nachmittag bei <a href=\"https:\/\/www.facebook.com\/watch\/?v=1764856707800100\" rel=\"Follow noopener\" target=\"_self\" title=\"Facebook\">Facebook <\/a>mit. <\/p>\n<p><b>+++ 17:51 Ukrainischer Diplomat warnt USA vor Anerkennung der Krim als russisch &#8211; &#8222;gro\u00dfer strategischer Fehler&#8220; +++<br \/><\/b>Sollten die USA die Krim jemals als Eigentum Russlands anerkennen, w\u00e4re dies laut einem ukrainischen Diplomaten ein gro\u00dfer strategischer Fehler. Dies k\u00f6nnte bedeuten, dass Russland die Kontrolle \u00fcber den \u00f6stlichen Teil des Schwarzen Meeres beh\u00e4lt, erkl\u00e4rte der Vorstandsvorsitzende des Ukraine Crisis Media Center, Waleri Tschali, auf dem Black Sea Security Forum in Odessa, wie ein <a href=\"https:\/\/www.ukrinform.net\/rubric-polytics\/3999183-washingtons-recognition-of-russian-ownership-of-crimea-would-be-huge-strategic-mistake-diplomat.html\" rel=\"Follow noopener\" target=\"_self\" title=\"Ukrinform\">Ukrinform<\/a>-Korrespondent berichtet. &#8222;Nach dem Krieg wird die Freiheit der Schifffahrt wiederhergestellt, und wenn wir die Krim verlieren, k\u00f6nnte das zum Problem werden. Ich m\u00f6chte gar nicht dar\u00fcber reden, aber wenn die Vereinigten Staaten die Krim m\u00f6glicherweise als Eigentum unseres Feindes anerkennen, w\u00e4re das ein weiterer gro\u00dfer Fehler&#8220;, sagte der ehemalige Botschafter der Ukraine in den USA. Denn ohne die Halbinsel k\u00f6nnte die Ukraine den gesamten \u00f6stlichen Teil des Schwarzen Meeres nicht kontrollieren.<\/p>\n<\/p>\n<p>Alle fr\u00fcheren Entwicklungen k\u00f6nnen Sie<a href=\"https:\/\/www.n-tv.de\/politik\/17-05-Bericht-Tausende-russische-Deserteure-verwandeln-besetzte-ukrainische-Gebiete-in-rechtsfreie-Zone--article25805072.html\" rel=\"Follow noopener\" target=\"_self\"> hier nachverfolgen<\/a>.<\/p>\n","protected":false},"excerpt":{"rendered":"01.06.2025 Ukraine-Krieg im Liveticker +++ 00:44 Beh\u00f6rde: Russische Br\u00fccke an der Grenze zur Ukraine eingest\u00fcrzt\u00a0+++ In der russischen&hellip;\n","protected":false},"author":2,"featured_media":148457,"comment_status":"","ping_status":"","sticky":false,"template":"","format":"standard","meta":{"footnotes":""},"categories":[4012],"tags":[331,332,661,7225,13,929,7226,451,3286,14,1159,15,16,307,12,317,3081,306,107],"class_list":{"0":"post-155319","1":"post","2":"type-post","3":"status-publish","4":"format-standard","5":"has-post-thumbnail","7":"category-ukraine","8":"tag-aktuelle-nachrichten","9":"tag-aktuelle-news","10":"tag-angriff-auf-die-ukraine","11":"tag-cyberwar","12":"tag-headlines","13":"tag-kriege-und-konflikte","14":"tag-kriegsverbrechen","15":"tag-militaer","16":"tag-militaereinsaetze","17":"tag-nachrichten","18":"tag-nato","19":"tag-news","20":"tag-politik","21":"tag-russland","22":"tag-schlagzeilen","23":"tag-ukraine","24":"tag-ukraine-konflikt","25":"tag-wladimir-putin","26":"tag-wolodymyr-selenskyj"},"share_on_mastodon":{"url":"https:\/\/pubeurope.com\/@de\/114605124008785222","error":""},"_links":{"self":[{"href":"https:\/\/www.europesays.com\/de\/wp-json\/wp\/v2\/posts\/155319","targetHints":{"allow":["GET"]}}],"collection":[{"href":"https:\/\/www.europesays.com\/de\/wp-json\/wp\/v2\/posts"}],"about":[{"href":"https:\/\/www.europesays.com\/de\/wp-json\/wp\/v2\/types\/post"}],"author":[{"embeddable":true,"href":"https:\/\/www.europesays.com\/de\/wp-json\/wp\/v2\/users\/2"}],"replies":[{"embeddable":true,"href":"https:\/\/www.europesays.com\/de\/wp-json\/wp\/v2\/comments?post=155319"}],"version-history":[{"count":0,"href":"https:\/\/www.europesays.com\/de\/wp-json\/wp\/v2\/posts\/155319\/revisions"}],"wp:featuredmedia":[{"embeddable":true,"href":"https:\/\/www.europesays.com\/de\/wp-json\/wp\/v2\/media\/148457"}],"wp:attachment":[{"href":"https:\/\/www.europesays.com\/de\/wp-json\/wp\/v2\/media?parent=155319"}],"wp:term":[{"taxonomy":"category","embeddable":true,"href":"https:\/\/www.europesays.com\/de\/wp-json\/wp\/v2\/categories?post=155319"},{"taxonomy":"post_tag","embeddable":true,"href":"https:\/\/www.europesays.com\/de\/wp-json\/wp\/v2\/tags?post=155319"}],"curies":[{"name":"wp","href":"https:\/\/api.w.org\/{rel}","templated":true}]}}