{"id":155324,"date":"2025-05-31T23:51:11","date_gmt":"2025-05-31T23:51:11","guid":{"rendered":"https:\/\/www.europesays.com\/de\/155324\/"},"modified":"2025-05-31T23:51:11","modified_gmt":"2025-05-31T23:51:11","slug":"frankreich-unbekannte-beschmieren-juedische-gebaeude-in-paris-mit-gruener-farbe","status":"publish","type":"post","link":"https:\/\/www.europesays.com\/de\/155324\/","title":{"rendered":"Frankreich: Unbekannte beschmieren j\u00fcdische Geb\u00e4ude in Paris mit gr\u00fcner Farbe"},"content":{"rendered":"<p class=\"paragraph article__item\">In <a href=\"https:\/\/www.zeit.de\/thema\/paris\" class=\"\" target=\"_blank\" rel=\"noopener\">Paris<\/a> sind mehrere j\u00fcdische Einrichtungen in der Nacht zu Samstag mit gr\u00fcner Farbe beschmiert worden. Das Holocaust-Mahnmal, drei Synagogen und ein Restaurant wurden den Beh\u00f6rden zufolge inmitten von Spannungen zwischen der franz\u00f6sischen und israelischen Regierung wegen des Gaza-Kriegs verunstaltet.\u00a0\n<\/p>\n<p class=\"paragraph article__item\">Bisher hat sich niemand zu den Taten bekannt. Die Pariser Staatsanwaltschaft hat eigenen Angaben zufolge die Ermittlungen wegen &#8222;Sachbesch\u00e4digung aus religi\u00f6sen Gr\u00fcnden&#8220; aufgenommen.\n<\/p>\n<p class=\"paragraph article__item\"><a class=\"rtr-entity\" href=\"https:\/\/www.zeit.de\/thema\/frankreich\" target=\"_blank\" rel=\"noopener\">Frankreichs<\/a> Innenminister Bruno Retailleau schrieb auf X zu den antisemitischen Angriffen: &#8222;Gewaltige Abscheu angesichts dieser widerlichen Taten, die gegen die j\u00fcdische Gemeinschaft gerichtet sind&#8220;.\u00a0\n<\/p>\n<p>                An dieser Stelle ist ein externer Inhalt eingebunden<\/p>\n<p>Zum Anschauen ben\u00f6tigen wir Ihre Zustimmung<\/p>\n<p>\n                Weiter\n            <\/p>\n<p class=\"paragraph article__item\">Retailleau hatte am Freitag verst\u00e4rkte Sicherheitsvorkehrungen an j\u00fcdischen Einrichtungen wegen des j\u00fcdischen Erntedankfests Schawuot gefordert. Die Feierlichkeiten begannen am Sonntagabend und gehen bis Dienstagabend.\n<\/p>\n<p>        B\u00fcrgermeisterin verurteilt die Taten        <\/p>\n<p class=\"paragraph article__item\">Die Pariser B\u00fcrgermeisterin Anne Hidalgo verurteile &#8222;mit gr\u00f6\u00dftem Nachdruck diese Einsch\u00fcchterungen&#8220;. <a href=\"https:\/\/www.zeit.de\/thema\/antisemitismus\" class=\"\" target=\"_blank\" rel=\"noopener\">Antisemitismus<\/a> habe &#8222;keinen Platz in unserer Stadt und in unserer Republik&#8220;.\u00a0\n<\/p>\n<p class=\"paragraph article__item\">Der Pr\u00e4sident des Repr\u00e4sentativen Rates j\u00fcdischer Einrichtungen in<br \/>\nFrankreich (Crif), Yonathan Arfi, teilte mit, er empfinde &#8222;gro\u00dfe<br \/>\nTraurigkeit und Entr\u00fcstung&#8220; angesichts der Bilder von gesch\u00e4ndeten<br \/>\nj\u00fcdischen Einrichtungen. <\/p>\n<p>                            \u00a9\u00a0Lea Dohle<\/p>\n<p>\n                    Newsletter<\/p>\n<p>                    Was jetzt? \u2013 Der t\u00e4gliche Morgen\u00fcberblick<\/p>\n<p class=\"newsletter-signup__text\">Starten Sie mit unserem kurzen Nachrichten-Newsletter in den Tag. Erhalten Sie zudem freitags den US-Sonderletter &#8222;Was jetzt, America?&#8220; sowie das digitale Magazin ZEIT am Wochenende.<\/p>\n<p class=\"newsletter-signup__datapolicy\" hidden=\"\">\n            Mit Ihrer Registrierung nehmen Sie die <a href=\"https:\/\/datenschutz.zeit.de\/zon#Newsletter\" target=\"_blank\" rel=\"noopener\">Datenschutzerkl\u00e4rung<\/a> zur Kenntnis.\n        <\/p>\n<p>    Vielen Dank! Wir haben Ihnen eine E-Mail geschickt.<\/p>\n<p>Pr\u00fcfen Sie Ihr Postfach und best\u00e4tigen Sie das Newsletter-Abonnement.<\/p>\n<p class=\"paragraph article__item\">Der israelische Pr\u00e4sident Isaac Herzog zeigte sich &#8222;best\u00fcrzt&#8220;. In einer Erkl\u00e4rung rief er die franz\u00f6sischen Beh\u00f6rden dazu auf, &#8222;schnell zu handeln und die T\u00e4ter entschieden zur<br \/>\nRechenschaft zu ziehen, um die j\u00fcdische Gemeinschaft gegen Hass und<br \/>\n\u00dcbergriffe jeder Art zu sch\u00fctzen&#8220;. Herzogs Urgro\u00dfvater war in einer der<br \/>\nbeschmierten Synagogen in <a class=\"rtr-entity\" href=\"https:\/\/www.zeit.de\/thema\/paris\" target=\"_blank\" rel=\"noopener\">Paris<\/a> Rabbiner gewesen.\n<\/p>\n<p>        Spannungen zwischen Frankreich und Israel        <\/p>\n<p class=\"paragraph article__item\">Die israelische Botschaft in <a href=\"https:\/\/www.zeit.de\/thema\/frankreich\" class=\"\" target=\"_blank\" rel=\"noopener\">Frankreich<\/a> reagierte &#8222;entsetzt&#8220; auf<br \/>\nden &#8222;koordinierten antisemitischen Angriff&#8220;. &#8222;Wir sind solidarisch mit<br \/>\nder j\u00fcdischen Gemeinschaft und haben vollstes Vertrauen in die<br \/>\nfranz\u00f6sischen Beh\u00f6rden, dass sie die Urheber der Gerechtigkeit zuf\u00fchren<br \/>\nwerden&#8220;, hie\u00df es in der Mitteilung. Zugleich verwies die Botschaft auf<br \/>\nden &#8222;problematischen Unfrieden in den vergangenen zwei Wochen&#8220;, der<br \/>\n&#8222;nicht ohne Folgen nicht nur f\u00fcr Israel, sondern auch f\u00fcr die j\u00fcdischen<br \/>\nGemeinden in aller Welt&#8220; sei.\n<\/p>\n<p class=\"paragraph article__item\">Frankreichs Pr\u00e4sident Emmanuel Macron hatte sich am Freitag <a href=\"https:\/\/www.zeit.de\/politik\/ausland\/2025-05\/gaza-krieg-macron-eu\" class=\"\" target=\"_blank\" rel=\"noopener\">f\u00fcr<br \/>\n&#8222;Sanktionen&#8220; der EU gegen Israel ausgesprochen<\/a>, sollte Israel angesichts<br \/>\n der katastrophalen humanit\u00e4ren Lage im Gazastreifen nicht schnell<br \/>\nausreichend Hilfslieferungen in das Pal\u00e4stinensergebiet zulassen. Der<br \/>\nisraelische Au\u00dfenminister Gideon Saar warf Macron daraufhin vor, sich<br \/>\n&#8222;auf einem Kreuzzug gegen den j\u00fcdischen Staat&#8220; zu befinden.\n<\/p>\n<p>            Antisemitismus        <\/p>\n<p>Mehr zum Thema<\/p>\n<p>                <a href=\"https:\/\/www.zeit.de\/hamburg\/2025-05\/valerie-wagner-fotografin-davidstern-hamburg-judentum-ulrich-mertens\" data-ct-label=\"Val\u00e9rie Wagner: Davidsterne aus Menschen\" target=\"_blank\" rel=\"noopener\"><\/p>\n<p>        Z+ (abopflichtiger Inhalt);<\/p>\n<p>    Val\u00e9rie Wagner:<br \/>\n                        Davidsterne aus Menschen<\/p>\n<p>                <\/a><\/p>\n<p>                <a href=\"https:\/\/www.zeit.de\/2025-05\/krieg-nahost-debatte-israel-gaza-krieg-waffenlieferungen-voelkerrecht\" data-ct-label=\"Krieg in Nahost: Wie wir \u00fcber Gaza sprechen\" target=\"_blank\" rel=\"noopener\"><\/p>\n<p>        Z+ (abopflichtiger Inhalt);<\/p>\n<p>    Krieg in Nahost:<br \/>\n                        Wie wir \u00fcber Gaza sprechen<\/p>\n<p>                <\/a><\/p>\n<p>                <a href=\"https:\/\/www.zeit.de\/2025\/21\/antisemitismusbeauftragter-felix-klein-judenhass-israel-kritik\" data-ct-label=\"Antisemitismusbeauftragter: Was ist berechtigte Israel-Kritik? Und was Judenhass?\" target=\"_blank\" rel=\"noopener\"><\/p>\n<p>                        Antisemitismusbeauftragter:<br \/>\n                        Was ist berechtigte Israel-Kritik? Und was Judenhass?<\/p>\n<p>                <\/a><\/p>\n","protected":false},"excerpt":{"rendered":"In Paris sind mehrere j\u00fcdische Einrichtungen in der Nacht zu Samstag mit gr\u00fcner Farbe beschmiert worden. Das Holocaust-Mahnmal,&hellip;\n","protected":false},"author":2,"featured_media":155325,"comment_status":"","ping_status":"","sticky":false,"template":"","format":"standard","meta":{"footnotes":""},"categories":[3974],"tags":[331,332,548,663,3934,3980,156,1724,13,14,15,319,12],"class_list":{"0":"post-155324","1":"post","2":"type-post","3":"status-publish","4":"format-standard","5":"has-post-thumbnail","7":"category-frankreich","8":"tag-aktuelle-nachrichten","9":"tag-aktuelle-news","10":"tag-eu","11":"tag-europa","12":"tag-europe","13":"tag-france","14":"tag-frankreich","15":"tag-gesellschaft","16":"tag-headlines","17":"tag-nachrichten","18":"tag-news","19":"tag-paris","20":"tag-schlagzeilen"},"share_on_mastodon":{"url":"https:\/\/pubeurope.com\/@de\/114605135092475769","error":""},"_links":{"self":[{"href":"https:\/\/www.europesays.com\/de\/wp-json\/wp\/v2\/posts\/155324","targetHints":{"allow":["GET"]}}],"collection":[{"href":"https:\/\/www.europesays.com\/de\/wp-json\/wp\/v2\/posts"}],"about":[{"href":"https:\/\/www.europesays.com\/de\/wp-json\/wp\/v2\/types\/post"}],"author":[{"embeddable":true,"href":"https:\/\/www.europesays.com\/de\/wp-json\/wp\/v2\/users\/2"}],"replies":[{"embeddable":true,"href":"https:\/\/www.europesays.com\/de\/wp-json\/wp\/v2\/comments?post=155324"}],"version-history":[{"count":0,"href":"https:\/\/www.europesays.com\/de\/wp-json\/wp\/v2\/posts\/155324\/revisions"}],"wp:featuredmedia":[{"embeddable":true,"href":"https:\/\/www.europesays.com\/de\/wp-json\/wp\/v2\/media\/155325"}],"wp:attachment":[{"href":"https:\/\/www.europesays.com\/de\/wp-json\/wp\/v2\/media?parent=155324"}],"wp:term":[{"taxonomy":"category","embeddable":true,"href":"https:\/\/www.europesays.com\/de\/wp-json\/wp\/v2\/categories?post=155324"},{"taxonomy":"post_tag","embeddable":true,"href":"https:\/\/www.europesays.com\/de\/wp-json\/wp\/v2\/tags?post=155324"}],"curies":[{"name":"wp","href":"https:\/\/api.w.org\/{rel}","templated":true}]}}