{"id":155412,"date":"2025-06-01T00:40:11","date_gmt":"2025-06-01T00:40:11","guid":{"rendered":"https:\/\/www.europesays.com\/de\/155412\/"},"modified":"2025-06-01T00:40:11","modified_gmt":"2025-06-01T00:40:11","slug":"drei-torbeteiligungen-im-finale-gegen-inter-mailand-psg-star-desire-doue-bricht-unfassbaren-rekord-in-der-champions-league-spox","status":"publish","type":"post","link":"https:\/\/www.europesays.com\/de\/155412\/","title":{"rendered":"Drei Torbeteiligungen im Finale gegen Inter Mailand: PSG-Star Desire Doue bricht unfassbaren Rekord in der Champions League &#8211; SPOX"},"content":{"rendered":"<ol>\n<li><a href=\"https:\/\/news.google.com\/rss\/articles\/CBMihwJBVV95cUxPZEh1TDJCdnlMa0NNaC12TzdtSDBYOFFwSmpWUXdFdm1xMFpXTlRWSWtWakxZY2ZKVDVkR19fcU5RMnNubld3amFueWRtTm1jSmpzYkcySldUSXlwMzM5NUZmTGRISTRJYnhyUFF3OUozUXdaM0tHMmR4amMtMGNwVEUxblpWamJTSkFQZDJGMkxOYzlNblFVQ09PRVB5SmRQanJPZDl4TXBLVXFRakVtaG4xS19lbnVySktwYkU4dmZoMkFGR1BCOUROMzh1T2tXM19SQjV6YTVSSlNYS3BYWmduV3ZZTS1DazRBUVBDU0hWV1NVSjNieWJwdFFySDJ3VzNyWVpkUQ?oc=5\" target=\"_blank\" rel=\"nofollow noopener\">Drei Torbeteiligungen im Finale gegen Inter Mailand: PSG-Star Desire Doue bricht unfassbaren Rekord in der Champions League<\/a>&nbsp;&nbsp;SPOX<\/li>\n<li><a href=\"https:\/\/news.google.com\/rss\/articles\/CBMiswFBVV95cUxPQmU4VWlCV0JycnBoN21PT21mYjBHamdWWERtUTFnV2RubU8xbFNFbG9HVWozMVl1dVZuZjBtUmFKSmM1OTZITklDM3FEcDk5cUdKRzdINEwyS0RIc3V0UVBGRXY2NEJtc3RhanVVVDVETjJneTRwVllKQ2FJUFNhYlJMSWFrN3hZZG5QanVRLVMxUFdhY0k4Wk5tY3NhcFduenAycXVrOXFXUGJtU3diSk9Iaw?oc=5\" target=\"_blank\" rel=\"nofollow noopener\">Champions League: PSG-Held Dou\u00e9 &#8211; Freed from Desire<\/a>&nbsp;&nbsp;sportschau.de<\/li>\n<li><a href=\"https:\/\/news.google.com\/rss\/articles\/CBMi7wFBVV95cUxOTnV6a3BQeGhkZ1NITENFLW9wWUNUY2MxUnMwWkhYZVpOampFZV8tNkpDdTEwR1NmbW9ud3pxbDJnYnhjcXk5SzFDTWQxN085VnNhSmpoeUFvSTJNa1F0R2VDd0JjWUhoZ3VOY3FFOXE3MXV3UGJNdXFqSnVGaWVBbjRlWHFoSXFGTXgxVG51bllqdW1JOGZtdy16WmFGbllrRjNzZ3NUVEtOUmN6b3Z4cU1sNTZydHU4Zm5DeFV5NHFnWmpRaHh1ZFM1V2c0YlFiajBNemVFbTZfRnJxd0NGcW1LYmJVX29fZjAtV2o5Yw?oc=5\" target=\"_blank\" rel=\"nofollow noopener\">Gala-Vorstellung gegen Inter Mailand! Desire Doue schreibt im Champions-League-Finale zwischen PSG und Inter Geschichte<\/a>&nbsp;&nbsp;Goal.com<\/li>\n<li><a href=\"https:\/\/news.google.com\/rss\/articles\/CBMi1wFBVV95cUxQQ0NEdml6eURZLS1QMDBZS21MTVdYMWVqN1dlN0E3aVRIcFJkeW5pMEpHX0FaMEpUY0hzcVlIZWFJYlg4U19EZ21LRGYwSkZySVFSMzJ5Y3pwMERCdkRJclZtSERMSXdKSnh1Y2JLWGNCeHFwQVBKQVM4c3lTaFg5QWJvSDlvZDBmdHhtNzg5VGFMMmJfakIxUWp6c2M1N2N6YUREQjYyRXlFRjFyUUFzWU81aDU0MHNJRVBHZERlMzFwM25FbVMwVThoXzhSSXNzNmFGc2tHdw?oc=5\" target=\"_blank\" rel=\"nofollow noopener\">D\u00e9sir\u00e9 Dou\u00e9 ist offizieller Spieler des Spiels im Finale der UEFA Champions League 2025<\/a>&nbsp;&nbsp;UEFA.com<\/li>\n<li><a href=\"https:\/\/news.google.com\/rss\/articles\/CBMifkFVX3lxTE1OdTh1bkd0Qmoxay1nbFYzM0Z4c3hUQTlDbHpLcHdweF9GeEpQbXFqbzE2WUs2TDVTanVUQ0FmM0Y3dFd2bnFYd1REWk84TGNDMGJvV254NFgweW16eVUybHR2Rm1LdkE4dmwyV3ZNOEdaVTZkMDlHZF9mR0d2Zw?oc=5\" target=\"_blank\" rel=\"nofollow noopener\">19-j\u00e4hriger Star schreibt Champions-League-Geschichte<\/a>&nbsp;&nbsp;Vietnam.vn<\/li>\n<\/ol>\n","protected":false},"excerpt":{"rendered":"Drei Torbeteiligungen im Finale gegen Inter Mailand: PSG-Star Desire Doue bricht unfassbaren Rekord in der Champions League&nbsp;&nbsp;SPOX Champions&hellip;\n","protected":false},"author":2,"featured_media":155413,"comment_status":"","ping_status":"","sticky":false,"template":"","format":"standard","meta":{"footnotes":""},"categories":[136],"tags":[468,54755,29,347,30,9007,23613,54373,265],"class_list":{"0":"post-155412","1":"post","2":"type-post","3":"status-publish","4":"format-standard","5":"has-post-thumbnail","7":"category-sport","8":"tag-champions-league","9":"tag-desire-doue","10":"tag-deutschland","11":"tag-fussball","12":"tag-germany","13":"tag-inter-mailand","14":"tag-paris-saint-germain","15":"tag-paris-saint-germain-vs-inter-mailand","16":"tag-sport"},"share_on_mastodon":{"url":"https:\/\/pubeurope.com\/@de\/114605327905916735","error":""},"_links":{"self":[{"href":"https:\/\/www.europesays.com\/de\/wp-json\/wp\/v2\/posts\/155412","targetHints":{"allow":["GET"]}}],"collection":[{"href":"https:\/\/www.europesays.com\/de\/wp-json\/wp\/v2\/posts"}],"about":[{"href":"https:\/\/www.europesays.com\/de\/wp-json\/wp\/v2\/types\/post"}],"author":[{"embeddable":true,"href":"https:\/\/www.europesays.com\/de\/wp-json\/wp\/v2\/users\/2"}],"replies":[{"embeddable":true,"href":"https:\/\/www.europesays.com\/de\/wp-json\/wp\/v2\/comments?post=155412"}],"version-history":[{"count":0,"href":"https:\/\/www.europesays.com\/de\/wp-json\/wp\/v2\/posts\/155412\/revisions"}],"wp:featuredmedia":[{"embeddable":true,"href":"https:\/\/www.europesays.com\/de\/wp-json\/wp\/v2\/media\/155413"}],"wp:attachment":[{"href":"https:\/\/www.europesays.com\/de\/wp-json\/wp\/v2\/media?parent=155412"}],"wp:term":[{"taxonomy":"category","embeddable":true,"href":"https:\/\/www.europesays.com\/de\/wp-json\/wp\/v2\/categories?post=155412"},{"taxonomy":"post_tag","embeddable":true,"href":"https:\/\/www.europesays.com\/de\/wp-json\/wp\/v2\/tags?post=155412"}],"curies":[{"name":"wp","href":"https:\/\/api.w.org\/{rel}","templated":true}]}}