{"id":155424,"date":"2025-06-01T00:46:16","date_gmt":"2025-06-01T00:46:16","guid":{"rendered":"https:\/\/www.europesays.com\/de\/155424\/"},"modified":"2025-06-01T00:46:16","modified_gmt":"2025-06-01T00:46:16","slug":"formel-1-lance-stroll-verpasst-das-rennen-in-spanien","status":"publish","type":"post","link":"https:\/\/www.europesays.com\/de\/155424\/","title":{"rendered":"Formel 1: Lance Stroll verpasst das Rennen in Spanien"},"content":{"rendered":"<p>            <img decoding=\"async\" class=\"ts-image\" src=\"https:\/\/www.europesays.com\/de\/wp-content\/uploads\/2025\/06\/formel1-stroll-100.jpg\" alt=\"Lance Stroll nach dem Quallifying \" title=\"Lance Stroll nach dem Quallifying  | IMAGO \/ Beautiful Sports\"\/><\/p>\n<p class=\"metatextline\">Stand: 31.05.2025 22:53 Uhr<\/p>\n<p class=\"textabsatz columns twelve  m-ten  m-offset-one l-eight l-offset-two\">\n        <strong>Formel-1-Rennfahrer Lance Stroll wird beim Gro\u00dfen Preis von Spanien fehlen. Der kanadische Pilot von Aston Martin habe seit sechs Wochen Probleme an der im Jahr 2023 operierten Hand, teilte sein Team mit.<\/strong>\n    <\/p>\n<p class=\"textabsatz m-ten m-offset-one l-eight l-offset-two columns twelve\">\nDaher habe sein \u00c4rzteteam entschieden, dass Stroll das Rennen am Sonntag (<a href=\"https:\/\/www.sportschau.de\/live-und-ergebnisse\/motorsport\/formel-1\/co546\/grosser-preis-von-spanien\/ma10212908\/liveticker-list\" title=\"Live-Ticker Spanien-GP\" rel=\"nofollow noopener\" target=\"_blank\">ab 15.00 Uhr im Live-Ticker der Sportschau<\/a>) ausl\u00e4sst. Die Qualifikation hatte er auf dem 14. Platz beendet. Einen Ersatz wird es nicht geben. Unklar ist, wie lange Stroll ausfallen wird.<\/p>\n<p class=\"textabsatz m-ten m-offset-one l-eight l-offset-two columns twelve\">\nDer 26-J\u00e4hrige werde sich nun einem Eingriff unterziehen und sich anschlie\u00dfend auf seine Genesung konzentrieren, hie\u00df es weiter. Stroll hatte sich vor dem Saisonstart 2023 bei einem Radunfall verletzt und war anschlie\u00dfend am Handgelenk operiert worden. Ein Zusammenhang sei nicht ausgeschlossen.<\/p>\n<p class=\"textabsatz m-ten m-offset-one l-eight l-offset-two columns twelve\">\nDer 26-J\u00e4hrige liegt in der\u00a0WM-Wertung\u00a0mit 14 Punkten auf Platz elf.<\/p>\n<p>            <img loading=\"lazy\" decoding=\"async\" class=\"ts-image\" src=\"https:\/\/www.europesays.com\/de\/wp-content\/uploads\/2025\/06\/formel-1-piastri-100.jpg\" alt=\"Oscar Piastri im McLaren\" title=\"Oscar Piastri im McLaren | IMAGO\/DeFodi Images\"\/><\/p>\n","protected":false},"excerpt":{"rendered":"Stand: 31.05.2025 22:53 Uhr Formel-1-Rennfahrer Lance Stroll wird beim Gro\u00dfen Preis von Spanien fehlen. Der kanadische Pilot von&hellip;\n","protected":false},"author":2,"featured_media":155425,"comment_status":"","ping_status":"","sticky":false,"template":"","format":"standard","meta":{"footnotes":""},"categories":[5],"tags":[1572,13,14,15,12,10,8,9,11],"class_list":{"0":"post-155424","1":"post","2":"type-post","3":"status-publish","4":"format-standard","5":"has-post-thumbnail","7":"category-nachrichten","8":"tag-formel-1","9":"tag-headlines","10":"tag-nachrichten","11":"tag-news","12":"tag-schlagzeilen","13":"tag-top-news","14":"tag-top-meldungen","15":"tag-topmeldungen","16":"tag-topnews"},"share_on_mastodon":{"url":"https:\/\/pubeurope.com\/@de\/114605351553934925","error":""},"_links":{"self":[{"href":"https:\/\/www.europesays.com\/de\/wp-json\/wp\/v2\/posts\/155424","targetHints":{"allow":["GET"]}}],"collection":[{"href":"https:\/\/www.europesays.com\/de\/wp-json\/wp\/v2\/posts"}],"about":[{"href":"https:\/\/www.europesays.com\/de\/wp-json\/wp\/v2\/types\/post"}],"author":[{"embeddable":true,"href":"https:\/\/www.europesays.com\/de\/wp-json\/wp\/v2\/users\/2"}],"replies":[{"embeddable":true,"href":"https:\/\/www.europesays.com\/de\/wp-json\/wp\/v2\/comments?post=155424"}],"version-history":[{"count":0,"href":"https:\/\/www.europesays.com\/de\/wp-json\/wp\/v2\/posts\/155424\/revisions"}],"wp:featuredmedia":[{"embeddable":true,"href":"https:\/\/www.europesays.com\/de\/wp-json\/wp\/v2\/media\/155425"}],"wp:attachment":[{"href":"https:\/\/www.europesays.com\/de\/wp-json\/wp\/v2\/media?parent=155424"}],"wp:term":[{"taxonomy":"category","embeddable":true,"href":"https:\/\/www.europesays.com\/de\/wp-json\/wp\/v2\/categories?post=155424"},{"taxonomy":"post_tag","embeddable":true,"href":"https:\/\/www.europesays.com\/de\/wp-json\/wp\/v2\/tags?post=155424"}],"curies":[{"name":"wp","href":"https:\/\/api.w.org\/{rel}","templated":true}]}}