{"id":155426,"date":"2025-06-01T00:47:16","date_gmt":"2025-06-01T00:47:16","guid":{"rendered":"https:\/\/www.europesays.com\/de\/155426\/"},"modified":"2025-06-01T00:47:16","modified_gmt":"2025-06-01T00:47:16","slug":"kletter-unfall-im-saalekreis-mann-stuerzt-in-steinbruch-ab-regional","status":"publish","type":"post","link":"https:\/\/www.europesays.com\/de\/155426\/","title":{"rendered":"Kletter-Unfall im Saalekreis: Mann st\u00fcrzt in Steinbruch ab | Regional"},"content":{"rendered":"<p>Wettin-L\u00f6bej\u00fcn (Sachsen-Anhalt) \u2013 <b>Beim Klettern in einem Steinbruch verlor ein Mann offenbar den Halt, st\u00fcrzte mehrere Meter in die Tiefe und landete auf hartem Untergrund. Es kam zu dramatischen Szenen in der Schottergrube.<\/b><\/p>\n<p>Der Kletterer war am Samstagmittag im Steinbruch L\u00f6bej\u00fcn im Saalekreis unterwegs, als es zu dem tragischen Ungl\u00fcck kam. Laut einem Sprecher der Rettungsleitstelle st\u00fcrzte er gegen 13.40 Uhr aus rund vier Metern H\u00f6he von einem Felsvorsprung ab.<\/p>\n<p>Lesen Sie auchVerletzter ins Krankenhaus geflogen<\/p>\n<p><b>Schrecklich: Der Kletterer fiel nicht in B\u00fcsche, die seinen Aufprall h\u00e4tten d\u00e4mpfen k\u00f6nnen, sondern schlug auf Steinen am Boden auf. Dabei trug der Mann schwere Verletzungen davon.<\/b><\/p>\n<p>Mehrere Feuerwehren, die H\u00f6henrettungsgruppe und der <a href=\"https:\/\/www.bild.de\/themen\/organisationen\/rettungsdienst\/politik-nachrichten-news-fotos-videos-19795274.bild.html\" class=\"text-link\" rel=\"nofollow noopener\" target=\"_blank\">Rettungsdienst<\/a> r\u00fcckten an. Wie ein Polizeisprecher auf BILD-Anfrage best\u00e4tigte, war auch ein Hubschrauber im Einsatz, der den Kletterer ins Krankenhaus nach Halle (Saale) flog.<\/p>\n<p><img decoding=\"async\" width=\"992\" height=\"558\" alt=\"F\u00fcr den Mann ging es schwer verletzt mit einem Rettungshubschrauber in die Klinik\" src=\"https:\/\/www.europesays.com\/de\/wp-content\/uploads\/2025\/06\/f634721c6a339a4697daf25ababa9222,95d04ab2\"   class=\"landscape\" loading=\"lazy\"\/><\/p>\n<p class=\"fig__caption__text\">Der Schwerverletzte kam mit einem Rettungshubschrauber in die Klinik<\/p>\n<p>Foto: Tom Musche<\/p>\n<p><b>Mehrere Menschen vor Ort wurden Zeugen des Sturzes \u2013 darunter Familien mit Kindern, welche teilweise einen Schock erlitten. Wie genau es zu dem <\/b><a href=\"https:\/\/www.bild.de\/themen\/ereignisse\/unfaelle\/auto-news-fotos-videos-17004002.bild.html\" class=\"text-link\" rel=\"nofollow noopener\" target=\"_blank\"><b>Unfall<\/b><\/a><b> kam, ist bislang unbekannt. Auch ob der Mann allein unterwegs war, ist noch unklar.<\/b><\/p>\n<p>Der stillgelegte Steinbruch im S\u00fcden <a href=\"https:\/\/www.bild.de\/regional\/sachsen-anhalt\/sachsen-anhalt\/home-54527072.bild.html\" class=\"text-link\" rel=\"nofollow noopener\" target=\"_blank\">Sachsen-Anhalts<\/a> ist ein beliebtes Ziel von <a href=\"https:\/\/www.bild.de\/sport\/sportart\/klettern\/sportklettern-alle-infos-76677024.bild.html\" class=\"text-link\" rel=\"nofollow noopener\" target=\"_blank\">Sport-Kletterern<\/a>.<\/p>\n","protected":false},"excerpt":{"rendered":"Wettin-L\u00f6bej\u00fcn (Sachsen-Anhalt) \u2013 Beim Klettern in einem Steinbruch verlor ein Mann offenbar den Halt, st\u00fcrzte mehrere Meter in&hellip;\n","protected":false},"author":2,"featured_media":155427,"comment_status":"","ping_status":"","sticky":false,"template":"","format":"standard","meta":{"footnotes":""},"categories":[1860],"tags":[16224,3364,29,548,663,3934,30,4062,17332,13,14,15,3906,6995,17331,860,12,54756,17692,45,2624],"class_list":{"0":"post-155426","1":"post","2":"type-post","3":"status-publish","4":"format-standard","5":"has-post-thumbnail","7":"category-halle-saale","8":"tag-klettern","9":"tag-de","10":"tag-deutschland","11":"tag-eu","12":"tag-europa","13":"tag-europe","14":"tag-germany","15":"tag-halle","16":"tag-halle-saale","17":"tag-headlines","18":"tag-nachrichten","19":"tag-news","20":"tag-rettungsdienst","21":"tag-rettungshubschrauber","22":"tag-saale","23":"tag-sachsen-anhalt","24":"tag-schlagzeilen","25":"tag-steinbruch","26":"tag-sturz","27":"tag-texttospeech","28":"tag-unfaelle"},"share_on_mastodon":{"url":"https:\/\/pubeurope.com\/@de\/114605355797845731","error":""},"_links":{"self":[{"href":"https:\/\/www.europesays.com\/de\/wp-json\/wp\/v2\/posts\/155426","targetHints":{"allow":["GET"]}}],"collection":[{"href":"https:\/\/www.europesays.com\/de\/wp-json\/wp\/v2\/posts"}],"about":[{"href":"https:\/\/www.europesays.com\/de\/wp-json\/wp\/v2\/types\/post"}],"author":[{"embeddable":true,"href":"https:\/\/www.europesays.com\/de\/wp-json\/wp\/v2\/users\/2"}],"replies":[{"embeddable":true,"href":"https:\/\/www.europesays.com\/de\/wp-json\/wp\/v2\/comments?post=155426"}],"version-history":[{"count":0,"href":"https:\/\/www.europesays.com\/de\/wp-json\/wp\/v2\/posts\/155426\/revisions"}],"wp:featuredmedia":[{"embeddable":true,"href":"https:\/\/www.europesays.com\/de\/wp-json\/wp\/v2\/media\/155427"}],"wp:attachment":[{"href":"https:\/\/www.europesays.com\/de\/wp-json\/wp\/v2\/media?parent=155426"}],"wp:term":[{"taxonomy":"category","embeddable":true,"href":"https:\/\/www.europesays.com\/de\/wp-json\/wp\/v2\/categories?post=155426"},{"taxonomy":"post_tag","embeddable":true,"href":"https:\/\/www.europesays.com\/de\/wp-json\/wp\/v2\/tags?post=155426"}],"curies":[{"name":"wp","href":"https:\/\/api.w.org\/{rel}","templated":true}]}}