{"id":155520,"date":"2025-06-01T01:42:15","date_gmt":"2025-06-01T01:42:15","guid":{"rendered":"https:\/\/www.europesays.com\/de\/155520\/"},"modified":"2025-06-01T01:42:15","modified_gmt":"2025-06-01T01:42:15","slug":"diese-keeper-koennten-fuer-den-1-fc-koeln-interessant-sein-2","status":"publish","type":"post","link":"https:\/\/www.europesays.com\/de\/155520\/","title":{"rendered":"Diese Keeper k\u00f6nnten f\u00fcr den 1. FC K\u00f6ln interessant sein."},"content":{"rendered":"<ol class=\"id-DonaldBreadcrumb lp_west_breadcrumb id-DonaldBreadcrumb--default\" data-k5a-pos=\"west_breadcrumb\">\n<li class=\"id-Breadcrumb-item\"><a href=\"https:\/\/www.absolutfussball.com\/\" class=\"id-Breadcrumb-link\" data-id-ec=\"{\" shn=\"\" textlink=\"\" data-k5a-pos=\"1_absolutfussballCom\" rel=\"nofollow noopener\" target=\"_blank\">absolutfussball.com<\/a><\/li>\n<li class=\"id-Breadcrumb-item\"><a href=\"https:\/\/www.absolutfussball.com\/deutschland\/\" class=\"id-Breadcrumb-link\" data-id-ec=\"{\" shn=\"\" textlink=\"\" data-k5a-pos=\"2_deutschland\" rel=\"nofollow noopener\" target=\"_blank\">Deutschland<\/a><\/li>\n<li class=\"id-Breadcrumb-item\"><a href=\"https:\/\/www.absolutfussball.com\/deutschland\/1-fc-koeln\/\" class=\"id-Breadcrumb-link\" data-id-ec=\"{\" shn=\"\" textlink=\"\" fc=\"\" k=\"\" data-k5a-pos=\"3_1FcKoeln\" rel=\"nofollow noopener\" target=\"_blank\">1. FC K\u00f6ln<\/a><\/li>\n<\/ol>\n<p class=\"id-Story-timestamp id-Story-timestamp--default\">Stand: 31.05.2025, 19:04 Uhr<\/p>\n<p class=\"id-Story-authors id-Story-authors--default\">Von: <a class=\"id-Story-authors-link lp_west_author\" href=\"https:\/\/www.absolutfussball.com\/autoren\/20680\/\" title=\"Zur Autorenseite von Simon Bartsch\" data-id-ec=\"{\" shn=\"\" author-link=\"\" bartsch=\"\" data-k5a-pos=\"west_author\" rel=\"nofollow noopener\" target=\"_blank\">Simon Bartsch<\/a><\/p>\n<p class=\"id-Story-interactionBar id-Story-interactionBar--default\">DruckenTeilen<\/p>\n<p class=\"id-StoryElement-leadText\">Mit Anthony Racioppi, Philipp Pentke und Jonas Nickisch haben gleich drei Keeper den FC verlassen. Die K\u00f6lner werden also nachr\u00fcsten m\u00fcssen.<\/p>\n<p class=\"id-StoryElement-paragraph\">K\u00f6ln \u2013 Mit Marvin Schw\u00e4be soll der Vertrag, der ohnehin bis 2027 l\u00e4uft, verl\u00e4ngert werden. Die K\u00f6lner setzen wieder auf den Torwart, der in der Vorsaison kurzfristig ausgemustert wurde. Doch die FC-Bosse m\u00fcssen das Team um dem Stammkeeper auff\u00fcllen. Keine leichte Aufgabe, schlie\u00dflich soll der Ersatzmann Schw\u00e4be fordern, gleichzeitig aber auch bereit sein, auf der Bank zu sitzen. Diese Keeper k\u00f6nnten f\u00fcr den <a href=\"https:\/\/www.fussball.news\/1-bundesliga\/1-fc-koeln\/\" class=\"id-import-Link id-pageApi-Link--externalDomain\" title=\"1. FC K&#xF6;ln\" data-id-ec=\"{&quot;sht&quot;:&quot;Container&quot;,&quot;shn&quot;:&quot;Story&quot;,&quot;p&quot;:{&quot;containerType&quot;:&quot;Paragraph&quot;,&quot;displayType&quot;:&quot;Paragraph InlineLink&quot;,&quot;type&quot;:&quot;INLINE_LINK&quot;,&quot;value&quot;:&quot;1. FC K&#xF6;ln&quot;,&quot;variant&quot;:&quot;standardLink&quot;,&quot;sponsored&quot;:false,&quot;linkHref&quot;:&quot;https:\/\/www.fussball.news\/1-bundesliga\/1-fc-koeln\/&quot;,&quot;storyElementPosition&quot;:8,&quot;storyElementCount&quot;:26}}\" rel=\"nofollow noopener\" target=\"_blank\">1. FC K\u00f6ln<\/a> interessant sein. Es handelt sich aber nicht um Transferger\u00fcchte.<\/p>\n<p>Das sind die Kandidaten f\u00fcr das FC-Tor<\/p>\n<p class=\"id-StoryElement-paragraph\"><strong>Marcel Lotka:<\/strong>\u00a0Der 24-J\u00e4hrige galt bereits fr\u00fch als gro\u00dfes Talent, durchlief nicht umsonst die Nachwuchsmannschaften von unter anderem <a href=\"https:\/\/www.fussball.news\/1-bundesliga\/bayer-04-leverkusen\/\" class=\"id-import-Link id-pageApi-Link--externalDomain\" title=\"Bayer 04 Leverkusen\" data-id-ec=\"{&quot;sht&quot;:&quot;Container&quot;,&quot;shn&quot;:&quot;Story&quot;,&quot;p&quot;:{&quot;containerType&quot;:&quot;Paragraph&quot;,&quot;displayType&quot;:&quot;Paragraph InlineLink&quot;,&quot;type&quot;:&quot;INLINE_LINK&quot;,&quot;value&quot;:&quot;Bayer Leverkusen&quot;,&quot;variant&quot;:&quot;standardLink&quot;,&quot;sponsored&quot;:false,&quot;linkHref&quot;:&quot;https:\/\/www.fussball.news\/1-bundesliga\/bayer-04-leverkusen\/&quot;,&quot;storyElementPosition&quot;:11,&quot;storyElementCount&quot;:26}}\" rel=\"nofollow noopener\" target=\"_blank\">Bayer Leverkusen<\/a>. Bei <a href=\"https:\/\/www.fussball.news\/2-bundesliga\/hertha-bsc\/\" class=\"id-import-Link id-pageApi-Link--externalDomain\" title=\"Hertha BSC\" data-id-ec=\"{&quot;sht&quot;:&quot;Container&quot;,&quot;shn&quot;:&quot;Story&quot;,&quot;p&quot;:{&quot;containerType&quot;:&quot;Paragraph&quot;,&quot;displayType&quot;:&quot;Paragraph InlineLink&quot;,&quot;type&quot;:&quot;INLINE_LINK&quot;,&quot;value&quot;:&quot;Hertha BSC&quot;,&quot;variant&quot;:&quot;standardLink&quot;,&quot;sponsored&quot;:false,&quot;linkHref&quot;:&quot;https:\/\/www.fussball.news\/2-bundesliga\/hertha-bsc\/&quot;,&quot;storyElementPosition&quot;:11,&quot;storyElementCount&quot;:26}}\" rel=\"nofollow noopener\" target=\"_blank\">Hertha BSC<\/a> feierte der Keeper fr\u00fch sein ungeahntes Deb\u00fct und kam auf zehn Liga-Eins\u00e4tze, bevor es zur Zweitvertretung von <a href=\"https:\/\/www.fussball.news\/1-bundesliga\/borussia-dortmund\/\" class=\"id-import-Link id-pageApi-Link--externalDomain\" title=\"Borussia Dortmund\" data-id-ec=\"{&quot;sht&quot;:&quot;Container&quot;,&quot;shn&quot;:&quot;Story&quot;,&quot;p&quot;:{&quot;containerType&quot;:&quot;Paragraph&quot;,&quot;displayType&quot;:&quot;Paragraph InlineLink&quot;,&quot;type&quot;:&quot;INLINE_LINK&quot;,&quot;value&quot;:&quot;Borussia Dortmund&quot;,&quot;variant&quot;:&quot;standardLink&quot;,&quot;sponsored&quot;:false,&quot;linkHref&quot;:&quot;https:\/\/www.fussball.news\/1-bundesliga\/borussia-dortmund\/&quot;,&quot;storyElementPosition&quot;:11,&quot;storyElementCount&quot;:26}}\" rel=\"nofollow noopener\" target=\"_blank\">Borussia Dortmund<\/a> ging. Beim BVB konnte sich der Keeper bei den Profis nicht durchsetzen, da die Konkurrenz miz Gregor Kobel und Alexander Meyer einfach zu gro\u00df war. Lotka \u00fcberzeugte in der <a href=\"https:\/\/www.tz.de\/sport\/fussball\/dritte-liga-alle-infos-zur-tiefsten-profi-fussballliga-deutschlands-93677240.html\" class=\"id-import-Link id-pageApi-Link--externalDomain\" data-id-ec=\"{&quot;sht&quot;:&quot;Container&quot;,&quot;shn&quot;:&quot;Story&quot;,&quot;p&quot;:{&quot;containerType&quot;:&quot;Paragraph&quot;,&quot;displayType&quot;:&quot;Paragraph InlineLink&quot;,&quot;type&quot;:&quot;INLINE_LINK&quot;,&quot;value&quot;:&quot;3. Liga&quot;,&quot;variant&quot;:&quot;standardLink&quot;,&quot;sponsored&quot;:false,&quot;linkHref&quot;:&quot;https:\/\/www.tz.de\/sport\/fussball\/dritte-liga-alle-infos-zur-tiefsten-profi-fussballliga-deutschlands-93677240.html&quot;,&quot;storyElementPosition&quot;:11,&quot;storyElementCount&quot;:26}}\" rel=\"nofollow noopener\" target=\"_blank\">3. Liga<\/a> und sucht nun eine neue Herausforderung. Da sein Vertrag in Dortmund ausl\u00e4uft w\u00e4re der Keeper abl\u00f6sefrei zu haben. <a href=\"https:\/\/www.absolutfussball.com\/deutschland\/1-fc-koeln\/wird-marcel-lotka-beim-fc-koeln-nun-wieder-zum-thema-zr-93757174.html\" class=\"id-import-Link\" data-id-ec=\"{&quot;sht&quot;:&quot;Container&quot;,&quot;shn&quot;:&quot;Story&quot;,&quot;p&quot;:{&quot;containerType&quot;:&quot;Paragraph&quot;,&quot;displayType&quot;:&quot;Paragraph InlineLink&quot;,&quot;type&quot;:&quot;INLINE_LINK&quot;,&quot;value&quot;:&quot;Der FC hat sich schon im vergangenen Winter f&#xFC;r Lotka interessiert.&quot;,&quot;variant&quot;:&quot;standardLink&quot;,&quot;sponsored&quot;:false,&quot;linkHref&quot;:&quot;https:\/\/www.absolutfussball.com\/deutschland\/1-fc-koeln\/wird-marcel-lotka-beim-fc-koeln-nun-wieder-zum-thema-zr-93757174.html&quot;,&quot;storyElementPosition&quot;:11,&quot;storyElementCount&quot;:26}}\" rel=\"nofollow noopener\" target=\"_blank\">Der FC hat sich schon im vergangenen Winter f\u00fcr Lotka interessiert.<\/a><\/p>\n<p>Die besten Fotos: So feiert der 1. FC K\u00f6ln den Bundesliga-Aufstieg<img decoding=\"async\" class=\"id-RatioPlaceholder-element wv_story_el_interstitialImage\" src=\"https:\/\/www.europesays.com\/de\/wp-content\/uploads\/2025\/05\/38259520-fussball-bundesliga-fc-koeln-fc-kaiserslautern-34-spieltag-fans-des-fc-koeln-laufen-mit-ein.jpeg\" loading=\"lazy\"   height=\"2667\" width=\"4000\" alt=\"Fu&#xDF;ball, 2. Bundesliga, 1. FC K&#xF6;ln - 1. FC Kaiserslautern, 34. Spieltag: Fans des 1. FC K&#xF6;ln laufen mit einer Flagge &#xFC;ber die K&#xF6;lner Ringe. Ein Jahr nach dem Abstieg kehrt K&#xF6;ln in die Fu&#xDF;ball-Bundesliga zur&#xFC;ck.\"\/><a href=\"https:\/\/www.24rhein.de\/fc-koeln\/feiert-der-fc-koeln-den-bundesliga-aufstieg-die-besten-fotos-so-93740180.html\" class=\"id-StoryElement-intestitialLink-link\" data-id-ec=\"{\" shn=\"\" ansehen=\"\" data-k5a-pos=\"west_story_12_photoGalleryLink\" title=\"Zur Fotostrecke: Die besten Fotos: So feiert der 1. FC K&#xF6;ln den Bundesliga-Aufstieg\" rel=\"nofollow noopener\" target=\"_blank\">Fotostrecke ansehen<\/a>Mit viel Erfahrung<\/p>\n<p class=\"id-StoryElement-paragraph\"><strong>Yvon Mvogo:<\/strong>\u00a0Ebenfalls abl\u00f6sefrei w\u00e4re der Schweizer zu haben. Der 30-J\u00e4hrige spielte zuletzt beim fC Lorient in der zweiten franz\u00f6sischen Liga. Der Vertrag l\u00e4uft ebenfalls am Ende der Saison aus. Mvogo sammelte zwischen 2017 und 2020 als Ersatzkeeper bei RB Leipzig bereits Bundesliga-Erfahrung. Der Keeper spielte aber auch schon f\u00fcr die Young Boys Bern, PSV Eindhoven und eben Lorient und kommt insgesamt auf rund 300 Pflichtspiel-Eins\u00e4tze. Der Torh\u00fcter durchlief s\u00e4mtlichen Junioren-Nationalmannschaften der Eidgenossen und kommt auf elf Eins\u00e4tze bei der A-Nationalmannschaft. Schon im vergangenen Sommer wollte der 30-J\u00e4hrige wechseln, bleib am Ende aber in Frankreich. Das hat sich f\u00fcr Lorient ausgezahlt. Mvogo wurde zum besten Keeper der zweiten Liga gew\u00e4hlt. Ob der Torh\u00fcter Lust auf Nummer zwei hat, ist aber fraglich.<\/p>\n<p class=\"id-StoryElement-paragraph\"><strong>Alexander Schwolow:<\/strong>\u00a0Anfang Mai lehnte der Keeper dem Vernehmen nach ein Angebot von Union Berlin ab. Der Vertrag wurde nicht verl\u00e4ngert, der Keeper ist abl\u00f6sefrei. Bei den Eisernen vertrat der 32-J\u00e4hrige den verletzten Stammtorh\u00fcter Frederik R\u00f6nnow in sieben Begegnungen. Doch Schwolow blickt selbst ebenfalls auf ordentlich Erfahrung zur\u00fcck. Alleine in der Bundesliga sammelte der Keeper mehr als 200 Eins\u00e4tze \u2013 unter anderem f\u00fcr den SC Freiburg. Anfang Mai sollen sich einige Bundesligisten f\u00fcr den Keeper interessiert haben, der FC war zu diesem Zeitpunkt eher nicht dabei. Gut m\u00f6glich, dass Schwolow ebenfalls auf einen Stammplatz schielt.<\/p>\n<p><img decoding=\"async\" class=\"id-RatioPlaceholder-element wv_story_el_image\" src=\"https:\/\/www.europesays.com\/de\/wp-content\/uploads\/2025\/05\/36370745-marvin-schwaebe-vom-fc-koeln-2doReY4Ba0BG.jpg\" loading=\"lazy\"   height=\"733\" width=\"1100\" alt=\"Marvin Schw&#xE4;be vom 1. FC K&#xF6;ln\"\/>Marvin Schw\u00e4be vom 1. FC K\u00f6ln \u00a9\u00a0IMAGO\/Marco Steinbrenner\/DeFodi ImagesJunge Talente<\/p>\n<p class=\"id-StoryElement-paragraph\"><strong>Johannes Schenk:\u00a0<\/strong>Interessant k\u00f6nnte auch ein talentierter, junger Keeper werden. Schenk durchlief zahlreiche Juniorenteams beim <a href=\"https:\/\/www.fussball.news\/1-bundesliga\/fc-bayern-muenchen\/\" class=\"id-import-Link id-pageApi-Link--externalDomain\" title=\"FC Bayern M&#xFC;nchen\" data-id-ec=\"{&quot;sht&quot;:&quot;Container&quot;,&quot;shn&quot;:&quot;Story&quot;,&quot;p&quot;:{&quot;containerType&quot;:&quot;Paragraph&quot;,&quot;displayType&quot;:&quot;Paragraph InlineLink&quot;,&quot;type&quot;:&quot;INLINE_LINK&quot;,&quot;value&quot;:&quot;FC Bayern M&#xFC;nchen&quot;,&quot;variant&quot;:&quot;standardLink&quot;,&quot;sponsored&quot;:false,&quot;linkHref&quot;:&quot;https:\/\/www.fussball.news\/1-bundesliga\/fc-bayern-muenchen\/&quot;,&quot;storyElementPosition&quot;:21,&quot;storyElementCount&quot;:26}}\" rel=\"nofollow noopener\" target=\"_blank\">FC Bayern M\u00fcnchen<\/a>, wechselte dann nach M\u00fcnster und ist dort uneingeschr\u00e4nkter Stammkeeper. Der 22-J\u00e4hrige gilt als gro\u00dfes Talent, dem die Zukunft geh\u00f6ren kann. Allerdings hat Schenk noch Vertrag bis 2027 und es gibt keine gro\u00dfen Anzeichen f\u00fcr einen m\u00f6glichen Wechsel. Interessenten d\u00fcrfte es genug geben. Und Schenk geh\u00f6rt zum erweiterten Kreis des U21-Kaders, der sich gerade auf die EM in der Slowakei vorbereitet. Der Marktwert wird auf eine Millionen Euro gesch\u00e4tzt, ein Transfer des gro\u00dfen Talents d\u00fcrfte aber eine deutlich h\u00f6here Abl\u00f6se mit sich bringen. Schenk w\u00fcrde beim FC zudem seinen Stammplatz aufgeben m\u00fcssen. Damit w\u00e4re dem Keeper sicher nicht geholfen.<\/p>\n<p class=\"id-StoryElement-paragraph\"><strong>Felix Gebhardt:<\/strong>\u00a0Auf einem \u00e4hnlichen Niveau befindet sich auch der Keeper von Jahn Regensburg. Allerdings hat der 23-J\u00e4hrige nur noch bis Sommer 2026 Vertrag. Sollte Gebhardt den Kontrakt nicht verl\u00e4ngern, w\u00fcrde eine markgerechte Abl\u00f6sesumme nur noch in diesem Sommer erzielt werden k\u00f6nnen. Durch den Abstieg d\u00fcrfte sich auch die Abl\u00f6se aber ohnehin im Rahmen halten. Der Marktwert wird auf 900.000 Euro gesch\u00e4tzt. Aber auch der ehemalige U-Nationalspieler ben\u00f6tigt Spielpraxis, der er in K\u00f6ln wohl eher nicht bekommen wird. Gut m\u00f6glich aber, dass Gebhardt Bundesliga-Luf schnuppern mag.<\/p>\n<p>Dieser Artikel entstand in einer Kooperation mit come-on-fc.com.<\/p>\n<p class=\"id-StoryElement-factBox-paragraph\">Bei come-on-fc gibt es t\u00e4glich alle News, Infos und Hintergr\u00fcnde zum 1. FC K\u00f6ln. Bleib immer top informiert \u00fcber den 1. FC K\u00f6ln bei\u00a0<a href=\"https:\/\/come-on-fc.com\/\" rel=\"nofollow noopener\" target=\"_blank\" class=\"id-import-Link id-pageApi-Link--externalDomain\" data-id-ec=\"{&quot;sht&quot;:&quot;Container&quot;,&quot;shn&quot;:&quot;Story&quot;,&quot;p&quot;:{&quot;containerType&quot;:&quot;FactBox&quot;,&quot;displayType&quot;:&quot;FactBox InlineLink&quot;,&quot;type&quot;:&quot;INLINE_LINK&quot;,&quot;value&quot;:&quot;come-on-fc.com&quot;,&quot;variant&quot;:&quot;standardLink&quot;,&quot;sponsored&quot;:false,&quot;linkHref&quot;:&quot;https:\/\/come-on-fc.com\/&quot;,&quot;storyElementPosition&quot;:24,&quot;storyElementCount&quot;:26}}\">come-on-fc.com<\/a>.<\/p>\n<p class=\"id-StoryElement-paragraph\"><strong>Luca Plogmann:<\/strong>\u00a0Der 25-J\u00e4hrige gilt ebenfalls als Talent, kam aber zuletzt nur noch selten zum Einsatz. Der Keeper, der s\u00e4mtliche Juniorenmannschaften von <a href=\"https:\/\/www.fussball.news\/1-bundesliga\/werder-bremen\/\" class=\"id-import-Link id-pageApi-Link--externalDomain\" title=\"Werder Bremen\" data-id-ec=\"{&quot;sht&quot;:&quot;Container&quot;,&quot;shn&quot;:&quot;Story&quot;,&quot;p&quot;:{&quot;containerType&quot;:&quot;Paragraph&quot;,&quot;displayType&quot;:&quot;Paragraph InlineLink&quot;,&quot;type&quot;:&quot;INLINE_LINK&quot;,&quot;value&quot;:&quot;Werder Bremen&quot;,&quot;variant&quot;:&quot;standardLink&quot;,&quot;sponsored&quot;:false,&quot;linkHref&quot;:&quot;https:\/\/www.fussball.news\/1-bundesliga\/werder-bremen\/&quot;,&quot;storyElementPosition&quot;:25,&quot;storyElementCount&quot;:26}}\" rel=\"nofollow noopener\" target=\"_blank\">Werder Bremen<\/a> durchlief, ist aktuell bei den Go Ahead Eagles in der Eredivisie nur noch zweite Wahl, auch, wenn er am letzten Spieltag noch spielte. Die Hinrunde war der Keeper noch gesetzt. Der Vertrag l\u00e4uft noch bis 2026, der Marktwert wird auf 600.000 Euro eingesch\u00e4tzt.<\/p>\n<p class=\"id-StoryElement-paragraph\"><strong>Jonathan Fischer:\u00a0<\/strong>Der D\u00e4ne gilt als eins der gr\u00f6\u00dften Talente des Landes und sorgt aktuell in der norwegischen ersten Liga bei Fredrikstad f\u00fcr Furore. Alleine der Marktwert ist zuletzt explodiert und auf 2,5 Millionen Euro angestiegen. Neben einigen deutschen Clubs \u2013 unter anderem der FC \u2013 soll es auch Interessenten aus England und Italien geben. Der Keeper hat im Grunde die Qual der Wahl. Die Ersatzbank hinter Marvin Schw\u00e4be geh\u00f6rt wohl nicht dazu.<\/p>\n","protected":false},"excerpt":{"rendered":"absolutfussball.com Deutschland 1. FC K\u00f6ln Stand: 31.05.2025, 19:04 Uhr Von: Simon Bartsch DruckenTeilen Mit Anthony Racioppi, Philipp Pentke&hellip;\n","protected":false},"author":2,"featured_media":154098,"comment_status":"","ping_status":"","sticky":false,"template":"","format":"standard","meta":{"footnotes":""},"categories":[1828],"tags":[29,30,1420,1209],"class_list":{"0":"post-155520","1":"post","2":"type-post","3":"status-publish","4":"format-standard","5":"has-post-thumbnail","7":"category-koeln","8":"tag-deutschland","9":"tag-germany","10":"tag-koeln","11":"tag-nordrhein-westfalen"},"share_on_mastodon":{"url":"https:\/\/pubeurope.com\/@de\/114605571776945093","error":""},"_links":{"self":[{"href":"https:\/\/www.europesays.com\/de\/wp-json\/wp\/v2\/posts\/155520","targetHints":{"allow":["GET"]}}],"collection":[{"href":"https:\/\/www.europesays.com\/de\/wp-json\/wp\/v2\/posts"}],"about":[{"href":"https:\/\/www.europesays.com\/de\/wp-json\/wp\/v2\/types\/post"}],"author":[{"embeddable":true,"href":"https:\/\/www.europesays.com\/de\/wp-json\/wp\/v2\/users\/2"}],"replies":[{"embeddable":true,"href":"https:\/\/www.europesays.com\/de\/wp-json\/wp\/v2\/comments?post=155520"}],"version-history":[{"count":0,"href":"https:\/\/www.europesays.com\/de\/wp-json\/wp\/v2\/posts\/155520\/revisions"}],"wp:featuredmedia":[{"embeddable":true,"href":"https:\/\/www.europesays.com\/de\/wp-json\/wp\/v2\/media\/154098"}],"wp:attachment":[{"href":"https:\/\/www.europesays.com\/de\/wp-json\/wp\/v2\/media?parent=155520"}],"wp:term":[{"taxonomy":"category","embeddable":true,"href":"https:\/\/www.europesays.com\/de\/wp-json\/wp\/v2\/categories?post=155520"},{"taxonomy":"post_tag","embeddable":true,"href":"https:\/\/www.europesays.com\/de\/wp-json\/wp\/v2\/tags?post=155520"}],"curies":[{"name":"wp","href":"https:\/\/api.w.org\/{rel}","templated":true}]}}