{"id":155536,"date":"2025-06-01T01:52:09","date_gmt":"2025-06-01T01:52:09","guid":{"rendered":"https:\/\/www.europesays.com\/de\/155536\/"},"modified":"2025-06-01T01:52:09","modified_gmt":"2025-06-01T01:52:09","slug":"berlin-brandenburg-zehntausende-bei-adfc-fahrradsternfahrt-in-berlin-erwartet","status":"publish","type":"post","link":"https:\/\/www.europesays.com\/de\/155536\/","title":{"rendered":"Berlin &#038; Brandenburg: Zehntausende bei ADFC-Fahrradsternfahrt in Berlin erwartet"},"content":{"rendered":"<p>                    Berlin &amp; Brandenburg<br \/>\n                Zehntausende bei ADFC-Fahrradsternfahrt in Berlin erwartet<\/p>\n<p>\t\t\t\t              01.06.2025, 03:34 Uhr<\/p>\n<p><strong>20 Routen, 2.000 Kilometer, Zehntausende Teilnehmerinnen und Teilnehmer: Der ADFC l\u00e4dt f\u00fcr Sonntag unter dem Motto &#8222;Alle aufs Rad!&#8220; zur diesj\u00e4hrigen Sternfahrt ein.<\/strong><\/p>\n<p>Berlin (dpa\/bb) &#8211; Mehrere Zehntausend Menschen werden am Sonntag auf der Fahrradsternfahrt des Allgemeinen Deutschen Fahrradclubs (ADFC) in Berlin erwartet. Unter dem Motto &#8222;Alle aufs Rad!&#8220; fahren sie auf 20 Routen mit insgesamt rund 2.000 Kilometern L\u00e4nge aus dem Berliner Umland in die Innenstadt.\u00a0<\/p>\n<p>Zahlreiche Stra\u00dfen sind wegen der als Demonstration angemeldeten Sternfahrt zum Gro\u00dfen Stern f\u00fcr die Radfahrer reserviert und die Autofahrer gesperrt. Das gilt auch f\u00fcr zwei l\u00e4ngere Autobahnst\u00fccke. Die Teilnehmerinnen und Teilnehmer k\u00f6nnen \u00fcberall auch zwischendurch auf die Strecken fahren und sich einreihen.<\/p>\n<p>Die Sternfahrt hat auch eine politische Dimension. Der ADFC verbindet mit dem Ereignis die Forderung an Politik und Verwaltung nach sicheren und guten Radwegen. Ein Unsicherheitsfaktor ist das Wetter. Der Deutsche Wetterdienst erwartet f\u00fcr Berlin und Brandenburg gebietsweise Schauer und \u00f6rtlich auch kr\u00e4ftigere Gewitter.<\/p>\n","protected":false},"excerpt":{"rendered":"Berlin &amp; Brandenburg Zehntausende bei ADFC-Fahrradsternfahrt in Berlin erwartet 01.06.2025, 03:34 Uhr 20 Routen, 2.000 Kilometer, Zehntausende Teilnehmerinnen&hellip;\n","protected":false},"author":2,"featured_media":155537,"comment_status":"","ping_status":"","sticky":false,"template":"","format":"standard","meta":{"footnotes":""},"categories":[1825],"tags":[54787,296,1890,29,30,7906],"class_list":{"0":"post-155536","1":"post","2":"type-post","3":"status-publish","4":"format-standard","5":"has-post-thumbnail","7":"category-berlin","8":"tag-adfc-fahrradsternfahrt","9":"tag-berlin","10":"tag-brandenburg","11":"tag-deutschland","12":"tag-germany","13":"tag-zehntausende"},"share_on_mastodon":{"url":"https:\/\/pubeurope.com\/@de\/114605611011230992","error":""},"_links":{"self":[{"href":"https:\/\/www.europesays.com\/de\/wp-json\/wp\/v2\/posts\/155536","targetHints":{"allow":["GET"]}}],"collection":[{"href":"https:\/\/www.europesays.com\/de\/wp-json\/wp\/v2\/posts"}],"about":[{"href":"https:\/\/www.europesays.com\/de\/wp-json\/wp\/v2\/types\/post"}],"author":[{"embeddable":true,"href":"https:\/\/www.europesays.com\/de\/wp-json\/wp\/v2\/users\/2"}],"replies":[{"embeddable":true,"href":"https:\/\/www.europesays.com\/de\/wp-json\/wp\/v2\/comments?post=155536"}],"version-history":[{"count":0,"href":"https:\/\/www.europesays.com\/de\/wp-json\/wp\/v2\/posts\/155536\/revisions"}],"wp:featuredmedia":[{"embeddable":true,"href":"https:\/\/www.europesays.com\/de\/wp-json\/wp\/v2\/media\/155537"}],"wp:attachment":[{"href":"https:\/\/www.europesays.com\/de\/wp-json\/wp\/v2\/media?parent=155536"}],"wp:term":[{"taxonomy":"category","embeddable":true,"href":"https:\/\/www.europesays.com\/de\/wp-json\/wp\/v2\/categories?post=155536"},{"taxonomy":"post_tag","embeddable":true,"href":"https:\/\/www.europesays.com\/de\/wp-json\/wp\/v2\/tags?post=155536"}],"curies":[{"name":"wp","href":"https:\/\/api.w.org\/{rel}","templated":true}]}}