{"id":155538,"date":"2025-06-01T01:53:15","date_gmt":"2025-06-01T01:53:15","guid":{"rendered":"https:\/\/www.europesays.com\/de\/155538\/"},"modified":"2025-06-01T01:53:15","modified_gmt":"2025-06-01T01:53:15","slug":"so-sieht-thylane-blondeau-heute-aus","status":"publish","type":"post","link":"https:\/\/www.europesays.com\/de\/155538\/","title":{"rendered":"So sieht Thylane Blondeau heute aus"},"content":{"rendered":"<p>Aufnahmen von Thylane Blondeau im Video <\/p>\n<p>So sieht das &#8222;sch\u00f6nste M\u00e4dchen der Welt&#8220; heute aus<\/p>\n<p>Aktualisiert am 31.05.2025 &#8211; 18:28 UhrLesedauer: 1 Min.<\/p>\n<p><img   loading=\"lazy\" src=\"https:\/\/www.europesays.com\/de\/wp-content\/uploads\/2025\/04\/thylane-blondeau-sie-wurde-als-das-schoenste-maedchen-der-welt-bekannt.png\" alt=\"Thylane Blondeau: Sie wurde als das &quot;sch\u00f6nste M\u00e4dchen der Welt&quot; bekannt.\" title=\"Thylane Blondeau: Sie wurde als das &quot;sch\u00f6nste M\u00e4dchen der Welt&quot; bekannt.\" width=\"1920\" height=\"1080\" class=\"w-full\" decoding=\"async\"\/><img style=\"--width:66;--height:64\" loading=\"lazy\" src=\"https:\/\/www.europesays.com\/de\/wp-content\/uploads\/2025\/04\/loading-indicator.1490436c.svg.svg+xml\" alt=\"Video l\u00e4dt\" title=\"Video l\u00e4dt\" class=\"&#10;        block&#10;        h-[calc(var(--height)_\/_16_*_1rem)]&#10;        w-[calc(var(--width)_\/_16_*_1rem)]&#10;        max-w-none&#10;        undefined\" decoding=\"async\"\/><\/p>\n<p>Thylane Blondeau: Hier sehen Sie aktuelle Bilder des &#8222;sch\u00f6nsten M\u00e4dchens der Welt&#8220;. (Quelle: Glomex)<\/p>\n<p class=\"font-bold text-18 leading-17\">Als Sechsj\u00e4hrige galt sie als das &#8222;sch\u00f6nste M\u00e4dchen der Welt&#8220;, mittlerweile ist Thylane Blondeau erwachsen und steht weiterhin im Rampenlicht.<\/p>\n<p class=\"text-18 leading-17\">Ob Dolce &amp; Gabbana, L&#8217;Or\u00e9al oder Chanel \u2013 Thylane Blondeau hat bereits f\u00fcr viele der ganz gro\u00dfen Namen gemodelt. Die Karriere der heute 24-J\u00e4hrigen begann bereits in jungen Jahren. Schon als Vierj\u00e4hrige stand sie auf dem Laufsteg.<\/p>\n<p class=\"text-18 leading-17\">International bekannt wurde die Franz\u00f6sin, als sie im Alter von sechs Jahren von dem Filmkritiker TC Candler zum &#8222;sch\u00f6nsten M\u00e4dchen der Welt&#8220; gek\u00fcrt wurde. Candler ver\u00f6ffentlicht j\u00e4hrlich eine Liste der &#8222;100 sch\u00f6nsten Gesichter&#8220;. Blondeau wurde mehrfach in der Liste erw\u00e4hnt \u2013 2018 landete sie sogar auf Platz 1.<\/p>\n<p class=\"text-18 leading-17\">Thylane L\u00e9na-Rose Loubry Blondeau, wie sie mit vollem Namen hei\u00dft, ist die Tochter des ehemaligen franz\u00f6sischen Fu\u00dfballprofis Patrick Blondeau und der Moderatorin V\u00e9ronika Loubry.<\/p>\n<p class=\"text-18 leading-17\">Wie das fr\u00fchere &#8222;sch\u00f6nste M\u00e4dchen der Welt&#8220; heute aussieht und was die junge Frau mittlerweile alles macht, sehen Sie im Video oben oder <a class=\"transition-colors duration-200 cursor-pointer text-inherit no-underline text-salemsfur md:hover:text-magenta md:hover:border-magenta md:focus:text-magenta border-current border-b border-solid break-words\" href=\"https:\/\/www.t-online.de\/tv\/unterhaltung\/id_100376000\/-schoenstes-maedchen-der-welt-so-sieht-thylane-blondeau-heute-aus.html\" data-sctrack=\"BodyAnchor\" target=\"_blank\" rel=\"noopener\">wenn Sie hier<\/a> klicken.<\/p>\n","protected":false},"excerpt":{"rendered":"Aufnahmen von Thylane Blondeau im Video So sieht das &#8222;sch\u00f6nste M\u00e4dchen der Welt&#8220; heute aus Aktualisiert am 31.05.2025&hellip;\n","protected":false},"author":2,"featured_media":155539,"comment_status":"","ping_status":"","sticky":false,"template":"","format":"standard","meta":{"footnotes":""},"categories":[1776],"tags":[54793,7624,1801,54790,29,54789,214,30,23099,54792,54788,1802,215,54791],"class_list":{"0":"post-155538","1":"post","2":"type-post","3":"status-publish","4":"format-standard","5":"has-post-thumbnail","7":"category-prominente","8":"tag-54793","9":"tag-7624","10":"tag-celebrities","11":"tag-chanel","12":"tag-deutschland","13":"tag-dolce-gabbana","14":"tag-entertainment","15":"tag-germany","16":"tag-loreal","17":"tag-modelkarriere","18":"tag-patrick-blondeau","19":"tag-prominente","20":"tag-unterhaltung","21":"tag-veronika-loubry"},"share_on_mastodon":{"url":"https:\/\/pubeurope.com\/@de\/114605614969420157","error":""},"_links":{"self":[{"href":"https:\/\/www.europesays.com\/de\/wp-json\/wp\/v2\/posts\/155538","targetHints":{"allow":["GET"]}}],"collection":[{"href":"https:\/\/www.europesays.com\/de\/wp-json\/wp\/v2\/posts"}],"about":[{"href":"https:\/\/www.europesays.com\/de\/wp-json\/wp\/v2\/types\/post"}],"author":[{"embeddable":true,"href":"https:\/\/www.europesays.com\/de\/wp-json\/wp\/v2\/users\/2"}],"replies":[{"embeddable":true,"href":"https:\/\/www.europesays.com\/de\/wp-json\/wp\/v2\/comments?post=155538"}],"version-history":[{"count":0,"href":"https:\/\/www.europesays.com\/de\/wp-json\/wp\/v2\/posts\/155538\/revisions"}],"wp:featuredmedia":[{"embeddable":true,"href":"https:\/\/www.europesays.com\/de\/wp-json\/wp\/v2\/media\/155539"}],"wp:attachment":[{"href":"https:\/\/www.europesays.com\/de\/wp-json\/wp\/v2\/media?parent=155538"}],"wp:term":[{"taxonomy":"category","embeddable":true,"href":"https:\/\/www.europesays.com\/de\/wp-json\/wp\/v2\/categories?post=155538"},{"taxonomy":"post_tag","embeddable":true,"href":"https:\/\/www.europesays.com\/de\/wp-json\/wp\/v2\/tags?post=155538"}],"curies":[{"name":"wp","href":"https:\/\/api.w.org\/{rel}","templated":true}]}}