{"id":155542,"date":"2025-06-01T01:56:09","date_gmt":"2025-06-01T01:56:09","guid":{"rendered":"https:\/\/www.europesays.com\/de\/155542\/"},"modified":"2025-06-01T01:56:09","modified_gmt":"2025-06-01T01:56:09","slug":"bares-fuer-rares-expertin-deckt-betrug-auf-verkaeuferin-entsetzt","status":"publish","type":"post","link":"https:\/\/www.europesays.com\/de\/155542\/","title":{"rendered":"\u201eBares f\u00fcr Rares\u201c: Expertin deckt Betrug auf \u2013 Verk\u00e4uferin entsetzt"},"content":{"rendered":"<p>Manchmal bietet \u201eBares f\u00fcr Rares\u201c mehr Drama als jede Seifenoper! Claudia L\u00f6chle aus Rottweil bringt einen vermeintlich edlen Klunker zur Show. Doch was die Expertin entdeckt, sorgt f\u00fcr einen echten Skandal!<\/p>\n<p>Der Goldring mit dem auff\u00e4lligen Stein sollte ein Erbst\u00fcck ihres Vaters sein. \u201eDer ist sicherlich echt!\u201c, beteuert Claudia im Gespr\u00e4ch mit Moderator Horst Lichter (63). Doch Expertin Wendela Horz (55) wird schnell misstrauisch.<\/p>\n<p>Betrugsalarm bei \u201eBares f\u00fcr Rares\u201c! <\/p>\n<p>Der Ring besteht aus 333er-Gold, eine untypische Legierung f\u00fcr einen Diamanten. Der elektronische Tester bringt die bittere Wahrheit ans Licht: Der \u201eEdelstein\u201c ist ein einfacher Zirkon. \u201eModeschmuck f\u00fcr den Herrn\u201c, kommentiert Lichter trocken.<\/p>\n<p>+++<strong> Auch f\u00fcr dich spannend:<\/strong> <a href=\"https:\/\/www.derwesten.de\/panorama\/promi-tv\/bares-fuer-rares-heute-haendler-zdf-plastiktuete-lichter-fundstuecke-id301566036.html\" rel=\"nofollow noopener\" target=\"_blank\">\u201eBares f\u00fcr Rares\u201c: Plastikt\u00fcte ist ein Verm\u00f6gen wert \u2013 \u201eAlter Schwede\u201c<\/a> +++<\/p>\n<p>Horz gibt einen Tipp: Mit einem einfachen Trick kann man echte Diamanten von F\u00e4lschungen unterscheiden. Einfach einen schwarzen Punkt auf Papier malen, den Stein drauflegen und durchschauen. \u201eVerschwindet der Punkt auf magische Weise, ist der Stein vermutlich echt\u201c, fachsimpelt die Expertin. Bei einem schwarzen Ring auf dem Stein ist Vorsicht geboten!<\/p>\n<p><img loading=\"lazy\" decoding=\"async\" width=\"951\" height=\"634\" src=\"https:\/\/www.europesays.com\/de\/wp-content\/uploads\/2025\/06\/ba.jpg\" alt=\"\" class=\"wp-image-301578631\"  \/>Foto: ZDF\/Screenshot<\/p>\n<p>Lichter glaubt nicht, dass Claudia absichtlich eine F\u00e4lschung angeboten hat. Vielmehr glaubt der Moderator, dass ihr Vater beim Kauf offenkundich \u201ebetuppt\u201c worden sei. Ein schwacher Trost f\u00fcr Claudia. Der Materialwert des Goldes liegt nur bei 100 Euro. Keine Rarit\u00e4t, keine H\u00e4ndlerkarte.<\/p>\n<p>\u201eDas ist schade\u201c, sagt die sichtlich entt\u00e4uschte Schw\u00e4bin. Doch sie l\u00e4sst sich nicht entmutigen. \u201eIch komme gerne wieder \u2013 mit anderen Ringen\u201c, verspricht sie.<\/p>\n<p>Das\u00a0<a href=\"http:\/\/derwesten.de\/themen\/zdf\" rel=\"nofollow noopener\" target=\"_blank\">ZDF<\/a>\u00a0zeigt eine neue Folge \u201eBares f\u00fcr Rares\u201c immer montags bis freitags ab 15.05 Uhr.\u00a0Sendung verpasst? Kein Problem! Alle Folgen der beliebten Tr\u00f6delshow k\u00f6nnen Fans auch in der Mediathek nachsehen.<\/p>\n","protected":false},"excerpt":{"rendered":"Manchmal bietet \u201eBares f\u00fcr Rares\u201c mehr Drama als jede Seifenoper! Claudia L\u00f6chle aus Rottweil bringt einen vermeintlich edlen&hellip;\n","protected":false},"author":2,"featured_media":155543,"comment_status":"","ping_status":"","sticky":false,"template":"","format":"standard","meta":{"footnotes":""},"categories":[1773],"tags":[29,214,30,471,1780,215],"class_list":{"0":"post-155542","1":"post","2":"type-post","3":"status-publish","4":"format-standard","5":"has-post-thumbnail","7":"category-serien","8":"tag-deutschland","9":"tag-entertainment","10":"tag-germany","11":"tag-serien","12":"tag-series","13":"tag-unterhaltung"},"share_on_mastodon":{"url":"https:\/\/pubeurope.com\/@de\/114605626787947812","error":""},"_links":{"self":[{"href":"https:\/\/www.europesays.com\/de\/wp-json\/wp\/v2\/posts\/155542","targetHints":{"allow":["GET"]}}],"collection":[{"href":"https:\/\/www.europesays.com\/de\/wp-json\/wp\/v2\/posts"}],"about":[{"href":"https:\/\/www.europesays.com\/de\/wp-json\/wp\/v2\/types\/post"}],"author":[{"embeddable":true,"href":"https:\/\/www.europesays.com\/de\/wp-json\/wp\/v2\/users\/2"}],"replies":[{"embeddable":true,"href":"https:\/\/www.europesays.com\/de\/wp-json\/wp\/v2\/comments?post=155542"}],"version-history":[{"count":0,"href":"https:\/\/www.europesays.com\/de\/wp-json\/wp\/v2\/posts\/155542\/revisions"}],"wp:featuredmedia":[{"embeddable":true,"href":"https:\/\/www.europesays.com\/de\/wp-json\/wp\/v2\/media\/155543"}],"wp:attachment":[{"href":"https:\/\/www.europesays.com\/de\/wp-json\/wp\/v2\/media?parent=155542"}],"wp:term":[{"taxonomy":"category","embeddable":true,"href":"https:\/\/www.europesays.com\/de\/wp-json\/wp\/v2\/categories?post=155542"},{"taxonomy":"post_tag","embeddable":true,"href":"https:\/\/www.europesays.com\/de\/wp-json\/wp\/v2\/tags?post=155542"}],"curies":[{"name":"wp","href":"https:\/\/api.w.org\/{rel}","templated":true}]}}