{"id":155554,"date":"2025-06-01T02:02:13","date_gmt":"2025-06-01T02:02:13","guid":{"rendered":"https:\/\/www.europesays.com\/de\/155554\/"},"modified":"2025-06-01T02:02:13","modified_gmt":"2025-06-01T02:02:13","slug":"apple-iphone-17-groesseres-und-besseres-display-zwei-48-mp-kameras-aber-kein-apple-a19-laut-analysten-und-leaker","status":"publish","type":"post","link":"https:\/\/www.europesays.com\/de\/155554\/","title":{"rendered":"Apple iPhone 17: Gr\u00f6\u00dferes und besseres Display, zwei 48 MP Kameras aber kein Apple A19 laut Analysten und Leaker"},"content":{"rendered":"<p class=\"bodytext\">In den letzten Stunden haben sich die Vorzeichen f\u00fcr den Nachfolger des <a href=\"https:\/\/www.notebookcheck.com\/Test-Apple-iPhone-16-Smartphone-Mehr-Neuerungen-als-man-glauben-wuerde.898512.0.html\" target=\"_self\" class=\"internal-link\" rel=\"noopener\">iPhone 16<\/a> (hier <a href=\"https:\/\/www.amazon.de\/Apple-iPhone-256-Kamerasteuerung-Funktioniert\/dp\/B0DGHSG5CD?tag=notebookcheck-news-de-21\" target=\"_blank\" rel=\"sponsored noopener\" class=\"external-link-new-window\">bei Amazon erh\u00e4ltlich<\/a>) offenbar recht stark ver\u00e4ndert, zumindest in Bezug auf die Erwartungshaltung einiger Analysten. So geht etwa der GF Securities Analyst Jeff Pu laut eines aktuellen Investoren-Briefings (via <a href=\"https:\/\/9to5mac.com\/2025\/05\/30\/the-latest-iphone-17-rumors\/\" target=\"_blank\" class=\"external-link-new-window\" rel=\"noopener\">9to5Mac<\/a>) nicht mehr davon aus, dass der im September erwartete Apple A19 Chip auch seinen Weg in das iPhone 17 Basismodell finden wird, was bisher eigentlich die Basisannahme war.&#13;<\/p>\n<p class=\"bodytext\">Stattdessen soll der Apple A19, der bei TSMC im N3P-Verfahren produziert wird, nur im <a href=\"https:\/\/www.notebookcheck.com\/Apple-iPhone-17-Air-Leaker-enthuellt-Specs-samt-24-MP-Selfie-Kamera-leichtem-Alu-Gehaeuse-und-MagSafe.1025833.0.html\" target=\"_self\" class=\"internal-link\" rel=\"noopener\">iPhone 17 Air<\/a> verbaut sein, bei iPhone 17 Pro und iPhone 17 Pro Max kommt dagegen der Apple A19 Pro zum Einsatz. Das iPhone 17 muss laut Pu ein weiteres Jahr lang mit dem <a href=\"https:\/\/www.notebookcheck.com\/Apple-A18-Prozessor-Benchmarks-und-Specs.895453.0.html\" target=\"_self\" class=\"internal-link\" rel=\"noopener\">Apple A18<\/a> auskommen und wird im Gegensatz zu seinen h\u00f6herwertigen Kollegen auch nicht mit 12 GB RAM sondern nur 8 GB RAM best\u00fcckt, die aktuelle Mindestanforderung f\u00fcr Apple Intelligence.&#13;<\/p>\n<p>Kleineres Dynamic Island in allen iPhone 17 Modellen<\/p>\n<p class=\"bodytext\">Alle iPhone 17 Modelle profitieren laut Research-Note des Analysten nicht nur von einer neuen 24 Megapixel Frontkamera sondern auch von einem kleineren Dynamic Island im Display. Stimmen die Angaben, dann nutzt Apple bereits in diesem Jahr die in der Vergangenheit schon mehrfach erw\u00e4hnte &#8222;<a href=\"https:\/\/www.notebookcheck.com\/Apple-plant-iPhone-17-Slim-Metalens-und-grosse-Foldables-Viel-Neues-zu-den-iPhone-16-Nachfolgern-vom-Analysten.834470.0.html\" target=\"_self\" class=\"internal-link\" rel=\"noopener\">Metalens-Technologie<\/a>&#8220; um zumindest mal den Ann\u00e4herungs-Sensor unter dem Display zu verkleinern. Bis dato gingen Analysten maximal von einer reduzierten Dynamic Island Gr\u00f6\u00dfe beim iPhone 17 Pro Max aus, der aktuelle Hinweis widerspricht also der bisherigen Erwartungshaltung, etwa von Analysten-Kollege Ming-Chi Kuo.&#13;<\/p>\n<p>Zwei 48 Megapixel Sensoren. Gr\u00f6\u00dferes 120Hz Display<\/p>\n<p class=\"bodytext\">Jeff Pu geht weiterhin von einem 6,1 Zoll Display sowie 48 Megapixel und 12 Megapixel Dual-Cam im iPhone 17 Basismodell aus, beiden Hinweisen widersprechen dagegen andere aktuelle Quellen. So betont der in Sachen Displays immer bestens informierte DSCC-Gr\u00fcnder Ross Young <a href=\"https:\/\/x.com\/DSCCRoss\/status\/1928146088097349832\" target=\"_blank\" class=\"external-link-new-window\">auf X<\/a>, dass Apple 2025 auch beim iPhone 17 vom 6,1 Zoll Display auf ein gr\u00f6\u00dferes 6,3 Zoll Display wechselt, analog zum <a href=\"https:\/\/www.notebookcheck.com\/Test-Apple-iPhone-16-Pro-Smartphone-Das-kleine-Pro-Phone-mit-dem-grossen-Display.892882.0.html\" target=\"_self\" class=\"internal-link\" rel=\"noopener\">iPhone 16 Pro<\/a> im Vorjahr.&#13;<\/p>\n<p class=\"bodytext\">Erstmals wird damit auch das g\u00fcnstigste, regul\u00e4re iPhone ProMotion-f\u00e4hig, bekommt also eine LTPO-Backplane f\u00fcr den energiesparenderen, dynamischen 120 Hz Betrieb. Das ist \u00fcbrigens auch die Basisannahme von Digital Chat Station <a href=\"https:\/\/weibo.com\/6048569942\/Pubw4yJgC\" target=\"_blank\" class=\"external-link-new-window\" rel=\"noopener\">auf Weibo<\/a>, der zudem betont, dass Apple dem iPhone 17 auch eine zweite 48 Megapixel Kamera &#8211; wohl f\u00fcr das Ultraweitwinkel &#8211; g\u00f6nnen wird, was bis dato allerdings noch kein anderer Leaker oder Analyst bekr\u00e4ftigt hat. Ob das also tats\u00e4chlich so kommt, bleibt abzuwarten, der Leaker gilt aber zumindest im Android-Umfeld als sehr zuverl\u00e4ssig.<\/p>\n<p><a href=\"https:\/\/www.notebookcheck.com\/Redaktion.113895.0.html?&amp;tx_nbc2journalist_pi1%5Bmode%5D=show&amp;tx_nbc2journalist_pi1%5Buid%5D=204\" target=\"_blank\" rel=\"noopener\"><img decoding=\"async\" src=\"https:\/\/www.europesays.com\/de\/wp-content\/uploads\/2025\/03\/csm_alex_am_weg_malta_e79154afb7.jpg\" loading=\"lazy\" width=\"120\" height=\"120\" alt=\"Alexander Fagot\"\/><\/a><a href=\"https:\/\/www.notebookcheck.com\/Redaktion.113895.0.html?&amp;tx_nbc2journalist_pi1%5Bmode%5D=show&amp;tx_nbc2journalist_pi1%5Buid%5D=204\" class=\"j_name\" target=\"_blank\" rel=\"noopener\">Alexander Fagot<\/a> &#8211; Managing Editor News  &#8211; 10644 Artikel auf Notebookcheck ver\u00f6ffentlicht seit 2016<\/p>\n<p>Als Tech-begeisterter Jugendlicher mit Assembling- und Overclocking-Vergangenheit, arbeitete ich als Filmvorf\u00fchrer noch mit dem guten alten 35 mm Film, bevor ich professionell in die Computerwelt eingestiegen bin und 7 Jahre lang Kunden beim \u00f6sterreichischen IT-Dienstleister Iphos IT Solutions als Windows Client- und Server-Administrator sowie Projektmanager betreut habe. Als viel reisender Freelancer schreibe ich nun schon seit 2016 f\u00fcr Notebookcheck von allen Ecken dieser Welt aus \u00fcber brandaktuelle mobile Technologien in Smartphones, Laptops und Gadgets aller Art.<\/p>\n","protected":false},"excerpt":{"rendered":"In den letzten Stunden haben sich die Vorzeichen f\u00fcr den Nachfolger des iPhone 16 (hier bei Amazon erh\u00e4ltlich)&hellip;\n","protected":false},"author":2,"featured_media":155555,"comment_status":"","ping_status":"","sticky":false,"template":"","format":"standard","meta":{"footnotes":""},"categories":[135],"tags":[54797,231,54803,54802,260,13395,29,54800,10873,258,30,235,261,54798,259,54795,16761,54801,3523,251,253,234,264,263,15,250,252,24868,262,54799,190,189,7059,194,54796,191,254,255,257,256,193,192],"class_list":{"0":"post-155554","1":"post","2":"type-post","3":"status-publish","4":"format-standard","5":"has-post-thumbnail","7":"category-wissenschaft-technik","8":"tag-120-hz","9":"tag-apple","10":"tag-apple-a18","11":"tag-apple-a19","12":"tag-benchmarks","13":"tag-details","14":"tag-deutschland","15":"tag-digital-chat-station","16":"tag-display","17":"tag-forum","18":"tag-germany","19":"tag-geruecht","20":"tag-grafikkarten","21":"tag-groesseres-display","22":"tag-informationen","23":"tag-iphone-17","24":"tag-iphone-17-pro","25":"tag-jeff-pu","26":"tag-kamera","27":"tag-laptop","28":"tag-laptops","29":"tag-leak","30":"tag-netbook","31":"tag-netbooks","32":"tag-news","33":"tag-notebook","34":"tag-notebooks","35":"tag-promotion","36":"tag-prozessoren","37":"tag-ross-young","38":"tag-science","39":"tag-science-technology","40":"tag-specs","41":"tag-technik","42":"tag-technische-daten","43":"tag-technology","44":"tag-test","45":"tag-testbericht","46":"tag-testberichte","47":"tag-tests","48":"tag-wissenschaft","49":"tag-wissenschaft-technik"},"share_on_mastodon":{"url":"","error":"Validation failed: Text character limit of 500 exceeded"},"_links":{"self":[{"href":"https:\/\/www.europesays.com\/de\/wp-json\/wp\/v2\/posts\/155554","targetHints":{"allow":["GET"]}}],"collection":[{"href":"https:\/\/www.europesays.com\/de\/wp-json\/wp\/v2\/posts"}],"about":[{"href":"https:\/\/www.europesays.com\/de\/wp-json\/wp\/v2\/types\/post"}],"author":[{"embeddable":true,"href":"https:\/\/www.europesays.com\/de\/wp-json\/wp\/v2\/users\/2"}],"replies":[{"embeddable":true,"href":"https:\/\/www.europesays.com\/de\/wp-json\/wp\/v2\/comments?post=155554"}],"version-history":[{"count":0,"href":"https:\/\/www.europesays.com\/de\/wp-json\/wp\/v2\/posts\/155554\/revisions"}],"wp:featuredmedia":[{"embeddable":true,"href":"https:\/\/www.europesays.com\/de\/wp-json\/wp\/v2\/media\/155555"}],"wp:attachment":[{"href":"https:\/\/www.europesays.com\/de\/wp-json\/wp\/v2\/media?parent=155554"}],"wp:term":[{"taxonomy":"category","embeddable":true,"href":"https:\/\/www.europesays.com\/de\/wp-json\/wp\/v2\/categories?post=155554"},{"taxonomy":"post_tag","embeddable":true,"href":"https:\/\/www.europesays.com\/de\/wp-json\/wp\/v2\/tags?post=155554"}],"curies":[{"name":"wp","href":"https:\/\/api.w.org\/{rel}","templated":true}]}}