{"id":155559,"date":"2025-06-01T02:05:10","date_gmt":"2025-06-01T02:05:10","guid":{"rendered":"https:\/\/www.europesays.com\/de\/155559\/"},"modified":"2025-06-01T02:05:10","modified_gmt":"2025-06-01T02:05:10","slug":"klingbeil-bringt-umfassende-steuersenkungen-fuer-unternehmen-auf-den-weg","status":"publish","type":"post","link":"https:\/\/www.europesays.com\/de\/155559\/","title":{"rendered":"Klingbeil bringt umfassende Steuersenkungen f\u00fcr Unternehmen auf den Weg"},"content":{"rendered":"<p>Finanzminister Klingbeil (SPD) will laut einem Bericht Steuersenkungen f\u00fcr Unternehmen umsetzen, die bis zum Jahr 2029 auf 17 Milliarden Euro anwachsen sollen. Dazu z\u00e4hlen ein Investitionsbooster, die Senkung der K\u00f6rperschaftsteuer und neue Abschreibungen f\u00fcr Elektroautos.<\/p>\n<p class=\"is-first-paragraph\" data-external=\"Article.FirstParagraph\">Bundesfinanzminister Lars Klingbeil (SPD) bringt laut dem \u201eHandelsblatt\u201c umfassende Steuersenkungen f\u00fcr Unternehmen auf den Weg. Die Entlastungen w\u00fcrden \u00fcber Jahre anwachsen und sollten 2029 dann 17 Milliarden Euro betragen, berichtete die Zeitung am Samstag unter Berufung auf einen entsprechenden Gesetzentwurf. <\/p>\n<p><a class=\"is-link c-block-items__link c-link--rich-text-renderer\" href=\"https:\/\/www.welt.de\/politik\/deutschland\/article256169888\/lars-klingbeil-fordert-einsparungen-in-ministerien-werden-wir-hinbekommen.html\" data-internal-tracking-enabled=\"true\" data-internal-tracking=\"{&quot;action&quot;:&quot;click&quot;,&quot;label&quot;:&quot;link&quot;,&quot;name&quot;:&quot;Inline Element&quot;,&quot;data&quot;:{&quot;source&quot;:&quot;&quot;,&quot;target&quot;:&quot;https:\/\/www.welt.de\/politik\/deutschland\/article256169888\/lars-klingbeil-fordert-einsparungen-in-ministerien-werden-wir-hinbekommen.html&quot;,&quot;trackingName&quot;:&quot;&quot;,&quot;trackingLabel&quot;:&quot;&quot;}}\" target=\"_blank\" rel=\"noopener\">Klingbeil<\/a> wolle damit mehrere Ma\u00dfnahmen umsetzen, auf die sich Union und SPD <a class=\"is-link c-block-items__link c-link--rich-text-renderer\" href=\"https:\/\/www.welt.de\/politik\/deutschland\/article256186072\/veronika-grimm-hoechst-fragwuerdig-wirtschaftsweise-attackiert-plaene-der-koalition-scharf.html\" data-internal-tracking-enabled=\"true\" data-internal-tracking=\"{&quot;action&quot;:&quot;click&quot;,&quot;label&quot;:&quot;link&quot;,&quot;name&quot;:&quot;Inline Element&quot;,&quot;data&quot;:{&quot;source&quot;:&quot;&quot;,&quot;target&quot;:&quot;https:\/\/www.welt.de\/politik\/deutschland\/article256186072\/veronika-grimm-hoechst-fragwuerdig-wirtschaftsweise-attackiert-plaene-der-koalition-scharf.html&quot;,&quot;trackingName&quot;:&quot;&quot;,&quot;trackingLabel&quot;:&quot;&quot;}}\" target=\"_blank\" rel=\"noopener\">im Koalitionsvertrag<\/a> verst\u00e4ndigt hatten. Dazu z\u00e4hlten ein Investitionsbooster, eine Senkung der K\u00f6rperschaftsteuer und neue Abschreibungen f\u00fcr Elektroautos.<\/p>\n<p>Bei dem Investitionsbooster gehe es um Sonderabschreibungen f\u00fcr Unternehmen auf Investitionen in den Jahren 2025, 2026 und 2027. Die Abschreibungen von 30 Prozent sollen demnach zwischen dem 30. Juni 2025 und dem 1. Januar 2028 gelten. Danach solle sich eine Senkung der K\u00f6rperschaftsteuer anschlie\u00dfen. Ab dem 1. Januar 2028 solle der Steuersatz bis 2032 in 5 Schritten von 15 auf zehn Prozent reduziert werden. <\/p>\n<p>Zudem solle die steuerliche Forschungszulage gro\u00dfz\u00fcgiger ausgestaltet werden. Auch sei eine besondere Abschreibung f\u00fcr Firmen geplant, die E-Autos kauften. Im Jahr des Kaufs soll eine Abschreibung von 75 Prozent gelten.<\/p>\n<p>Steuerentlastungen sollen Jahr um Jahr steigen<\/p>\n<p>Das Volumen der Steuersenkungen wachse \u00fcber die Jahre an, so das \u201eHandelsblatt\u201c. 2025 werde die Entlastung f\u00fcr die Firmen auf 2,5 Milliarden Euro beziffert. 2026 seien es 8,1 Milliarden und 2029 schlie\u00dflich 11,3 Milliarden Euro. <\/p>\n<p>Da es sich zun\u00e4chst vor allem um Abschreibungen durch den Investitionsbooster handele, w\u00fcrden die Einnahmen f\u00fcr den Staat zeitversetzt sinken. 2025 gehe es um 630 Millionen Euro. Dies wachse dann von vier Milliarden in 2026 auf 17 Milliarden Euro in 2029 an. Die Steuerausf\u00e4lle verteilten sich demnach auf Bund, L\u00e4nder und Kommunen. <\/p>\n<p>rtr\/saha<\/p>\n","protected":false},"excerpt":{"rendered":"Finanzminister Klingbeil (SPD) will laut einem Bericht Steuersenkungen f\u00fcr Unternehmen umsetzen, die bis zum Jahr 2029 auf 17&hellip;\n","protected":false},"author":2,"featured_media":155560,"comment_status":"","ping_status":"","sticky":false,"template":"","format":"standard","meta":{"footnotes":""},"categories":[2],"tags":[31,29,1728,30,13,21619,23531,14,15,110,12,184,2149,10,8,9,11],"class_list":{"0":"post-155559","1":"post","2":"type-post","3":"status-publish","4":"format-standard","5":"has-post-thumbnail","7":"category-deutschland","8":"tag-cdu","9":"tag-deutschland","10":"tag-elektroautos","11":"tag-germany","12":"tag-headlines","13":"tag-klingbeil","14":"tag-lars","15":"tag-nachrichten","16":"tag-news","17":"tag-newsteam","18":"tag-schlagzeilen","19":"tag-spd","20":"tag-steuern","21":"tag-top-news","22":"tag-top-meldungen","23":"tag-topmeldungen","24":"tag-topnews"},"share_on_mastodon":{"url":"https:\/\/pubeurope.com\/@de\/114605662285238281","error":""},"_links":{"self":[{"href":"https:\/\/www.europesays.com\/de\/wp-json\/wp\/v2\/posts\/155559","targetHints":{"allow":["GET"]}}],"collection":[{"href":"https:\/\/www.europesays.com\/de\/wp-json\/wp\/v2\/posts"}],"about":[{"href":"https:\/\/www.europesays.com\/de\/wp-json\/wp\/v2\/types\/post"}],"author":[{"embeddable":true,"href":"https:\/\/www.europesays.com\/de\/wp-json\/wp\/v2\/users\/2"}],"replies":[{"embeddable":true,"href":"https:\/\/www.europesays.com\/de\/wp-json\/wp\/v2\/comments?post=155559"}],"version-history":[{"count":0,"href":"https:\/\/www.europesays.com\/de\/wp-json\/wp\/v2\/posts\/155559\/revisions"}],"wp:featuredmedia":[{"embeddable":true,"href":"https:\/\/www.europesays.com\/de\/wp-json\/wp\/v2\/media\/155560"}],"wp:attachment":[{"href":"https:\/\/www.europesays.com\/de\/wp-json\/wp\/v2\/media?parent=155559"}],"wp:term":[{"taxonomy":"category","embeddable":true,"href":"https:\/\/www.europesays.com\/de\/wp-json\/wp\/v2\/categories?post=155559"},{"taxonomy":"post_tag","embeddable":true,"href":"https:\/\/www.europesays.com\/de\/wp-json\/wp\/v2\/tags?post=155559"}],"curies":[{"name":"wp","href":"https:\/\/api.w.org\/{rel}","templated":true}]}}