{"id":155573,"date":"2025-06-01T02:12:46","date_gmt":"2025-06-01T02:12:46","guid":{"rendered":"https:\/\/www.europesays.com\/de\/155573\/"},"modified":"2025-06-01T02:12:46","modified_gmt":"2025-06-01T02:12:46","slug":"aerger-ueber-schaulustige-bei-stoerchen-im-bresgespark","status":"publish","type":"post","link":"https:\/\/www.europesays.com\/de\/155573\/","title":{"rendered":"\u00c4rger \u00fcber Schaulustige bei St\u00f6rchen im Bresgespark"},"content":{"rendered":"<p class=\"initial richtext text-em-55 !leading-serif mx-6 desktop:mx-0\">Sie sind weg. Und sie kommen dieses Jahr auch nicht zur\u00fcck. Die beiden St\u00f6rche, die sich vor <a href=\"https:\/\/rp-online.de\/thema\/ostern\/\" target=\"_blank\" rel=\"noopener\">Ostern<\/a> im Bresgespark niedergelassen hatten, haben ihr aufwendig gebautes Nest wenige Wochen sp\u00e4ter wieder verlassen. Die Freudenschreie der Vogelfreunde sind verstummt. Stattdessen gibt es Klagerufe. Denn wenig umsichtige \u201eNaturliebhaber\u201c k\u00f6nnten den Weggang des seit Jahrzehnten ersten Storchenpaars in <a href=\"https:\/\/rp-online.de\/thema\/moenchengladbach\/\" target=\"_blank\" rel=\"noopener\">M\u00f6nchengladbach<\/a> befl\u00fcgelt haben.<\/p>\n","protected":false},"excerpt":{"rendered":"Sie sind weg. Und sie kommen dieses Jahr auch nicht zur\u00fcck. Die beiden St\u00f6rche, die sich vor Ostern&hellip;\n","protected":false},"author":2,"featured_media":155574,"comment_status":"","ping_status":"","sticky":false,"template":"","format":"standard","meta":{"footnotes":""},"categories":[1849],"tags":[3364,29,548,663,3934,30,14337,13,7988,21724,4455,14,15,1209,12],"class_list":{"0":"post-155573","1":"post","2":"type-post","3":"status-publish","4":"format-standard","5":"has-post-thumbnail","7":"category-moenchengladbach","8":"tag-de","9":"tag-deutschland","10":"tag-eu","11":"tag-europa","12":"tag-europe","13":"tag-germany","14":"tag-gladbach","15":"tag-headlines","16":"tag-kolumne","17":"tag-mensch","18":"tag-moenchengladbach","19":"tag-nachrichten","20":"tag-news","21":"tag-nordrhein-westfalen","22":"tag-schlagzeilen"},"share_on_mastodon":{"url":"https:\/\/pubeurope.com\/@de\/114605689747206160","error":""},"_links":{"self":[{"href":"https:\/\/www.europesays.com\/de\/wp-json\/wp\/v2\/posts\/155573","targetHints":{"allow":["GET"]}}],"collection":[{"href":"https:\/\/www.europesays.com\/de\/wp-json\/wp\/v2\/posts"}],"about":[{"href":"https:\/\/www.europesays.com\/de\/wp-json\/wp\/v2\/types\/post"}],"author":[{"embeddable":true,"href":"https:\/\/www.europesays.com\/de\/wp-json\/wp\/v2\/users\/2"}],"replies":[{"embeddable":true,"href":"https:\/\/www.europesays.com\/de\/wp-json\/wp\/v2\/comments?post=155573"}],"version-history":[{"count":0,"href":"https:\/\/www.europesays.com\/de\/wp-json\/wp\/v2\/posts\/155573\/revisions"}],"wp:featuredmedia":[{"embeddable":true,"href":"https:\/\/www.europesays.com\/de\/wp-json\/wp\/v2\/media\/155574"}],"wp:attachment":[{"href":"https:\/\/www.europesays.com\/de\/wp-json\/wp\/v2\/media?parent=155573"}],"wp:term":[{"taxonomy":"category","embeddable":true,"href":"https:\/\/www.europesays.com\/de\/wp-json\/wp\/v2\/categories?post=155573"},{"taxonomy":"post_tag","embeddable":true,"href":"https:\/\/www.europesays.com\/de\/wp-json\/wp\/v2\/tags?post=155573"}],"curies":[{"name":"wp","href":"https:\/\/api.w.org\/{rel}","templated":true}]}}