{"id":155589,"date":"2025-06-01T02:20:07","date_gmt":"2025-06-01T02:20:07","guid":{"rendered":"https:\/\/www.europesays.com\/de\/155589\/"},"modified":"2025-06-01T02:20:07","modified_gmt":"2025-06-01T02:20:07","slug":"grosseinsatz-in-hamburg-feuerwehr-evakuiert-klinikgebaeude","status":"publish","type":"post","link":"https:\/\/www.europesays.com\/de\/155589\/","title":{"rendered":"Gro\u00dfeinsatz in Hamburg: Feuerwehr evakuiert Klinikgeb\u00e4ude"},"content":{"rendered":"<p>Hamburg (dpa) &#8211; Teile des Marienkrankenhauses im Hamburger Stadtteil Hohenfelde werden derzeit wegen des &#8211; inzwischen gel\u00f6schten &#8211; Feuers in einem Klinikgeb\u00e4ude evakuiert. Die Rettungsma\u00dfnahmen seien noch nicht abgeschlossen, es gebe eine zweistellige Zahl an betroffenen Menschen, sagte ein Sprecher der Feuerwehr am fr\u00fchen Morgen, ohne n\u00e4here Details zu nennen. Ob es neben den drei best\u00e4tigten Toten auch Verletzte gebe, konnte er zun\u00e4chst nicht sagen. Bei allen Todesopfern handele es sich um Erwachsene.<\/p>\n<p>Der vom Brand im Erdgeschoss verursachte Rauch sei in alle vier Etagen des betroffenen Geb\u00e4udes gezogen, sagte der Sprecher. Auch die angrenzenden Geb\u00e4ude w\u00fcrden kontrolliert und die dortigen Patientinnen und Patienten untersucht.<\/p>\n<p>Das Feuer war den Angaben zufolge in der geriatrischen Abteilung des Krankenhauses ausgebrochen, die auf die Versorgung \u00e4lterer Patientinnen und Patienten spezialisiert ist. Anschlie\u00dfend schlugen die Flammen auf den ersten Stock \u00fcber.<\/p>\n","protected":false},"excerpt":{"rendered":"Hamburg (dpa) &#8211; Teile des Marienkrankenhauses im Hamburger Stadtteil Hohenfelde werden derzeit wegen des &#8211; inzwischen gel\u00f6schten &#8211;&hellip;\n","protected":false},"author":2,"featured_media":155590,"comment_status":"","ping_status":"","sticky":false,"template":"","format":"standard","meta":{"footnotes":""},"categories":[1843],"tags":[3364,29,987,30,692,8970,1209,4338],"class_list":{"0":"post-155589","1":"post","2":"type-post","3":"status-publish","4":"format-standard","5":"has-post-thumbnail","7":"category-muenster","8":"tag-de","9":"tag-deutschland","10":"tag-feuer","11":"tag-germany","12":"tag-hamburg","13":"tag-muenster","14":"tag-nordrhein-westfalen","15":"tag-notfall"},"share_on_mastodon":{"url":"https:\/\/pubeurope.com\/@de\/114605720963027054","error":""},"_links":{"self":[{"href":"https:\/\/www.europesays.com\/de\/wp-json\/wp\/v2\/posts\/155589","targetHints":{"allow":["GET"]}}],"collection":[{"href":"https:\/\/www.europesays.com\/de\/wp-json\/wp\/v2\/posts"}],"about":[{"href":"https:\/\/www.europesays.com\/de\/wp-json\/wp\/v2\/types\/post"}],"author":[{"embeddable":true,"href":"https:\/\/www.europesays.com\/de\/wp-json\/wp\/v2\/users\/2"}],"replies":[{"embeddable":true,"href":"https:\/\/www.europesays.com\/de\/wp-json\/wp\/v2\/comments?post=155589"}],"version-history":[{"count":0,"href":"https:\/\/www.europesays.com\/de\/wp-json\/wp\/v2\/posts\/155589\/revisions"}],"wp:featuredmedia":[{"embeddable":true,"href":"https:\/\/www.europesays.com\/de\/wp-json\/wp\/v2\/media\/155590"}],"wp:attachment":[{"href":"https:\/\/www.europesays.com\/de\/wp-json\/wp\/v2\/media?parent=155589"}],"wp:term":[{"taxonomy":"category","embeddable":true,"href":"https:\/\/www.europesays.com\/de\/wp-json\/wp\/v2\/categories?post=155589"},{"taxonomy":"post_tag","embeddable":true,"href":"https:\/\/www.europesays.com\/de\/wp-json\/wp\/v2\/tags?post=155589"}],"curies":[{"name":"wp","href":"https:\/\/api.w.org\/{rel}","templated":true}]}}