{"id":155614,"date":"2025-06-01T02:37:09","date_gmt":"2025-06-01T02:37:09","guid":{"rendered":"https:\/\/www.europesays.com\/de\/155614\/"},"modified":"2025-06-01T02:37:09","modified_gmt":"2025-06-01T02:37:09","slug":"sie-wurde-nur-neun-jahre-alt-wegen-toter-tochter-psg-fans-ruehren-coach-luis-enrique-zu-traenen","status":"publish","type":"post","link":"https:\/\/www.europesays.com\/de\/155614\/","title":{"rendered":"Sie wurde nur neun Jahre alt: Wegen toter Tochter: PSG-Fans r\u00fchren Coach Luis Enrique zu Tr\u00e4nen"},"content":{"rendered":"<p>                    Sie wurde nur neun Jahre alt<br \/>\n                Wegen toter Tochter: PSG-Fans r\u00fchren Coach Luis Enrique zu Tr\u00e4nen<\/p>\n<p>\t\t\t\t              31.05.2025, 23:48 Uhr<\/p>\n<p><strong>Paris St. Germain gewinnt die Champions League und besonders f\u00fcr Trainer Luis Enrique ist das ein emotionaler Triumph. Nach dem gro\u00dfen Sieg gedenkt er seiner Tochter Xana, die 2019 mit gerade einmal neun Jahren an einem b\u00f6sartigen Knochentumor gestorben war.<\/strong><\/p>\n<p>Luis Enrique holte aus einer T\u00fcte ein schwarzes T-Shirt. Darauf zu sehen: eine Zeichnung, die ihn mit seiner Tochter stilisierte. Dazu war eine Vereinsfahne von Paris Saint-Germain abgebildet. Nach dem Triumph in der Champions League gegen Inter Mailand (5:0) gedachte der PSG-Trainer emotional seiner Tochter Xana, die 2019 mit gerade einmal neun Jahren an einem b\u00f6sartigen Knochentumor gestorben war.<\/p>\n<p>Und nicht nur das: Nach dem Schlusspfiff enth\u00fcllten die PSG-Fans ein Riesenbanner, auf dem Enrique und seine Tochter zu sehen waren. Der PSG-Trainer beobachtete die Szene ber\u00fchrt und mit Tr\u00e4nen in den Augen. &#8222;Xana ist immer bei uns. Wir denken immer an sie, wir lieben sie. Wir tragen sie f\u00fcr immer im Herzen&#8220;, sagte der Asturier nach dem Spiel.<\/p>\n<p>Amt als spanischer Nationaltrainer niedergelegt<\/p>\n<p>R\u00fcckblende: Als Luis Enrique 2015 mit dem FC Barcelona die K\u00f6nigsklasse gewonnen hatte, tollte er mit der damals f\u00fcnfj\u00e4hrigen Xana im Mittelkreis des Berliner Olympiastadions herum und feierte mit ihr ausgelassen den Titel. Xana hatte ein blau-rotes Barca-Trikot an und eine Vereinsfahne in der Hand. Die ber\u00fchrenden Bilder von Vater und Tochter waren damals um die Welt gegangen. Deshalb war es auch ein besonderer Wunsch des Spaniers gewesen, seiner Tochter nach dem Sieg mit PSG auch in M\u00fcnchen auf diese besondere Art zu gedenken. <\/p>\n<p>Enrique hatte im M\u00e4rz 2019 sein Amt als spanischer Nationaltrainer niedergelegt, um nur noch f\u00fcr Xana und seine Familie da zu sein. F\u00fcnf Monate lang k\u00e4mpfte Xana gegen den Krebs. Vergeblich. &#8222;Du wirst der Stern sein, der unsere Familie leitet&#8220;, schrieb Enrique danach in den Sozialen Medien. Der fr\u00fchere Profi ist \u00fcberzeugt davon, dass ihn seine Tochter weiterhin begleitet. Sie werde &#8222;zwar nicht mehr physisch dabei sein, aber spirituell &#8211; und das ist f\u00fcr mich sehr wichtig&#8220;, sagte er.<\/p>\n<p>&#8222;Meine Mutter konnte es nach dem Tod nicht ertragen&#8220;<\/p>\n<p>In einer Doku hatte er sich \u00e4hnlich ge\u00e4u\u00dfert: &#8222;Meine Mutter konnte es nach dem Tod nicht ertragen, Fotos von Xana bei sich zu Hause zu haben. Ich habe ihr dann gesagt, dass das sein muss, weil Xana lebt. Wir sprechen jeden Tag von ihr, erinnern uns an sie und lachen. Denn ich bin \u00fcberzeugt, dass Xana uns weiterhin sieht.&#8220;<\/p>\n<p>Wie wichtig ihm der &#8222;Kontakt&#8220; zu seiner verstorbenen Tochter ist, war auch bei der WM 2022 in Katar zu sp\u00fcren gewesen. Vor dem Spiel seiner Spanier gegen Deutschland hatte Enrique betont: &#8222;Heute spielen wir nicht nur gegen Deutschland, heute ist auch ein ganz besonderer Tag, denn Xanita w\u00e4re 13 Jahre alt geworden. Amore, wo auch immer du bist, viele K\u00fcsse, hab einen tollen Tag, wir lieben dich.&#8220;<\/p>\n<p>Enrique war der unumstrittene Star nach dem Premierentriumph des franz\u00f6sischen Meisters. &#8222;Er hat alles ver\u00e4ndert. Er hat eine andere Art, Fu\u00dfball zu sehen. Nach all dem, was er erlebt hat, ist es gro\u00dfartig, dass er das erleben kann. Er verdient es wie kein anderer&#8220;, sagte der ehemalige Dortmunder Achraf Hakimi nach dem dominanten Auftritt, der eine starke K.-o.-Runde von PSG kr\u00f6nte.<\/p>\n","protected":false},"excerpt":{"rendered":"Sie wurde nur neun Jahre alt Wegen toter Tochter: PSG-Fans r\u00fchren Coach Luis Enrique zu Tr\u00e4nen 31.05.2025, 23:48&hellip;\n","protected":false},"author":2,"featured_media":155615,"comment_status":"","ping_status":"","sticky":false,"template":"","format":"standard","meta":{"footnotes":""},"categories":[5],"tags":[331,332,468,3364,29,347,30,13,14,15,12836,12],"class_list":{"0":"post-155614","1":"post","2":"type-post","3":"status-publish","4":"format-standard","5":"has-post-thumbnail","7":"category-nachrichten","8":"tag-aktuelle-nachrichten","9":"tag-aktuelle-news","10":"tag-champions-league","11":"tag-de","12":"tag-deutschland","13":"tag-fussball","14":"tag-germany","15":"tag-headlines","16":"tag-nachrichten","17":"tag-news","18":"tag-paris-st-germain","19":"tag-schlagzeilen"},"share_on_mastodon":{"url":"https:\/\/pubeurope.com\/@de\/114605788077701558","error":""},"_links":{"self":[{"href":"https:\/\/www.europesays.com\/de\/wp-json\/wp\/v2\/posts\/155614","targetHints":{"allow":["GET"]}}],"collection":[{"href":"https:\/\/www.europesays.com\/de\/wp-json\/wp\/v2\/posts"}],"about":[{"href":"https:\/\/www.europesays.com\/de\/wp-json\/wp\/v2\/types\/post"}],"author":[{"embeddable":true,"href":"https:\/\/www.europesays.com\/de\/wp-json\/wp\/v2\/users\/2"}],"replies":[{"embeddable":true,"href":"https:\/\/www.europesays.com\/de\/wp-json\/wp\/v2\/comments?post=155614"}],"version-history":[{"count":0,"href":"https:\/\/www.europesays.com\/de\/wp-json\/wp\/v2\/posts\/155614\/revisions"}],"wp:featuredmedia":[{"embeddable":true,"href":"https:\/\/www.europesays.com\/de\/wp-json\/wp\/v2\/media\/155615"}],"wp:attachment":[{"href":"https:\/\/www.europesays.com\/de\/wp-json\/wp\/v2\/media?parent=155614"}],"wp:term":[{"taxonomy":"category","embeddable":true,"href":"https:\/\/www.europesays.com\/de\/wp-json\/wp\/v2\/categories?post=155614"},{"taxonomy":"post_tag","embeddable":true,"href":"https:\/\/www.europesays.com\/de\/wp-json\/wp\/v2\/tags?post=155614"}],"curies":[{"name":"wp","href":"https:\/\/api.w.org\/{rel}","templated":true}]}}