{"id":155629,"date":"2025-06-01T02:46:18","date_gmt":"2025-06-01T02:46:18","guid":{"rendered":"https:\/\/www.europesays.com\/de\/155629\/"},"modified":"2025-06-01T02:46:18","modified_gmt":"2025-06-01T02:46:18","slug":"weltausstellung-in-hannover-hannover-feiert-25-jahrestag-der-expo","status":"publish","type":"post","link":"https:\/\/www.europesays.com\/de\/155629\/","title":{"rendered":"Weltausstellung in Hannover: Hannover feiert 25. Jahrestag der Expo"},"content":{"rendered":"<p class=\"paragraph article__item\"><a class=\"rtr-entity\" href=\"https:\/\/www.zeit.de\/thema\/hannover\" target=\"_blank\" rel=\"noopener\">Hannover<\/a> feiert mit einem Festwochenende den 25. Jahrestag der Weltausstellung Expo 2000. Auf dem fr\u00fcheren Expo-Gel\u00e4nde, das heute ein Gewerbepark ist, \u00f6ffneten Pavillons ihre T\u00fcren und lockten bei sonnigem Wetter Besucher auf das Gel\u00e4nde. Unter dem Motto \u00ab#Expo2000Revisited\u00bb wird das Jubil\u00e4um noch bis Sonntag mit Partys, Vortr\u00e4ge, Ausstellungen und Live-Musik gefeiert.\u00a0\n<\/p>\n<p>Aktuelles<\/p>\n<p>                <a href=\"https:\/\/www.zeit.de\/politik\/2025-05\/verfassungsschutz-afd-rechtsextremismus-nachrichtenpodcast\" data-ct-label=\"Nachrichtenpodcast: Eine Einstufung und ihre Folgen\" target=\"_blank\" rel=\"noopener\"><\/p>\n<p>                        Nachrichtenpodcast:<br \/>\n                        Eine Einstufung und ihre Folgen<\/p>\n<p>                <\/a><\/p>\n<p>                <a href=\"https:\/\/www.zeit.de\/politik\/deutschland\/2025-05\/olaf-scholz-neuengamme-europa-gedenkveranstaltung-kz\" data-ct-label=\"Olaf Scholz: Scholz warnt vor Einfluss von Autokraten und Extremisten in Europa\" target=\"_blank\" rel=\"noopener\"><\/p>\n<p>                        Olaf Scholz:<br \/>\n                        Scholz warnt vor Einfluss von Autokraten und Extremisten in Europa<\/p>\n<p>                <\/a><\/p>\n<p>                <a href=\"https:\/\/www.zeit.de\/2025\/23\/nsu-dokumentationszentrum-chemnitz-rechtsterrorismus-rassismus\" data-ct-label=\"NSU-Dokumentationszentrum: In unserer Mitte\" target=\"_blank\" rel=\"noopener\"><\/p>\n<p>        Z+ (abopflichtiger Inhalt);<\/p>\n<p>    NSU-Dokumentationszentrum:<br \/>\n                        In unserer Mitte<\/p>\n<p>                <\/a><\/p>\n<p class=\"paragraph article__item\">Die Veranstalter zeigten sich nach der Er\u00f6ffnung zufrieden. \u00abEs ist rappelvoll\u00bb, sagte ein Sprecher des <a class=\"rtr-entity\" href=\"https:\/\/www.zeit.de\/thema\/expo\" target=\"_blank\" rel=\"noopener\">Expo<\/a> Park Vereins. \u00abDie Leute st\u00fcrmen die Pavillons.\u00bb Bis Sonntag rechnen die Veranstalter mit 30.000 Besuchern.\n<\/p>\n<p class=\"paragraph article__item\">Am 1. Juni 2000 hatte in Hannover die <a class=\"rtr-entity\" href=\"https:\/\/www.zeit.de\/thema\/weltausstellung\" target=\"_blank\" rel=\"noopener\">Weltausstellung<\/a> begonnen. 150 L\u00e4nder pr\u00e4sentierten sich auf dem 160 Hektar gro\u00dfen Gel\u00e4nde im S\u00fcden von Hannover. F\u00fcnf Monate dauerte die Schau und zog bis 31. Oktober 2000 18,1 Millionen Besucher an.\u00a0\n<\/p>\n<p class=\"paragraph article__item\">\u00abMensch-Natur-Technik\u00bb hie\u00df das damalige Motto der Weltausstellung &#8211; das Messegel\u00e4nde wurde einbezogen, um Nachhaltigkeit zu sichern. Es gab aber auch viel Kritik: an mangelnder Nachnutzung, hohen Kosten und geringen Besucherzahlen. Nicht immer gelang eine Nachnutzung: Pavillons gerieten teils in Brand, wurden abgerissen oder stehen bis heute leer.\n<\/p>\n<p class=\"paragraph article__item\">\u00a9 dpa-infocom, dpa:250531-930-613388\/2<\/p>\n","protected":false},"excerpt":{"rendered":"Hannover feiert mit einem Festwochenende den 25. Jahrestag der Weltausstellung Expo 2000. Auf dem fr\u00fcheren Expo-Gel\u00e4nde, das heute&hellip;\n","protected":false},"author":2,"featured_media":155630,"comment_status":"","ping_status":"","sticky":false,"template":"","format":"standard","meta":{"footnotes":""},"categories":[1836],"tags":[3364,29,40602,54812,30,46,9160,15,1411,53661,54811,1973],"class_list":{"0":"post-155629","1":"post","2":"type-post","3":"status-publish","4":"format-standard","5":"has-post-thumbnail","7":"category-hannover","8":"tag-de","9":"tag-deutschland","10":"tag-expo","11":"tag-festwochenende","12":"tag-germany","13":"tag-hannover","14":"tag-jahrestag","15":"tag-news","16":"tag-niedersachsen","17":"tag-weltausstellung","18":"tag-weltausstellung-in-hannover","19":"tag-wetter"},"share_on_mastodon":{"url":"https:\/\/pubeurope.com\/@de\/114605823526206589","error":""},"_links":{"self":[{"href":"https:\/\/www.europesays.com\/de\/wp-json\/wp\/v2\/posts\/155629","targetHints":{"allow":["GET"]}}],"collection":[{"href":"https:\/\/www.europesays.com\/de\/wp-json\/wp\/v2\/posts"}],"about":[{"href":"https:\/\/www.europesays.com\/de\/wp-json\/wp\/v2\/types\/post"}],"author":[{"embeddable":true,"href":"https:\/\/www.europesays.com\/de\/wp-json\/wp\/v2\/users\/2"}],"replies":[{"embeddable":true,"href":"https:\/\/www.europesays.com\/de\/wp-json\/wp\/v2\/comments?post=155629"}],"version-history":[{"count":0,"href":"https:\/\/www.europesays.com\/de\/wp-json\/wp\/v2\/posts\/155629\/revisions"}],"wp:featuredmedia":[{"embeddable":true,"href":"https:\/\/www.europesays.com\/de\/wp-json\/wp\/v2\/media\/155630"}],"wp:attachment":[{"href":"https:\/\/www.europesays.com\/de\/wp-json\/wp\/v2\/media?parent=155629"}],"wp:term":[{"taxonomy":"category","embeddable":true,"href":"https:\/\/www.europesays.com\/de\/wp-json\/wp\/v2\/categories?post=155629"},{"taxonomy":"post_tag","embeddable":true,"href":"https:\/\/www.europesays.com\/de\/wp-json\/wp\/v2\/tags?post=155629"}],"curies":[{"name":"wp","href":"https:\/\/api.w.org\/{rel}","templated":true}]}}